{"id":1219,"date":"2024-07-24T08:08:17","date_gmt":"2024-07-24T08:08:17","guid":{"rendered":"https:\/\/digesco.com\/?p=1219"},"modified":"2024-07-24T08:08:17","modified_gmt":"2024-07-24T08:08:17","slug":"cocinas-abiertas-pros-de-integrar-tu-cocina-con-el-salon","status":"publish","type":"post","link":"https:\/\/digesco.com\/es\/cocinas-abiertas-pros-de-integrar-tu-cocina-con-el-salon\/","title":{"rendered":"Cocinas abiertas: Pros de integrar tu cocina con el sal\u00f3n"},"content":{"rendered":"<div class=\"flex-1 overflow-hidden\">\n<div class=\"h-full\">\n<div class=\"react-scroll-to-bottom--css-iuypq-79elbk h-full\">\n<div class=\"react-scroll-to-bottom--css-iuypq-1n7m0yu\">\n<div class=\"flex flex-col text-sm md:pb-9\">\n<div class=\"w-full text-token-text-primary\" dir=\"auto\" data-testid=\"conversation-turn-11\" data-scroll-anchor=\"true\">\n<div class=\"text-base py-[18px] px-3 md:px-4 m-auto md:px-5 lg:px-1 xl:px-5\">\n<div class=\"mx-auto flex flex-1 gap-4 text-base md:gap-5 lg:gap-6 md:max-w-3xl lg:max-w-[40rem] xl:max-w-[48rem]\">\n<div class=\"group\/conversation-turn relative flex w-full min-w-0 flex-col agent-turn\">\n<div class=\"flex-col gap-1 md:gap-3\">\n<div class=\"flex flex-grow flex-col max-w-full\">\n<div class=\"min-h-[20px] text-message flex w-full flex-col items-end gap-2 whitespace-pre-wrap break-words [.text-message+&amp;]:mt-5 overflow-x-auto\" dir=\"auto\" data-message-author-role=\"assistant\" data-message-id=\"541e19aa-67a7-4c9f-8992-5fccbb3d9908\">\n<div class=\"flex w-full flex-col gap-1 empty:hidden first:pt-[3px]\">\n<div class=\"markdown prose w-full break-words dark:prose-invert light\">\n<h3><strong>Ventajas de una cocina abierta para un hogar moderno y funcional<\/strong><\/h3>\n<p>La idea de una cocina abierta, integrada con el sal\u00f3n, ha ganado popularidad en los \u00faltimos a\u00f1os. Este dise\u00f1o no solo aporta un aire moderno a la casa, sino que tambi\u00e9n ofrece numerosas ventajas en t\u00e9rminos de funcionalidad y est\u00e9tica. En una <a href=\"https:\/\/digesco.com\/es\/reforma-cocina-sabadell\/\"><strong>reforma de cocina en Sabadell<\/strong><\/a>, considerar una cocina abierta puede transformar completamente el espacio, creando un ambiente acogedor y eficiente. A continuaci\u00f3n, exploramos los principales beneficios de optar por una cocina abierta.<\/p>\n<p><img fetchpriority=\"high\" decoding=\"async\" class=\"size-full wp-image-1220 aligncenter\" src=\"https:\/\/digesco.com\/wp-content\/uploads\/2024\/07\/reforma-cocina-sabadell.jpg\" alt=\"\" width=\"900\" height=\"600\" srcset=\"https:\/\/digesco.com\/wp-content\/uploads\/2024\/07\/reforma-cocina-sabadell.jpg 900w, https:\/\/digesco.com\/wp-content\/uploads\/2024\/07\/reforma-cocina-sabadell-300x200.jpg 300w, https:\/\/digesco.com\/wp-content\/uploads\/2024\/07\/reforma-cocina-sabadell-768x512.jpg 768w, https:\/\/digesco.com\/wp-content\/uploads\/2024\/07\/reforma-cocina-sabadell-18x12.jpg 18w\" sizes=\"(max-width: 900px) 100vw, 900px\" \/><\/p>\n<h3>Mayor sensaci\u00f3n de espacio<\/h3>\n<p>Uno de los beneficios m\u00e1s evidentes de una cocina abierta es la sensaci\u00f3n de amplitud que proporciona. Al eliminar las paredes que separan la cocina del sal\u00f3n, se crea un espacio m\u00e1s grande y aireado. Esto es especialmente \u00fatil en casas o apartamentos peque\u00f1os, donde cada metro cuadrado cuenta. Durante una <strong>reforma de cocina en Sabadell<\/strong>, abrir la cocina al sal\u00f3n puede hacer que el \u00e1rea parezca significativamente m\u00e1s grande, mejorando la fluidez y la funcionalidad del espacio.<\/p>\n<h3>Facilitaci\u00f3n de la interacci\u00f3n social<\/h3>\n<p>En una cocina abierta, la interacci\u00f3n social se ve enormemente facilitada. Cocinar ya no es una actividad solitaria, sino que se convierte en una experiencia compartida. Puedes preparar la comida mientras conversas con la familia o los invitados en el sal\u00f3n, lo que fomenta la convivencia y hace que los momentos en casa sean m\u00e1s agradables. Esta integraci\u00f3n es especialmente beneficiosa durante eventos y reuniones, ya que permite al anfitri\u00f3n estar presente y participar activamente en la conversaci\u00f3n.<\/p>\n<h3>Mejor iluminaci\u00f3n natural<\/h3>\n<p>Al unir la cocina con el sal\u00f3n, la luz natural puede fluir libremente a trav\u00e9s del espacio, creando un ambiente m\u00e1s luminoso y acogedor. En muchos casos, los salones tienen ventanas m\u00e1s grandes que las cocinas, por lo que la luz natural se distribuye mejor en una cocina abierta. Durante una <strong>reforma de cocina en Sabadell<\/strong>, aprovechar la iluminaci\u00f3n natural puede reducir la necesidad de iluminaci\u00f3n artificial durante el d\u00eda, lo que adem\u00e1s de ser est\u00e9ticamente agradable, tambi\u00e9n es energ\u00e9ticamente eficiente.<\/p>\n<p><img decoding=\"async\" class=\"size-full wp-image-1221 aligncenter\" src=\"https:\/\/digesco.com\/wp-content\/uploads\/2024\/07\/reforma-cocina-sabadell-1.jpg\" alt=\"\" width=\"900\" height=\"600\" srcset=\"https:\/\/digesco.com\/wp-content\/uploads\/2024\/07\/reforma-cocina-sabadell-1.jpg 900w, https:\/\/digesco.com\/wp-content\/uploads\/2024\/07\/reforma-cocina-sabadell-1-300x200.jpg 300w, https:\/\/digesco.com\/wp-content\/uploads\/2024\/07\/reforma-cocina-sabadell-1-768x512.jpg 768w, https:\/\/digesco.com\/wp-content\/uploads\/2024\/07\/reforma-cocina-sabadell-1-18x12.jpg 18w\" sizes=\"(max-width: 900px) 100vw, 900px\" \/><\/p>\n<h3>Mayor flexibilidad en el dise\u00f1o<\/h3>\n<p>Las cocinas abiertas ofrecen una mayor flexibilidad en t\u00e9rminos de dise\u00f1o y decoraci\u00f3n. Sin paredes que limiten el espacio, tienes m\u00e1s opciones para organizar y decorar tanto la cocina como el sal\u00f3n. Puedes optar por un dise\u00f1o cohesivo que unifique ambos espacios, utilizando colores y materiales complementarios, o puedes crear un contraste interesante que a\u00f1ada dinamismo al hogar. Esta flexibilidad tambi\u00e9n permite una mejor adaptaci\u00f3n a las necesidades y preferencias personales.<\/p>\n<h3>Valor a\u00f1adido a la vivienda<\/h3>\n<p>Integrar la cocina con el sal\u00f3n puede aumentar el valor de la vivienda. Los compradores modernos a menudo buscan espacios abiertos y multifuncionales, por lo que una cocina abierta puede hacer tu hogar m\u00e1s atractivo en el mercado inmobiliario. En una <strong>reforma de cocina en Sabadell<\/strong>, considerar este dise\u00f1o no solo mejora la calidad de vida diaria, sino que tambi\u00e9n puede ser una inversi\u00f3n inteligente a largo plazo.<\/p>\n<h3>Facilita la supervisi\u00f3n de los ni\u00f1os<\/h3>\n<p>Para las familias con ni\u00f1os peque\u00f1os, una cocina abierta permite una mejor supervisi\u00f3n. Mientras cocinas, puedes vigilar a los ni\u00f1os mientras juegan o hacen la tarea en el sal\u00f3n. Esta proximidad tambi\u00e9n fomenta la interacci\u00f3n familiar y permite a los padres estar m\u00e1s involucrados en las actividades diarias de sus hijos.<\/p>\n<h3>Optimizaci\u00f3n del espacio de almacenamiento<\/h3>\n<p>Sin las restricciones de las paredes, las cocinas abiertas pueden optimizar el espacio de almacenamiento. Se pueden instalar islas o pen\u00ednsulas con armarios y cajones adicionales, proporcionando un almacenamiento pr\u00e1ctico y accesible. Durante una reforma de cocina, esta optimizaci\u00f3n es clave para mantener un espacio ordenado y funcional.<\/p>\n<h3><img decoding=\"async\" class=\"size-full wp-image-1222 aligncenter\" src=\"https:\/\/digesco.com\/wp-content\/uploads\/2024\/07\/reforma-cocina-sabadell-2.jpg\" alt=\"\" width=\"900\" height=\"600\" srcset=\"https:\/\/digesco.com\/wp-content\/uploads\/2024\/07\/reforma-cocina-sabadell-2.jpg 900w, https:\/\/digesco.com\/wp-content\/uploads\/2024\/07\/reforma-cocina-sabadell-2-300x200.jpg 300w, https:\/\/digesco.com\/wp-content\/uploads\/2024\/07\/reforma-cocina-sabadell-2-768x512.jpg 768w, https:\/\/digesco.com\/wp-content\/uploads\/2024\/07\/reforma-cocina-sabadell-2-18x12.jpg 18w\" sizes=\"(max-width: 900px) 100vw, 900px\" \/><\/h3>\n<p>La integraci\u00f3n de la cocina con el sal\u00f3n ofrece numerosos beneficios, desde una mayor sensaci\u00f3n de espacio y mejor iluminaci\u00f3n natural hasta una interacci\u00f3n social m\u00e1s f\u00e1cil y un aumento en el valor de la vivienda. En una <strong>reforma de cocina en Sabadell<\/strong>, considerar una cocina abierta puede transformar el hogar en un espacio moderno, funcional y acogedor. Al evaluar las ventajas, queda claro que una cocina abierta no solo mejora la est\u00e9tica, sino tambi\u00e9n la funcionalidad y la calidad de vida en el hogar.<\/p>\n<\/div>\n<\/div>\n<\/div>\n<\/div>\n<\/div>\n<\/div>\n<\/div>\n<\/div>\n<\/div>\n<\/div>\n<\/div>\n<\/div>\n<\/div>\n<\/div>","protected":false},"excerpt":{"rendered":"<p>Ventajas de una cocina abierta para un hogar moderno y funcional La idea de una cocina abierta, integrada con el sal\u00f3n, ha ganado popularidad en los \u00faltimos a\u00f1os. Este dise\u00f1o no solo aporta un aire moderno a la casa, sino que tambi\u00e9n ofrece numerosas ventajas en t\u00e9rminos de funcionalidad y est\u00e9tica. En una reforma de&hellip;&nbsp;<a href=\"https:\/\/digesco.com\/es\/cocinas-abiertas-pros-de-integrar-tu-cocina-con-el-salon\/\" rel=\"bookmark\"><span class=\"screen-reader-text\">Cocinas abiertas: Pros de integrar tu cocina con el sal\u00f3n<\/span><\/a><\/p>","protected":false},"author":3,"featured_media":1223,"comment_status":"open","ping_status":"open","sticky":false,"template":"","format":"standard","meta":{"neve_meta_sidebar":"","neve_meta_container":"","neve_meta_enable_content_width":"off","neve_meta_content_width":70,"neve_meta_title_alignment":"","neve_meta_author_avatar":"","neve_post_elements_order":"","neve_meta_disable_header":"","neve_meta_disable_footer":"","neve_meta_disable_title":"","_joinchat":[],"footnotes":""},"categories":[11],"tags":[29],"class_list":["post-1219","post","type-post","status-publish","format-standard","has-post-thumbnail","hentry","category-reformas-cocina","tag-reforma-de-cocina-en-sabadell"],"yoast_head":"<!-- This site is optimized with the Yoast SEO plugin v26.9 - https:\/\/yoast.com\/product\/yoast-seo-wordpress\/ -->\n<title>Cocinas abiertas: Pros de integrar tu cocina con el sal\u00f3n - Digesco | Empresa de Reformas<\/title>\n<meta name=\"description\" content=\"Descubre los beneficios de integrar tu cocina con el sal\u00f3n durante una reforma de cocina en Sabadell. Espacio, luz y convivencia.\" \/>\n<meta name=\"robots\" content=\"index, follow, max-snippet:-1, max-image-preview:large, max-video-preview:-1\" \/>\n<link rel=\"canonical\" href=\"https:\/\/digesco.com\/es\/cocinas-abiertas-pros-de-integrar-tu-cocina-con-el-salon\/\" \/>\n<meta property=\"og:locale\" content=\"es_ES\" \/>\n<meta property=\"og:type\" content=\"article\" \/>\n<meta property=\"og:title\" content=\"Cocinas abiertas: Pros de integrar tu cocina con el sal\u00f3n - Digesco | Empresa de Reformas\" \/>\n<meta property=\"og:description\" content=\"Descubre los beneficios de integrar tu cocina con el sal\u00f3n durante una reforma de cocina en Sabadell. Espacio, luz y convivencia.\" \/>\n<meta property=\"og:url\" content=\"https:\/\/digesco.com\/es\/cocinas-abiertas-pros-de-integrar-tu-cocina-con-el-salon\/\" \/>\n<meta property=\"og:site_name\" content=\"Digesco | Empresa de Reformas\" \/>\n<meta property=\"article:published_time\" content=\"2024-07-24T08:08:17+00:00\" \/>\n<meta property=\"og:image\" content=\"https:\/\/digesco.com\/wp-content\/uploads\/2024\/07\/reforma-cocina-sabadell-3.jpg\" \/>\n\t<meta property=\"og:image:width\" content=\"900\" \/>\n\t<meta property=\"og:image:height\" content=\"600\" \/>\n\t<meta property=\"og:image:type\" content=\"image\/jpeg\" \/>\n<meta name=\"author\" content=\"antonio\" \/>\n<meta name=\"twitter:card\" content=\"summary_large_image\" \/>\n<meta name=\"twitter:label1\" content=\"Escrito por\" \/>\n\t<meta name=\"twitter:data1\" content=\"antonio\" \/>\n\t<meta name=\"twitter:label2\" content=\"Tiempo de lectura\" \/>\n\t<meta name=\"twitter:data2\" content=\"4 minutos\" \/>\n<script type=\"application\/ld+json\" class=\"yoast-schema-graph\">{\"@context\":\"https:\/\/schema.org\",\"@graph\":[{\"@type\":\"Article\",\"@id\":\"https:\/\/digesco.com\/cocinas-abiertas-pros-de-integrar-tu-cocina-con-el-salon\/#article\",\"isPartOf\":{\"@id\":\"https:\/\/digesco.com\/cocinas-abiertas-pros-de-integrar-tu-cocina-con-el-salon\/\"},\"author\":{\"name\":\"antonio\",\"@id\":\"https:\/\/digesco.com\/es\/#\/schema\/person\/77c24b7959ee8bf38c078c4c9cfd230a\"},\"headline\":\"Cocinas abiertas: Pros de integrar tu cocina con el sal\u00f3n\",\"datePublished\":\"2024-07-24T08:08:17+00:00\",\"mainEntityOfPage\":{\"@id\":\"https:\/\/digesco.com\/cocinas-abiertas-pros-de-integrar-tu-cocina-con-el-salon\/\"},\"wordCount\":763,\"commentCount\":0,\"image\":{\"@id\":\"https:\/\/digesco.com\/cocinas-abiertas-pros-de-integrar-tu-cocina-con-el-salon\/#primaryimage\"},\"thumbnailUrl\":\"https:\/\/digesco.com\/wp-content\/uploads\/2024\/07\/reforma-cocina-sabadell-3.jpg\",\"keywords\":[\"reforma de cocina en Sabadell\"],\"articleSection\":[\"reformas cocina\"],\"inLanguage\":\"es\",\"potentialAction\":[{\"@type\":\"CommentAction\",\"name\":\"Comment\",\"target\":[\"https:\/\/digesco.com\/cocinas-abiertas-pros-de-integrar-tu-cocina-con-el-salon\/#respond\"]}]},{\"@type\":\"WebPage\",\"@id\":\"https:\/\/digesco.com\/cocinas-abiertas-pros-de-integrar-tu-cocina-con-el-salon\/\",\"url\":\"https:\/\/digesco.com\/cocinas-abiertas-pros-de-integrar-tu-cocina-con-el-salon\/\",\"name\":\"Cocinas abiertas: Pros de integrar tu cocina con el sal\u00f3n - Digesco | Empresa de Reformas\",\"isPartOf\":{\"@id\":\"https:\/\/digesco.com\/es\/#website\"},\"primaryImageOfPage\":{\"@id\":\"https:\/\/digesco.com\/cocinas-abiertas-pros-de-integrar-tu-cocina-con-el-salon\/#primaryimage\"},\"image\":{\"@id\":\"https:\/\/digesco.com\/cocinas-abiertas-pros-de-integrar-tu-cocina-con-el-salon\/#primaryimage\"},\"thumbnailUrl\":\"https:\/\/digesco.com\/wp-content\/uploads\/2024\/07\/reforma-cocina-sabadell-3.jpg\",\"datePublished\":\"2024-07-24T08:08:17+00:00\",\"author\":{\"@id\":\"https:\/\/digesco.com\/es\/#\/schema\/person\/77c24b7959ee8bf38c078c4c9cfd230a\"},\"description\":\"Descubre los beneficios de integrar tu cocina con el sal\u00f3n durante una reforma de cocina en Sabadell. Espacio, luz y convivencia.\",\"breadcrumb\":{\"@id\":\"https:\/\/digesco.com\/cocinas-abiertas-pros-de-integrar-tu-cocina-con-el-salon\/#breadcrumb\"},\"inLanguage\":\"es\",\"potentialAction\":[{\"@type\":\"ReadAction\",\"target\":[\"https:\/\/digesco.com\/cocinas-abiertas-pros-de-integrar-tu-cocina-con-el-salon\/\"]}]},{\"@type\":\"ImageObject\",\"inLanguage\":\"es\",\"@id\":\"https:\/\/digesco.com\/cocinas-abiertas-pros-de-integrar-tu-cocina-con-el-salon\/#primaryimage\",\"url\":\"https:\/\/digesco.com\/wp-content\/uploads\/2024\/07\/reforma-cocina-sabadell-3.jpg\",\"contentUrl\":\"https:\/\/digesco.com\/wp-content\/uploads\/2024\/07\/reforma-cocina-sabadell-3.jpg\",\"width\":900,\"height\":600},{\"@type\":\"BreadcrumbList\",\"@id\":\"https:\/\/digesco.com\/cocinas-abiertas-pros-de-integrar-tu-cocina-con-el-salon\/#breadcrumb\",\"itemListElement\":[{\"@type\":\"ListItem\",\"position\":1,\"name\":\"Portada\",\"item\":\"https:\/\/digesco.com\/es\/\"},{\"@type\":\"ListItem\",\"position\":2,\"name\":\"Cocinas abiertas: Pros de integrar tu cocina con el sal\u00f3n\"}]},{\"@type\":\"WebSite\",\"@id\":\"https:\/\/digesco.com\/es\/#website\",\"url\":\"https:\/\/digesco.com\/es\/\",\"name\":\"Digesco | Empresa de Reformas\",\"description\":\"Empresa especializada y dedicada al mundo de la construcci\u00f3n, con trabajos tanto en el \u00e1mbito p\u00fablico como privado. En digesco ofrecemos un servicio integral para la construcci\u00f3n\",\"potentialAction\":[{\"@type\":\"SearchAction\",\"target\":{\"@type\":\"EntryPoint\",\"urlTemplate\":\"https:\/\/digesco.com\/es\/?s={search_term_string}\"},\"query-input\":{\"@type\":\"PropertyValueSpecification\",\"valueRequired\":true,\"valueName\":\"search_term_string\"}}],\"inLanguage\":\"es\"},{\"@type\":\"Person\",\"@id\":\"https:\/\/digesco.com\/es\/#\/schema\/person\/77c24b7959ee8bf38c078c4c9cfd230a\",\"name\":\"antonio\",\"image\":{\"@type\":\"ImageObject\",\"inLanguage\":\"es\",\"@id\":\"https:\/\/digesco.com\/es\/#\/schema\/person\/image\/\",\"url\":\"https:\/\/secure.gravatar.com\/avatar\/4a975ccc4ed7cba40825aef14a7464195a9371791d71c61abbe22f7854b4ef21?s=96&d=mm&r=g\",\"contentUrl\":\"https:\/\/secure.gravatar.com\/avatar\/4a975ccc4ed7cba40825aef14a7464195a9371791d71c61abbe22f7854b4ef21?s=96&d=mm&r=g\",\"caption\":\"antonio\"},\"url\":\"https:\/\/digesco.com\/es\/author\/antonio\/\"}]}<\/script>\n<!-- \/ Yoast SEO plugin. -->","yoast_head_json":{"title":"Cocinas abiertas: Pros de integrar tu cocina con el sal\u00f3n - Digesco | Empresa de Reformas","description":"Descubre los beneficios de integrar tu cocina con el sal\u00f3n durante una reforma de cocina en Sabadell. Espacio, luz y convivencia.","robots":{"index":"index","follow":"follow","max-snippet":"max-snippet:-1","max-image-preview":"max-image-preview:large","max-video-preview":"max-video-preview:-1"},"canonical":"https:\/\/digesco.com\/es\/cocinas-abiertas-pros-de-integrar-tu-cocina-con-el-salon\/","og_locale":"es_ES","og_type":"article","og_title":"Cocinas abiertas: Pros de integrar tu cocina con el sal\u00f3n - Digesco | Empresa de Reformas","og_description":"Descubre los beneficios de integrar tu cocina con el sal\u00f3n durante una reforma de cocina en Sabadell. Espacio, luz y convivencia.","og_url":"https:\/\/digesco.com\/es\/cocinas-abiertas-pros-de-integrar-tu-cocina-con-el-salon\/","og_site_name":"Digesco | Empresa de Reformas","article_published_time":"2024-07-24T08:08:17+00:00","og_image":[{"width":900,"height":600,"url":"https:\/\/digesco.com\/wp-content\/uploads\/2024\/07\/reforma-cocina-sabadell-3.jpg","type":"image\/jpeg"}],"author":"antonio","twitter_card":"summary_large_image","twitter_misc":{"Escrito por":"antonio","Tiempo de lectura":"4 minutos"},"schema":{"@context":"https:\/\/schema.org","@graph":[{"@type":"Article","@id":"https:\/\/digesco.com\/cocinas-abiertas-pros-de-integrar-tu-cocina-con-el-salon\/#article","isPartOf":{"@id":"https:\/\/digesco.com\/cocinas-abiertas-pros-de-integrar-tu-cocina-con-el-salon\/"},"author":{"name":"antonio","@id":"https:\/\/digesco.com\/es\/#\/schema\/person\/77c24b7959ee8bf38c078c4c9cfd230a"},"headline":"Cocinas abiertas: Pros de integrar tu cocina con el sal\u00f3n","datePublished":"2024-07-24T08:08:17+00:00","mainEntityOfPage":{"@id":"https:\/\/digesco.com\/cocinas-abiertas-pros-de-integrar-tu-cocina-con-el-salon\/"},"wordCount":763,"commentCount":0,"image":{"@id":"https:\/\/digesco.com\/cocinas-abiertas-pros-de-integrar-tu-cocina-con-el-salon\/#primaryimage"},"thumbnailUrl":"https:\/\/digesco.com\/wp-content\/uploads\/2024\/07\/reforma-cocina-sabadell-3.jpg","keywords":["reforma de cocina en Sabadell"],"articleSection":["reformas cocina"],"inLanguage":"es","potentialAction":[{"@type":"CommentAction","name":"Comment","target":["https:\/\/digesco.com\/cocinas-abiertas-pros-de-integrar-tu-cocina-con-el-salon\/#respond"]}]},{"@type":"WebPage","@id":"https:\/\/digesco.com\/cocinas-abiertas-pros-de-integrar-tu-cocina-con-el-salon\/","url":"https:\/\/digesco.com\/cocinas-abiertas-pros-de-integrar-tu-cocina-con-el-salon\/","name":"Cocinas abiertas: Pros de integrar tu cocina con el sal\u00f3n - Digesco | Empresa de Reformas","isPartOf":{"@id":"https:\/\/digesco.com\/es\/#website"},"primaryImageOfPage":{"@id":"https:\/\/digesco.com\/cocinas-abiertas-pros-de-integrar-tu-cocina-con-el-salon\/#primaryimage"},"image":{"@id":"https:\/\/digesco.com\/cocinas-abiertas-pros-de-integrar-tu-cocina-con-el-salon\/#primaryimage"},"thumbnailUrl":"https:\/\/digesco.com\/wp-content\/uploads\/2024\/07\/reforma-cocina-sabadell-3.jpg","datePublished":"2024-07-24T08:08:17+00:00","author":{"@id":"https:\/\/digesco.com\/es\/#\/schema\/person\/77c24b7959ee8bf38c078c4c9cfd230a"},"description":"Descubre los beneficios de integrar tu cocina con el sal\u00f3n durante una reforma de cocina en Sabadell. Espacio, luz y convivencia.","breadcrumb":{"@id":"https:\/\/digesco.com\/cocinas-abiertas-pros-de-integrar-tu-cocina-con-el-salon\/#breadcrumb"},"inLanguage":"es","potentialAction":[{"@type":"ReadAction","target":["https:\/\/digesco.com\/cocinas-abiertas-pros-de-integrar-tu-cocina-con-el-salon\/"]}]},{"@type":"ImageObject","inLanguage":"es","@id":"https:\/\/digesco.com\/cocinas-abiertas-pros-de-integrar-tu-cocina-con-el-salon\/#primaryimage","url":"https:\/\/digesco.com\/wp-content\/uploads\/2024\/07\/reforma-cocina-sabadell-3.jpg","contentUrl":"https:\/\/digesco.com\/wp-content\/uploads\/2024\/07\/reforma-cocina-sabadell-3.jpg","width":900,"height":600},{"@type":"BreadcrumbList","@id":"https:\/\/digesco.com\/cocinas-abiertas-pros-de-integrar-tu-cocina-con-el-salon\/#breadcrumb","itemListElement":[{"@type":"ListItem","position":1,"name":"Portada","item":"https:\/\/digesco.com\/es\/"},{"@type":"ListItem","position":2,"name":"Cocinas abiertas: Pros de integrar tu cocina con el sal\u00f3n"}]},{"@type":"WebSite","@id":"https:\/\/digesco.com\/es\/#website","url":"https:\/\/digesco.com\/es\/","name":"Digesco | Empresa de Reformas","description":"Empresa especializada y dedicada al mundo de la construcci\u00f3n, con trabajos tanto en el \u00e1mbito p\u00fablico como privado. En digesco ofrecemos un servicio integral para la construcci\u00f3n","potentialAction":[{"@type":"SearchAction","target":{"@type":"EntryPoint","urlTemplate":"https:\/\/digesco.com\/es\/?s={search_term_string}"},"query-input":{"@type":"PropertyValueSpecification","valueRequired":true,"valueName":"search_term_string"}}],"inLanguage":"es"},{"@type":"Person","@id":"https:\/\/digesco.com\/es\/#\/schema\/person\/77c24b7959ee8bf38c078c4c9cfd230a","name":"antonio","image":{"@type":"ImageObject","inLanguage":"es","@id":"https:\/\/digesco.com\/es\/#\/schema\/person\/image\/","url":"https:\/\/secure.gravatar.com\/avatar\/4a975ccc4ed7cba40825aef14a7464195a9371791d71c61abbe22f7854b4ef21?s=96&d=mm&r=g","contentUrl":"https:\/\/secure.gravatar.com\/avatar\/4a975ccc4ed7cba40825aef14a7464195a9371791d71c61abbe22f7854b4ef21?s=96&d=mm&r=g","caption":"antonio"},"url":"https:\/\/digesco.com\/es\/author\/antonio\/"}]}},"_links":{"self":[{"href":"https:\/\/digesco.com\/es\/wp-json\/wp\/v2\/posts\/1219","targetHints":{"allow":["GET"]}}],"collection":[{"href":"https:\/\/digesco.com\/es\/wp-json\/wp\/v2\/posts"}],"about":[{"href":"https:\/\/digesco.com\/es\/wp-json\/wp\/v2\/types\/post"}],"author":[{"embeddable":true,"href":"https:\/\/digesco.com\/es\/wp-json\/wp\/v2\/users\/3"}],"replies":[{"embeddable":true,"href":"https:\/\/digesco.com\/es\/wp-json\/wp\/v2\/comments?post=1219"}],"version-history":[{"count":1,"href":"https:\/\/digesco.com\/es\/wp-json\/wp\/v2\/posts\/1219\/revisions"}],"predecessor-version":[{"id":1224,"href":"https:\/\/digesco.com\/es\/wp-json\/wp\/v2\/posts\/1219\/revisions\/1224"}],"wp:featuredmedia":[{"embeddable":true,"href":"https:\/\/digesco.com\/es\/wp-json\/wp\/v2\/media\/1223"}],"wp:attachment":[{"href":"https:\/\/digesco.com\/es\/wp-json\/wp\/v2\/media?parent=1219"}],"wp:term":[{"taxonomy":"category","embeddable":true,"href":"https:\/\/digesco.com\/es\/wp-json\/wp\/v2\/categories?post=1219"},{"taxonomy":"post_tag","embeddable":true,"href":"https:\/\/digesco.com\/es\/wp-json\/wp\/v2\/tags?post=1219"}],"curies":[{"name":"wp","href":"https:\/\/api.w.org\/{rel}","templated":true}]}}