{"id":1207,"date":"2024-07-23T08:12:02","date_gmt":"2024-07-23T08:12:02","guid":{"rendered":"https:\/\/digesco.com\/?p=1207"},"modified":"2024-07-23T08:12:02","modified_gmt":"2024-07-23T08:12:02","slug":"instalacion-de-parquet-en-espacios-comerciales-consideraciones-y-beneficios","status":"publish","type":"post","link":"https:\/\/digesco.com\/es\/instalacion-de-parquet-en-espacios-comerciales-consideraciones-y-beneficios\/","title":{"rendered":"Instalaci\u00f3n de parquet en espacios comerciales: consideraciones y beneficios"},"content":{"rendered":"<h2><b>Descubre por qu\u00e9 la instalaci\u00f3n de parquet en Sabadell es una opci\u00f3n inteligente para negocios y comercios<\/b><\/h2>\n<p><span style=\"font-weight: 400;\">La elecci\u00f3n del suelo adecuado para espacios comerciales no solo afecta la est\u00e9tica del lugar, sino tambi\u00e9n su funcionalidad y durabilidad. Entre las diversas opciones disponibles, la <\/span><a href=\"https:\/\/digesco.com\/es\/instalacion-parquet-sabadell\/\"><b>instalaci\u00f3n de parquet en Sabadell<\/b><\/a><span style=\"font-weight: 400;\"> emerge como una elecci\u00f3n popular entre propietarios y dise\u00f1adores de interiores debido a sus m\u00faltiples beneficios y consideraciones espec\u00edficas para entornos comerciales.<\/span><\/p>\n<p><img fetchpriority=\"high\" decoding=\"async\" class=\"alignnone wp-image-1208 size-full\" src=\"https:\/\/digesco.com\/wp-content\/uploads\/2024\/07\/restaurant-el-Caliu-3.jpg\" alt=\"Silla con parquet triangular en el suelo\" width=\"900\" height=\"600\" srcset=\"https:\/\/digesco.com\/wp-content\/uploads\/2024\/07\/restaurant-el-Caliu-3.jpg 900w, https:\/\/digesco.com\/wp-content\/uploads\/2024\/07\/restaurant-el-Caliu-3-300x200.jpg 300w, https:\/\/digesco.com\/wp-content\/uploads\/2024\/07\/restaurant-el-Caliu-3-768x512.jpg 768w, https:\/\/digesco.com\/wp-content\/uploads\/2024\/07\/restaurant-el-Caliu-3-18x12.jpg 18w\" sizes=\"(max-width: 900px) 100vw, 900px\" \/><\/p>\n<h2><b>Beneficios del parquet en espacios comerciales<\/b><\/h2>\n<p><span style=\"font-weight: 400;\">El parquet no solo a\u00f1ade un toque de calidez y elegancia a cualquier ambiente, sino que tambi\u00e9n ofrece una serie de beneficios pr\u00e1cticos que son especialmente valorados en entornos comerciales. Los negocios en <\/span><b>Sabadell<\/b><span style=\"font-weight: 400;\"> que optan por la <\/span><b>instalaci\u00f3n de parquet<\/b><span style=\"font-weight: 400;\"> disfrutan de:<\/span><\/p>\n<h4><b>1. Durabilidad y Resistencia<\/b><\/h4>\n<p><span style=\"font-weight: 400;\">El parquet es conocido por su durabilidad y resistencia a largo plazo, lo cual es crucial en espacios que experimentan un tr\u00e1fico constante de personas. En <\/span><b>Sabadell<\/b><span style=\"font-weight: 400;\">, donde el movimiento comercial es din\u00e1mico, la instalaci\u00f3n de parquet asegura que el suelo mantenga su belleza y funcionalidad a lo largo del tiempo.<\/span><\/p>\n<h4><b>2. Est\u00e9tica Atractiva<\/b><\/h4>\n<p><span style=\"font-weight: 400;\">La est\u00e9tica natural y c\u00e1lida del parquet crea un ambiente acogedor y profesional que puede influir positivamente en la percepci\u00f3n de los clientes y empleados. En <\/span><b>Sabadell<\/b><span style=\"font-weight: 400;\">, donde la impresi\u00f3n visual es importante para atraer y retener clientes, la instalaci\u00f3n de parquet puede diferenciar un negocio de sus competidores.<\/span><\/p>\n<h4><b>3. Facilidad de Mantenimiento<\/b><\/h4>\n<h4><span style=\"font-weight: 400;\">Contrario a la creencia popular, el parquet no requiere un mantenimiento intensivo. Con rutinas de limpieza regulares y el uso de productos adecuados, el parquet en <\/span><b>Sabadell<\/b><span style=\"font-weight: 400;\"> se mantiene en condiciones \u00f3ptimas con poco esfuerzo, lo que es ideal para entornos comerciales ocupados.<\/span><\/h4>\n<h4><b>4. Versatilidad en el Dise\u00f1o<\/b><\/h4>\n<p><span style=\"font-weight: 400;\">El parquet ofrece una amplia gama de opciones de dise\u00f1o y patrones que pueden adaptarse a cualquier estilo decorativo o marca comercial. Desde configuraciones cl\u00e1sicas hasta dise\u00f1os personalizados, la instalaci\u00f3n de parquet en <\/span><b>Sabadell<\/b><span style=\"font-weight: 400;\"> permite a los negocios expresar su identidad visual de manera \u00fanica.<\/span><\/p>\n<p><img decoding=\"async\" class=\"alignnone wp-image-1209 size-full\" src=\"https:\/\/digesco.com\/wp-content\/uploads\/2024\/07\/restaurant-el-Caliu-4.jpg\" alt=\"suelo parquet marron con radiador de fondo\" width=\"900\" height=\"600\" srcset=\"https:\/\/digesco.com\/wp-content\/uploads\/2024\/07\/restaurant-el-Caliu-4.jpg 900w, https:\/\/digesco.com\/wp-content\/uploads\/2024\/07\/restaurant-el-Caliu-4-300x200.jpg 300w, https:\/\/digesco.com\/wp-content\/uploads\/2024\/07\/restaurant-el-Caliu-4-768x512.jpg 768w, https:\/\/digesco.com\/wp-content\/uploads\/2024\/07\/restaurant-el-Caliu-4-18x12.jpg 18w\" sizes=\"(max-width: 900px) 100vw, 900px\" \/><\/p>\n<h2><b>Consideraciones espec\u00edficas para la instalaci\u00f3n de parquet en Sabadell<\/b><\/h2>\n<h4><b>1. Selecci\u00f3n del Tipo de Parquet<\/b><\/h4>\n<p><span style=\"font-weight: 400;\">Antes de la instalaci\u00f3n, es crucial elegir el tipo de parquet adecuado seg\u00fan las necesidades espec\u00edficas del espacio comercial en <\/span><b>Sabadell<\/b><span style=\"font-weight: 400;\">. Opciones como el parquet macizo, el parquet multicapa o el parquet laminado deben evaluarse en funci\u00f3n del tr\u00e1fico esperado, la exposici\u00f3n a la humedad y el presupuesto disponible.<\/span><\/p>\n<h4><b>2. Nivelaci\u00f3n del Suelo<\/b><\/h4>\n<p><span style=\"font-weight: 400;\">La nivelaci\u00f3n adecuada del suelo es fundamental para garantizar una instalaci\u00f3n exitosa y duradera del parquet. En <\/span><b>Sabadell<\/b><span style=\"font-weight: 400;\">, donde algunos espacios comerciales pueden tener irregularidades en el suelo, es importante realizar una preparaci\u00f3n adecuada para evitar problemas futuros.<\/span><\/p>\n<h4><b>3. Instalaci\u00f3n Profesional<\/b><\/h4>\n<p><span style=\"font-weight: 400;\">Contratar a profesionales experimentados en la instalaci\u00f3n de parquet en <\/span><b>Sabadell<\/b><span style=\"font-weight: 400;\"> asegura que el proceso se realice de manera eficiente y conforme a est\u00e1ndares de calidad. Esto no solo garantiza un resultado est\u00e9tico impecable, sino tambi\u00e9n la integridad estructural del suelo a largo plazo.<\/span><\/p>\n<h4><b>4. Consideraciones Ambientales<\/b><\/h4>\n<p><span style=\"font-weight: 400;\">Para negocios preocupados por el impacto ambiental, elegir parquet certificado por organizaciones como FSC (Forest Stewardship Council) puede contribuir a pr\u00e1cticas comerciales sostenibles en <\/span><b>Sabadell<\/b><span style=\"font-weight: 400;\">.<\/span><\/p>\n<p><img decoding=\"async\" class=\"alignnone wp-image-1210 size-full\" src=\"https:\/\/digesco.com\/wp-content\/uploads\/2024\/07\/restaurant-el-Caliu-5.jpg\" alt=\"Mesa con sillas encima de parquet marr\u00f3n\" width=\"900\" height=\"600\" srcset=\"https:\/\/digesco.com\/wp-content\/uploads\/2024\/07\/restaurant-el-Caliu-5.jpg 900w, https:\/\/digesco.com\/wp-content\/uploads\/2024\/07\/restaurant-el-Caliu-5-300x200.jpg 300w, https:\/\/digesco.com\/wp-content\/uploads\/2024\/07\/restaurant-el-Caliu-5-768x512.jpg 768w, https:\/\/digesco.com\/wp-content\/uploads\/2024\/07\/restaurant-el-Caliu-5-18x12.jpg 18w\" sizes=\"(max-width: 900px) 100vw, 900px\" \/><\/p>","protected":false},"excerpt":{"rendered":"<p>Descubre por qu\u00e9 la instalaci\u00f3n de parquet en Sabadell es una opci\u00f3n inteligente para negocios y comercios La elecci\u00f3n del suelo adecuado para espacios comerciales no solo afecta la est\u00e9tica del lugar, sino tambi\u00e9n su funcionalidad y durabilidad. Entre las diversas opciones disponibles, la instalaci\u00f3n de parquet en Sabadell emerge como una elecci\u00f3n popular entre&hellip;&nbsp;<a href=\"https:\/\/digesco.com\/es\/instalacion-de-parquet-en-espacios-comerciales-consideraciones-y-beneficios\/\" rel=\"bookmark\"><span class=\"screen-reader-text\">Instalaci\u00f3n de parquet en espacios comerciales: consideraciones y beneficios<\/span><\/a><\/p>","protected":false},"author":3,"featured_media":1142,"comment_status":"open","ping_status":"open","sticky":false,"template":"","format":"standard","meta":{"neve_meta_sidebar":"","neve_meta_container":"","neve_meta_enable_content_width":"off","neve_meta_content_width":70,"neve_meta_title_alignment":"","neve_meta_author_avatar":"","neve_post_elements_order":"","neve_meta_disable_header":"","neve_meta_disable_footer":"","neve_meta_disable_title":"","_joinchat":[],"footnotes":""},"categories":[15],"tags":[27],"class_list":["post-1207","post","type-post","status-publish","format-standard","has-post-thumbnail","hentry","category-reformas-integrales-en-sabadell","tag-instalacion-parquet-sabadell"],"yoast_head":"<!-- This site is optimized with the Yoast SEO plugin v26.9 - https:\/\/yoast.com\/product\/yoast-seo-wordpress\/ -->\n<title>Instalaci\u00f3n de parquet en espacios comerciales: consideraciones y beneficios - Digesco | Empresa de Reformas<\/title>\n<meta name=\"robots\" content=\"index, follow, max-snippet:-1, max-image-preview:large, max-video-preview:-1\" \/>\n<link rel=\"canonical\" href=\"https:\/\/digesco.com\/es\/instalacion-de-parquet-en-espacios-comerciales-consideraciones-y-beneficios\/\" \/>\n<meta property=\"og:locale\" content=\"es_ES\" \/>\n<meta property=\"og:type\" content=\"article\" \/>\n<meta property=\"og:title\" content=\"Instalaci\u00f3n de parquet en espacios comerciales: consideraciones y beneficios - Digesco | Empresa de Reformas\" \/>\n<meta property=\"og:description\" content=\"Descubre por qu\u00e9 la instalaci\u00f3n de parquet en Sabadell es una opci\u00f3n inteligente para negocios y comercios La elecci\u00f3n del suelo adecuado para espacios comerciales no solo afecta la est\u00e9tica del lugar, sino tambi\u00e9n su funcionalidad y durabilidad. Entre las diversas opciones disponibles, la instalaci\u00f3n de parquet en Sabadell emerge como una elecci\u00f3n popular entre&hellip;&nbsp;Instalaci\u00f3n de parquet en espacios comerciales: consideraciones y beneficios\" \/>\n<meta property=\"og:url\" content=\"https:\/\/digesco.com\/es\/instalacion-de-parquet-en-espacios-comerciales-consideraciones-y-beneficios\/\" \/>\n<meta property=\"og:site_name\" content=\"Digesco | Empresa de Reformas\" \/>\n<meta property=\"article:published_time\" content=\"2024-07-23T08:12:02+00:00\" \/>\n<meta property=\"og:image\" content=\"https:\/\/digesco.com\/wp-content\/uploads\/2024\/04\/reformas-integrales-sabadell-1.jpg\" \/>\n\t<meta property=\"og:image:width\" content=\"2000\" \/>\n\t<meta property=\"og:image:height\" content=\"1414\" \/>\n\t<meta property=\"og:image:type\" content=\"image\/jpeg\" \/>\n<meta name=\"author\" content=\"antonio\" \/>\n<meta name=\"twitter:card\" content=\"summary_large_image\" \/>\n<meta name=\"twitter:label1\" content=\"Escrito por\" \/>\n\t<meta name=\"twitter:data1\" content=\"antonio\" \/>\n\t<meta name=\"twitter:label2\" content=\"Tiempo de lectura\" \/>\n\t<meta name=\"twitter:data2\" content=\"3 minutos\" \/>\n<script type=\"application\/ld+json\" class=\"yoast-schema-graph\">{\"@context\":\"https:\/\/schema.org\",\"@graph\":[{\"@type\":\"Article\",\"@id\":\"https:\/\/digesco.com\/instalacion-de-parquet-en-espacios-comerciales-consideraciones-y-beneficios\/#article\",\"isPartOf\":{\"@id\":\"https:\/\/digesco.com\/instalacion-de-parquet-en-espacios-comerciales-consideraciones-y-beneficios\/\"},\"author\":{\"name\":\"antonio\",\"@id\":\"https:\/\/digesco.com\/es\/#\/schema\/person\/77c24b7959ee8bf38c078c4c9cfd230a\"},\"headline\":\"Instalaci\u00f3n de parquet en espacios comerciales: consideraciones y beneficios\",\"datePublished\":\"2024-07-23T08:12:02+00:00\",\"mainEntityOfPage\":{\"@id\":\"https:\/\/digesco.com\/instalacion-de-parquet-en-espacios-comerciales-consideraciones-y-beneficios\/\"},\"wordCount\":554,\"commentCount\":0,\"image\":{\"@id\":\"https:\/\/digesco.com\/instalacion-de-parquet-en-espacios-comerciales-consideraciones-y-beneficios\/#primaryimage\"},\"thumbnailUrl\":\"https:\/\/digesco.com\/wp-content\/uploads\/2024\/04\/reformas-integrales-sabadell-1.jpg\",\"keywords\":[\"Instalacion parquet sabadell\"],\"articleSection\":[\"reformas integrales en Sabadell\"],\"inLanguage\":\"es\",\"potentialAction\":[{\"@type\":\"CommentAction\",\"name\":\"Comment\",\"target\":[\"https:\/\/digesco.com\/instalacion-de-parquet-en-espacios-comerciales-consideraciones-y-beneficios\/#respond\"]}]},{\"@type\":\"WebPage\",\"@id\":\"https:\/\/digesco.com\/instalacion-de-parquet-en-espacios-comerciales-consideraciones-y-beneficios\/\",\"url\":\"https:\/\/digesco.com\/instalacion-de-parquet-en-espacios-comerciales-consideraciones-y-beneficios\/\",\"name\":\"Instalaci\u00f3n de parquet en espacios comerciales: consideraciones y beneficios - Digesco | Empresa de Reformas\",\"isPartOf\":{\"@id\":\"https:\/\/digesco.com\/es\/#website\"},\"primaryImageOfPage\":{\"@id\":\"https:\/\/digesco.com\/instalacion-de-parquet-en-espacios-comerciales-consideraciones-y-beneficios\/#primaryimage\"},\"image\":{\"@id\":\"https:\/\/digesco.com\/instalacion-de-parquet-en-espacios-comerciales-consideraciones-y-beneficios\/#primaryimage\"},\"thumbnailUrl\":\"https:\/\/digesco.com\/wp-content\/uploads\/2024\/04\/reformas-integrales-sabadell-1.jpg\",\"datePublished\":\"2024-07-23T08:12:02+00:00\",\"author\":{\"@id\":\"https:\/\/digesco.com\/es\/#\/schema\/person\/77c24b7959ee8bf38c078c4c9cfd230a\"},\"breadcrumb\":{\"@id\":\"https:\/\/digesco.com\/instalacion-de-parquet-en-espacios-comerciales-consideraciones-y-beneficios\/#breadcrumb\"},\"inLanguage\":\"es\",\"potentialAction\":[{\"@type\":\"ReadAction\",\"target\":[\"https:\/\/digesco.com\/instalacion-de-parquet-en-espacios-comerciales-consideraciones-y-beneficios\/\"]}]},{\"@type\":\"ImageObject\",\"inLanguage\":\"es\",\"@id\":\"https:\/\/digesco.com\/instalacion-de-parquet-en-espacios-comerciales-consideraciones-y-beneficios\/#primaryimage\",\"url\":\"https:\/\/digesco.com\/wp-content\/uploads\/2024\/04\/reformas-integrales-sabadell-1.jpg\",\"contentUrl\":\"https:\/\/digesco.com\/wp-content\/uploads\/2024\/04\/reformas-integrales-sabadell-1.jpg\",\"width\":2000,\"height\":1414,\"caption\":\"Obrero arreglando madera con taladro\"},{\"@type\":\"BreadcrumbList\",\"@id\":\"https:\/\/digesco.com\/instalacion-de-parquet-en-espacios-comerciales-consideraciones-y-beneficios\/#breadcrumb\",\"itemListElement\":[{\"@type\":\"ListItem\",\"position\":1,\"name\":\"Portada\",\"item\":\"https:\/\/digesco.com\/es\/\"},{\"@type\":\"ListItem\",\"position\":2,\"name\":\"Instalaci\u00f3n de parquet en espacios comerciales: consideraciones y beneficios\"}]},{\"@type\":\"WebSite\",\"@id\":\"https:\/\/digesco.com\/es\/#website\",\"url\":\"https:\/\/digesco.com\/es\/\",\"name\":\"Digesco | Empresa de Reformas\",\"description\":\"Empresa especializada y dedicada al mundo de la construcci\u00f3n, con trabajos tanto en el \u00e1mbito p\u00fablico como privado. En digesco ofrecemos un servicio integral para la construcci\u00f3n\",\"potentialAction\":[{\"@type\":\"SearchAction\",\"target\":{\"@type\":\"EntryPoint\",\"urlTemplate\":\"https:\/\/digesco.com\/es\/?s={search_term_string}\"},\"query-input\":{\"@type\":\"PropertyValueSpecification\",\"valueRequired\":true,\"valueName\":\"search_term_string\"}}],\"inLanguage\":\"es\"},{\"@type\":\"Person\",\"@id\":\"https:\/\/digesco.com\/es\/#\/schema\/person\/77c24b7959ee8bf38c078c4c9cfd230a\",\"name\":\"antonio\",\"image\":{\"@type\":\"ImageObject\",\"inLanguage\":\"es\",\"@id\":\"https:\/\/digesco.com\/es\/#\/schema\/person\/image\/\",\"url\":\"https:\/\/secure.gravatar.com\/avatar\/4a975ccc4ed7cba40825aef14a7464195a9371791d71c61abbe22f7854b4ef21?s=96&d=mm&r=g\",\"contentUrl\":\"https:\/\/secure.gravatar.com\/avatar\/4a975ccc4ed7cba40825aef14a7464195a9371791d71c61abbe22f7854b4ef21?s=96&d=mm&r=g\",\"caption\":\"antonio\"},\"url\":\"https:\/\/digesco.com\/es\/author\/antonio\/\"}]}<\/script>\n<!-- \/ Yoast SEO plugin. -->","yoast_head_json":{"title":"Instalaci\u00f3n de parquet en espacios comerciales: consideraciones y beneficios - Digesco | Empresa de Reformas","robots":{"index":"index","follow":"follow","max-snippet":"max-snippet:-1","max-image-preview":"max-image-preview:large","max-video-preview":"max-video-preview:-1"},"canonical":"https:\/\/digesco.com\/es\/instalacion-de-parquet-en-espacios-comerciales-consideraciones-y-beneficios\/","og_locale":"es_ES","og_type":"article","og_title":"Instalaci\u00f3n de parquet en espacios comerciales: consideraciones y beneficios - Digesco | Empresa de Reformas","og_description":"Descubre por qu\u00e9 la instalaci\u00f3n de parquet en Sabadell es una opci\u00f3n inteligente para negocios y comercios La elecci\u00f3n del suelo adecuado para espacios comerciales no solo afecta la est\u00e9tica del lugar, sino tambi\u00e9n su funcionalidad y durabilidad. Entre las diversas opciones disponibles, la instalaci\u00f3n de parquet en Sabadell emerge como una elecci\u00f3n popular entre&hellip;&nbsp;Instalaci\u00f3n de parquet en espacios comerciales: consideraciones y beneficios","og_url":"https:\/\/digesco.com\/es\/instalacion-de-parquet-en-espacios-comerciales-consideraciones-y-beneficios\/","og_site_name":"Digesco | Empresa de Reformas","article_published_time":"2024-07-23T08:12:02+00:00","og_image":[{"width":2000,"height":1414,"url":"https:\/\/digesco.com\/wp-content\/uploads\/2024\/04\/reformas-integrales-sabadell-1.jpg","type":"image\/jpeg"}],"author":"antonio","twitter_card":"summary_large_image","twitter_misc":{"Escrito por":"antonio","Tiempo de lectura":"3 minutos"},"schema":{"@context":"https:\/\/schema.org","@graph":[{"@type":"Article","@id":"https:\/\/digesco.com\/instalacion-de-parquet-en-espacios-comerciales-consideraciones-y-beneficios\/#article","isPartOf":{"@id":"https:\/\/digesco.com\/instalacion-de-parquet-en-espacios-comerciales-consideraciones-y-beneficios\/"},"author":{"name":"antonio","@id":"https:\/\/digesco.com\/es\/#\/schema\/person\/77c24b7959ee8bf38c078c4c9cfd230a"},"headline":"Instalaci\u00f3n de parquet en espacios comerciales: consideraciones y beneficios","datePublished":"2024-07-23T08:12:02+00:00","mainEntityOfPage":{"@id":"https:\/\/digesco.com\/instalacion-de-parquet-en-espacios-comerciales-consideraciones-y-beneficios\/"},"wordCount":554,"commentCount":0,"image":{"@id":"https:\/\/digesco.com\/instalacion-de-parquet-en-espacios-comerciales-consideraciones-y-beneficios\/#primaryimage"},"thumbnailUrl":"https:\/\/digesco.com\/wp-content\/uploads\/2024\/04\/reformas-integrales-sabadell-1.jpg","keywords":["Instalacion parquet sabadell"],"articleSection":["reformas integrales en Sabadell"],"inLanguage":"es","potentialAction":[{"@type":"CommentAction","name":"Comment","target":["https:\/\/digesco.com\/instalacion-de-parquet-en-espacios-comerciales-consideraciones-y-beneficios\/#respond"]}]},{"@type":"WebPage","@id":"https:\/\/digesco.com\/instalacion-de-parquet-en-espacios-comerciales-consideraciones-y-beneficios\/","url":"https:\/\/digesco.com\/instalacion-de-parquet-en-espacios-comerciales-consideraciones-y-beneficios\/","name":"Instalaci\u00f3n de parquet en espacios comerciales: consideraciones y beneficios - Digesco | Empresa de Reformas","isPartOf":{"@id":"https:\/\/digesco.com\/es\/#website"},"primaryImageOfPage":{"@id":"https:\/\/digesco.com\/instalacion-de-parquet-en-espacios-comerciales-consideraciones-y-beneficios\/#primaryimage"},"image":{"@id":"https:\/\/digesco.com\/instalacion-de-parquet-en-espacios-comerciales-consideraciones-y-beneficios\/#primaryimage"},"thumbnailUrl":"https:\/\/digesco.com\/wp-content\/uploads\/2024\/04\/reformas-integrales-sabadell-1.jpg","datePublished":"2024-07-23T08:12:02+00:00","author":{"@id":"https:\/\/digesco.com\/es\/#\/schema\/person\/77c24b7959ee8bf38c078c4c9cfd230a"},"breadcrumb":{"@id":"https:\/\/digesco.com\/instalacion-de-parquet-en-espacios-comerciales-consideraciones-y-beneficios\/#breadcrumb"},"inLanguage":"es","potentialAction":[{"@type":"ReadAction","target":["https:\/\/digesco.com\/instalacion-de-parquet-en-espacios-comerciales-consideraciones-y-beneficios\/"]}]},{"@type":"ImageObject","inLanguage":"es","@id":"https:\/\/digesco.com\/instalacion-de-parquet-en-espacios-comerciales-consideraciones-y-beneficios\/#primaryimage","url":"https:\/\/digesco.com\/wp-content\/uploads\/2024\/04\/reformas-integrales-sabadell-1.jpg","contentUrl":"https:\/\/digesco.com\/wp-content\/uploads\/2024\/04\/reformas-integrales-sabadell-1.jpg","width":2000,"height":1414,"caption":"Obrero arreglando madera con taladro"},{"@type":"BreadcrumbList","@id":"https:\/\/digesco.com\/instalacion-de-parquet-en-espacios-comerciales-consideraciones-y-beneficios\/#breadcrumb","itemListElement":[{"@type":"ListItem","position":1,"name":"Portada","item":"https:\/\/digesco.com\/es\/"},{"@type":"ListItem","position":2,"name":"Instalaci\u00f3n de parquet en espacios comerciales: consideraciones y beneficios"}]},{"@type":"WebSite","@id":"https:\/\/digesco.com\/es\/#website","url":"https:\/\/digesco.com\/es\/","name":"Digesco | Empresa de Reformas","description":"Empresa especializada y dedicada al mundo de la construcci\u00f3n, con trabajos tanto en el \u00e1mbito p\u00fablico como privado. En digesco ofrecemos un servicio integral para la construcci\u00f3n","potentialAction":[{"@type":"SearchAction","target":{"@type":"EntryPoint","urlTemplate":"https:\/\/digesco.com\/es\/?s={search_term_string}"},"query-input":{"@type":"PropertyValueSpecification","valueRequired":true,"valueName":"search_term_string"}}],"inLanguage":"es"},{"@type":"Person","@id":"https:\/\/digesco.com\/es\/#\/schema\/person\/77c24b7959ee8bf38c078c4c9cfd230a","name":"antonio","image":{"@type":"ImageObject","inLanguage":"es","@id":"https:\/\/digesco.com\/es\/#\/schema\/person\/image\/","url":"https:\/\/secure.gravatar.com\/avatar\/4a975ccc4ed7cba40825aef14a7464195a9371791d71c61abbe22f7854b4ef21?s=96&d=mm&r=g","contentUrl":"https:\/\/secure.gravatar.com\/avatar\/4a975ccc4ed7cba40825aef14a7464195a9371791d71c61abbe22f7854b4ef21?s=96&d=mm&r=g","caption":"antonio"},"url":"https:\/\/digesco.com\/es\/author\/antonio\/"}]}},"_links":{"self":[{"href":"https:\/\/digesco.com\/es\/wp-json\/wp\/v2\/posts\/1207","targetHints":{"allow":["GET"]}}],"collection":[{"href":"https:\/\/digesco.com\/es\/wp-json\/wp\/v2\/posts"}],"about":[{"href":"https:\/\/digesco.com\/es\/wp-json\/wp\/v2\/types\/post"}],"author":[{"embeddable":true,"href":"https:\/\/digesco.com\/es\/wp-json\/wp\/v2\/users\/3"}],"replies":[{"embeddable":true,"href":"https:\/\/digesco.com\/es\/wp-json\/wp\/v2\/comments?post=1207"}],"version-history":[{"count":1,"href":"https:\/\/digesco.com\/es\/wp-json\/wp\/v2\/posts\/1207\/revisions"}],"predecessor-version":[{"id":1211,"href":"https:\/\/digesco.com\/es\/wp-json\/wp\/v2\/posts\/1207\/revisions\/1211"}],"wp:featuredmedia":[{"embeddable":true,"href":"https:\/\/digesco.com\/es\/wp-json\/wp\/v2\/media\/1142"}],"wp:attachment":[{"href":"https:\/\/digesco.com\/es\/wp-json\/wp\/v2\/media?parent=1207"}],"wp:term":[{"taxonomy":"category","embeddable":true,"href":"https:\/\/digesco.com\/es\/wp-json\/wp\/v2\/categories?post=1207"},{"taxonomy":"post_tag","embeddable":true,"href":"https:\/\/digesco.com\/es\/wp-json\/wp\/v2\/tags?post=1207"}],"curies":[{"name":"wp","href":"https:\/\/api.w.org\/{rel}","templated":true}]}}