{"id":1192,"date":"2024-06-06T21:11:15","date_gmt":"2024-06-06T21:11:15","guid":{"rendered":"https:\/\/digesco.com\/?p=1192"},"modified":"2024-07-07T16:33:33","modified_gmt":"2024-07-07T16:33:33","slug":"tendencias-en-diseno-interior-para-reformas-integrales-inspiracion-para-transformar-tu-hogar","status":"publish","type":"post","link":"https:\/\/digesco.com\/es\/tendencias-en-diseno-interior-para-reformas-integrales-inspiracion-para-transformar-tu-hogar\/","title":{"rendered":"Tendencias en dise\u00f1o interior para reformas integrales: Inspiraci\u00f3n para transformar tu hogar"},"content":{"rendered":"<div class=\"flex flex-grow flex-col max-w-full\">\n<div class=\"min-h-[20px] text-message flex flex-col items-start whitespace-pre-wrap break-words [.text-message+&amp;]:mt-5 juice:w-full juice:items-end overflow-x-auto gap-2\" dir=\"auto\" data-message-author-role=\"assistant\" data-message-id=\"be0801b7-732c-442f-bc26-dac1b2fdf176\">\n<div class=\"flex w-full flex-col gap-1 juice:empty:hidden juice:first:pt-[3px]\">\n<div class=\"markdown prose w-full break-words dark:prose-invert dark\">\n<h2>Explora las \u00faltimas tendencias en decoraci\u00f3n, materiales y distribuci\u00f3n de espacios<\/h2>\n<p style=\"text-align: justify;\">Renovar un hogar puede ser una tarea emocionante y desafiante, especialmente cuando se trata de reformas integrales.<br \/>\nLas <a href=\"https:\/\/digesco.com\/es\/reformas-integrales-sabadell\/\"><strong>reformas integrales en Sabadell<\/strong><\/a> permiten no solo actualizar la apariencia de una vivienda, sino tambi\u00e9n mejorar su funcionalidad y eficiencia.<br \/>\nAqu\u00ed te presentamos algunas de las \u00faltimas tendencias en dise\u00f1o interior que te ayudar\u00e1n a inspirarte y planificar la renovaci\u00f3n perfecta.<\/p>\n<p><img fetchpriority=\"high\" decoding=\"async\" class=\"alignnone wp-image-1122 size-full\" src=\"https:\/\/digesco.com\/wp-content\/uploads\/2024\/04\/reformas-integrales-sant-cugat.jpg\" alt=\"\" width=\"2000\" height=\"1414\" srcset=\"https:\/\/digesco.com\/wp-content\/uploads\/2024\/04\/reformas-integrales-sant-cugat.jpg 2000w, https:\/\/digesco.com\/wp-content\/uploads\/2024\/04\/reformas-integrales-sant-cugat-300x212.jpg 300w, https:\/\/digesco.com\/wp-content\/uploads\/2024\/04\/reformas-integrales-sant-cugat-1024x724.jpg 1024w, https:\/\/digesco.com\/wp-content\/uploads\/2024\/04\/reformas-integrales-sant-cugat-768x543.jpg 768w, https:\/\/digesco.com\/wp-content\/uploads\/2024\/04\/reformas-integrales-sant-cugat-1536x1086.jpg 1536w, https:\/\/digesco.com\/wp-content\/uploads\/2024\/04\/reformas-integrales-sant-cugat-18x12.jpg 18w\" sizes=\"(max-width: 2000px) 100vw, 2000px\" \/><\/p>\n<h2 style=\"text-align: justify;\">Espacios abiertos y multifuncionales<\/h2>\n<h4 style=\"text-align: justify;\">Integraci\u00f3n de \u00e1reas comunes<\/h4>\n<p style=\"text-align: justify;\">Una de las tendencias m\u00e1s populares en las reformas integrales es la creaci\u00f3n de espacios abiertos y multifuncionales. La eliminaci\u00f3n de paredes innecesarias permite una mayor conexi\u00f3n entre las distintas \u00e1reas del hogar, como la cocina, el comedor y el sal\u00f3n. Esta integraci\u00f3n no solo mejora la comunicaci\u00f3n familiar, sino que tambi\u00e9n maximiza la entrada de luz natural, creando una sensaci\u00f3n de amplitud y luminosidad.<\/p>\n<h4 style=\"text-align: justify;\">Flexibilidad y adaptabilidad<\/h4>\n<p style=\"text-align: justify;\">Los espacios multifuncionales ofrecen la flexibilidad necesaria para adaptarse a diferentes actividades diarias.<br \/>\nPor ejemplo, un comedor puede transformarse en una oficina en casa, o un sal\u00f3n en una sala de juegos para ni\u00f1os. Esta versatilidad es especialmente \u00fatil en viviendas urbanas donde el espacio puede ser limitado.<\/p>\n<h2 style=\"text-align: justify;\">Materiales naturales y sostenibles, uso de madera y piedra natural<\/h2>\n<p style=\"text-align: justify;\">La sostenibilidad es una preocupaci\u00f3n creciente en el dise\u00f1o de interiores.<br \/>\nEn las <strong>reformas integrales en Sabadell<\/strong>, el uso de materiales naturales como la madera reciclada y la piedra natural ha ganado popularidad. Estos materiales aportan calidez y un sentido de conexi\u00f3n con la naturaleza, creando ambientes acogedores y aut\u00e9nticos.<\/p>\n<p style=\"text-align: justify;\">Optar por materiales sostenibles no solo es una elecci\u00f3n \u00e9tica, sino que tambi\u00e9n puede mejorar la calidad del aire interior y contribuir al bienestar general de los habitantes. Adem\u00e1s, los materiales ecol\u00f3gicos suelen ser m\u00e1s duraderos, lo que representa una inversi\u00f3n a largo plazo.<\/p>\n<h3 style=\"text-align: justify;\">Paleta de colores neutros y tonos tierra<\/h3>\n<p style=\"text-align: justify;\">Los colores neutros y los tonos tierra siguen dominando la paleta de colores en el dise\u00f1o interior.<br \/>\nEn las reformas integrales, se recomienda utilizar una paleta que incluya blancos, grises suaves, beiges y tonos c\u00e1lidos de marr\u00f3n. Estos colores proporcionan una base tranquila y vers\u00e1til que puede adaptarse a diferentes estilos y preferencias.<\/p>\n<p style=\"text-align: justify;\">Aunque la base de colores neutros es predominante, a\u00f1adir detalles de color m\u00e1s vibrantes a trav\u00e9s de accesorios y textiles puede dar vida y personalidad a los espacios. Cojines, alfombras y obras de arte son excelentes opciones para introducir estos toques de color.<\/p>\n<p><img decoding=\"async\" class=\"alignnone wp-image-1086 size-full\" src=\"https:\/\/digesco.com\/wp-content\/uploads\/2024\/03\/empresa-de-reformes-a-Sabadell-3.jpg\" alt=\"\" width=\"2000\" height=\"1414\" srcset=\"https:\/\/digesco.com\/wp-content\/uploads\/2024\/03\/empresa-de-reformes-a-Sabadell-3.jpg 2000w, https:\/\/digesco.com\/wp-content\/uploads\/2024\/03\/empresa-de-reformes-a-Sabadell-3-300x212.jpg 300w, https:\/\/digesco.com\/wp-content\/uploads\/2024\/03\/empresa-de-reformes-a-Sabadell-3-1024x724.jpg 1024w, https:\/\/digesco.com\/wp-content\/uploads\/2024\/03\/empresa-de-reformes-a-Sabadell-3-768x543.jpg 768w, https:\/\/digesco.com\/wp-content\/uploads\/2024\/03\/empresa-de-reformes-a-Sabadell-3-1536x1086.jpg 1536w, https:\/\/digesco.com\/wp-content\/uploads\/2024\/03\/empresa-de-reformes-a-Sabadell-3-18x12.jpg 18w\" sizes=\"(max-width: 2000px) 100vw, 2000px\" \/><\/p>\n<p>&nbsp;<\/p>\n<h2 style=\"text-align: justify;\">Integraci\u00f3n de tecnolog\u00eda<\/h2>\n<p style=\"text-align: justify;\">La integraci\u00f3n de la tecnolog\u00eda en el hogar es una tendencia en auge. Las casas inteligentes permiten un control eficiente de la iluminaci\u00f3n, la climatizaci\u00f3n, la seguridad y los electrodom\u00e9sticos mediante dispositivos m\u00f3viles.<br \/>\nEn el contexto de las <strong>reformas integrales en Sabadell<\/strong>, considerar la instalaci\u00f3n de sistemas dom\u00f3ticos puede mejorar significativamente la comodidad y la eficiencia energ\u00e9tica del hogar.<\/p>\n<p style=\"text-align: justify;\">Adem\u00e1s de la comodidad y eficiencia, la tecnolog\u00eda integrada puede a\u00f1adir un valor considerable a la propiedad a largo plazo.<br \/>\nSistemas de seguridad avanzados, iluminaci\u00f3n automatizada y controles de temperatura inteligentes son caracter\u00edsticas que muchos compradores potenciales buscan en una vivienda moderna.<\/p>\n<h2 style=\"text-align: justify;\">Mobiliario a medida y almacenamiento inteligente<\/h2>\n<p style=\"text-align: justify;\">El mobiliario a medida y las soluciones de almacenamiento inteligente son esenciales en cualquier renovaci\u00f3n integral. En Sabadell, donde los espacios pueden ser limitados, es crucial maximizar cada metro cuadrado.<br \/>\nLos muebles a medida permiten aprovechar espacios irregulares o peque\u00f1os, proporcionando soluciones personalizadas que se adaptan a las necesidades espec\u00edficas de cada hogar.<\/p>\n<p style=\"text-align: justify;\">Las soluciones de almacenamiento integradas, como estanter\u00edas empotradas y armarios modulares, ayudan a mantener el hogar organizado y libre de desorden. Una buena organizaci\u00f3n no solo mejora la est\u00e9tica del hogar, sino que tambi\u00e9n aumenta su funcionalidad.<\/p>\n<p style=\"text-align: justify;\">La creaci\u00f3n de espacios dedicados al bienestar personal es otra tendencia en alza. \u00c1reas como rincones de lectura, salas de yoga o meditaci\u00f3n, y ba\u00f1os tipo spa est\u00e1n ganando popularidad en las reformas integrales.<br \/>\nEstos espacios proporcionan un refugio tranquilo y relajante dentro del hogar, mejorando la calidad de vida.<\/p>\n<p style=\"text-align: justify;\">Incorporar elementos naturales como plantas, fuentes de agua y materiales org\u00e1nicos en estos espacios de bienestar puede potenciar a\u00fan m\u00e1s su efecto relajante y revitalizante.<\/p>\n<p><img decoding=\"async\" class=\"alignnone wp-image-1081 size-full\" src=\"https:\/\/digesco.com\/wp-content\/uploads\/2024\/03\/reformes-de-cuina-a-Sabadell.jpg\" alt=\"\" width=\"2000\" height=\"1414\" srcset=\"https:\/\/digesco.com\/wp-content\/uploads\/2024\/03\/reformes-de-cuina-a-Sabadell.jpg 2000w, https:\/\/digesco.com\/wp-content\/uploads\/2024\/03\/reformes-de-cuina-a-Sabadell-300x212.jpg 300w, https:\/\/digesco.com\/wp-content\/uploads\/2024\/03\/reformes-de-cuina-a-Sabadell-1024x724.jpg 1024w, https:\/\/digesco.com\/wp-content\/uploads\/2024\/03\/reformes-de-cuina-a-Sabadell-768x543.jpg 768w, https:\/\/digesco.com\/wp-content\/uploads\/2024\/03\/reformes-de-cuina-a-Sabadell-1536x1086.jpg 1536w, https:\/\/digesco.com\/wp-content\/uploads\/2024\/03\/reformes-de-cuina-a-Sabadell-18x12.jpg 18w\" sizes=\"(max-width: 2000px) 100vw, 2000px\" \/><\/p>\n<p>&nbsp;<\/p>\n<\/div>\n<\/div>\n<\/div>\n<p>&nbsp;<\/p>\n<div class=\"min-h-[20px] text-message flex flex-col items-start whitespace-pre-wrap break-words [.text-message+&amp;]:mt-5 juice:w-full juice:items-end overflow-x-auto gap-2\" dir=\"auto\" data-message-author-role=\"assistant\" data-message-id=\"be0801b7-732c-442f-bc26-dac1b2fdf176\">\n<div class=\"flex w-full flex-col gap-1 juice:empty:hidden juice:first:pt-[3px]\">\n<div class=\"markdown prose w-full break-words dark:prose-invert dark\">\n<p style=\"text-align: justify;\">Las tendencias en dise\u00f1o interior est\u00e1n en constante evoluci\u00f3n, y mantenerse actualizado es fundamental para lograr una renovaci\u00f3n exitosa. Las <strong>reformas integrales en Sabadell<\/strong> no solo implican una actualizaci\u00f3n est\u00e9tica, sino tambi\u00e9n una mejora en la funcionalidad y sostenibilidad del hogar.<\/p>\n<p style=\"text-align: justify;\">Al adoptar espacios abiertos y multifuncionales, utilizar materiales naturales, integrar tecnolog\u00eda avanzada, optar por colores neutros y dise\u00f1ar mobiliario a medida, es posible crear un hogar que sea tanto moderno como acogedor.<br \/>\nSi est\u00e1s pensando en una renovaci\u00f3n completa de tu hogar, estas tendencias pueden servirte de inspiraci\u00f3n para lograr un espacio que refleje tus gustos y necesidades, y que a la vez sea eficiente y sostenible.<\/p>\n<\/div>\n<\/div>\n<\/div>\n<\/div>","protected":false},"excerpt":{"rendered":"<p>Explora las \u00faltimas tendencias en decoraci\u00f3n, materiales y distribuci\u00f3n de espacios Renovar un hogar puede ser una tarea emocionante y desafiante, especialmente cuando se trata de reformas integrales. Las reformas integrales en Sabadell permiten no solo actualizar la apariencia de una vivienda, sino tambi\u00e9n mejorar su funcionalidad y eficiencia. Aqu\u00ed te presentamos algunas de las&hellip;&nbsp;<a href=\"https:\/\/digesco.com\/es\/tendencias-en-diseno-interior-para-reformas-integrales-inspiracion-para-transformar-tu-hogar\/\" rel=\"bookmark\"><span class=\"screen-reader-text\">Tendencias en dise\u00f1o interior para reformas integrales: Inspiraci\u00f3n para transformar tu hogar<\/span><\/a><\/p>","protected":false},"author":2,"featured_media":1064,"comment_status":"open","ping_status":"open","sticky":false,"template":"","format":"standard","meta":{"neve_meta_sidebar":"","neve_meta_container":"","neve_meta_enable_content_width":"off","neve_meta_content_width":70,"neve_meta_title_alignment":"","neve_meta_author_avatar":"","neve_post_elements_order":"","neve_meta_disable_header":"","neve_meta_disable_footer":"","neve_meta_disable_title":"","_joinchat":[],"footnotes":""},"categories":[15],"tags":[24],"class_list":["post-1192","post","type-post","status-publish","format-standard","has-post-thumbnail","hentry","category-reformas-integrales-en-sabadell","tag-reformas-integrales-sabadell"],"yoast_head":"<!-- This site is optimized with the Yoast SEO plugin v26.9 - https:\/\/yoast.com\/product\/yoast-seo-wordpress\/ -->\n<title>Tendencias en dise\u00f1o interior para reformas integrales: Inspiraci\u00f3n para transformar tu hogar - Digesco | Empresa de Reformas<\/title>\n<meta name=\"description\" content=\"Descubre las \u00faltimas tendencias en dise\u00f1o interior para reformas integrales en Sabadell: decoraci\u00f3n moderna, materiales sostenibles y espacios multifuncionales.\" \/>\n<meta name=\"robots\" content=\"index, follow, max-snippet:-1, max-image-preview:large, max-video-preview:-1\" \/>\n<link rel=\"canonical\" href=\"https:\/\/digesco.com\/es\/tendencias-en-diseno-interior-para-reformas-integrales-inspiracion-para-transformar-tu-hogar\/\" \/>\n<meta property=\"og:locale\" content=\"es_ES\" \/>\n<meta property=\"og:type\" content=\"article\" \/>\n<meta property=\"og:title\" content=\"Tendencias en dise\u00f1o interior para reformas integrales: Inspiraci\u00f3n para transformar tu hogar - Digesco | Empresa de Reformas\" \/>\n<meta property=\"og:description\" content=\"Descubre las \u00faltimas tendencias en dise\u00f1o interior para reformas integrales en Sabadell: decoraci\u00f3n moderna, materiales sostenibles y espacios multifuncionales.\" \/>\n<meta property=\"og:url\" content=\"https:\/\/digesco.com\/es\/tendencias-en-diseno-interior-para-reformas-integrales-inspiracion-para-transformar-tu-hogar\/\" \/>\n<meta property=\"og:site_name\" content=\"Digesco | Empresa de Reformas\" \/>\n<meta property=\"article:published_time\" content=\"2024-06-06T21:11:15+00:00\" \/>\n<meta property=\"article:modified_time\" content=\"2024-07-07T16:33:33+00:00\" \/>\n<meta property=\"og:image\" content=\"https:\/\/digesco.com\/wp-content\/uploads\/2024\/02\/reformas-integrales-Sabadell.jpg\" \/>\n\t<meta property=\"og:image:width\" content=\"900\" \/>\n\t<meta property=\"og:image:height\" content=\"600\" \/>\n\t<meta property=\"og:image:type\" content=\"image\/jpeg\" \/>\n<meta name=\"author\" content=\"carlos\" \/>\n<meta name=\"twitter:card\" content=\"summary_large_image\" \/>\n<meta name=\"twitter:label1\" content=\"Escrito por\" \/>\n\t<meta name=\"twitter:data1\" content=\"carlos\" \/>\n\t<meta name=\"twitter:label2\" content=\"Tiempo de lectura\" \/>\n\t<meta name=\"twitter:data2\" content=\"5 minutos\" \/>\n<script type=\"application\/ld+json\" class=\"yoast-schema-graph\">{\"@context\":\"https:\/\/schema.org\",\"@graph\":[{\"@type\":\"Article\",\"@id\":\"https:\/\/digesco.com\/tendencias-en-diseno-interior-para-reformas-integrales-inspiracion-para-transformar-tu-hogar\/#article\",\"isPartOf\":{\"@id\":\"https:\/\/digesco.com\/tendencias-en-diseno-interior-para-reformas-integrales-inspiracion-para-transformar-tu-hogar\/\"},\"author\":{\"name\":\"carlos\",\"@id\":\"https:\/\/digesco.com\/es\/#\/schema\/person\/ea6fbf2c71e22aef72d5e9db0cdc34e3\"},\"headline\":\"Tendencias en dise\u00f1o interior para reformas integrales: Inspiraci\u00f3n para transformar tu hogar\",\"datePublished\":\"2024-06-06T21:11:15+00:00\",\"dateModified\":\"2024-07-07T16:33:33+00:00\",\"mainEntityOfPage\":{\"@id\":\"https:\/\/digesco.com\/tendencias-en-diseno-interior-para-reformas-integrales-inspiracion-para-transformar-tu-hogar\/\"},\"wordCount\":878,\"commentCount\":0,\"image\":{\"@id\":\"https:\/\/digesco.com\/tendencias-en-diseno-interior-para-reformas-integrales-inspiracion-para-transformar-tu-hogar\/#primaryimage\"},\"thumbnailUrl\":\"https:\/\/digesco.com\/wp-content\/uploads\/2024\/02\/reformas-integrales-Sabadell.jpg\",\"keywords\":[\"reformas integrales sabadell\"],\"articleSection\":[\"reformas integrales en Sabadell\"],\"inLanguage\":\"es\",\"potentialAction\":[{\"@type\":\"CommentAction\",\"name\":\"Comment\",\"target\":[\"https:\/\/digesco.com\/tendencias-en-diseno-interior-para-reformas-integrales-inspiracion-para-transformar-tu-hogar\/#respond\"]}]},{\"@type\":\"WebPage\",\"@id\":\"https:\/\/digesco.com\/tendencias-en-diseno-interior-para-reformas-integrales-inspiracion-para-transformar-tu-hogar\/\",\"url\":\"https:\/\/digesco.com\/tendencias-en-diseno-interior-para-reformas-integrales-inspiracion-para-transformar-tu-hogar\/\",\"name\":\"Tendencias en dise\u00f1o interior para reformas integrales: Inspiraci\u00f3n para transformar tu hogar - Digesco | Empresa de Reformas\",\"isPartOf\":{\"@id\":\"https:\/\/digesco.com\/es\/#website\"},\"primaryImageOfPage\":{\"@id\":\"https:\/\/digesco.com\/tendencias-en-diseno-interior-para-reformas-integrales-inspiracion-para-transformar-tu-hogar\/#primaryimage\"},\"image\":{\"@id\":\"https:\/\/digesco.com\/tendencias-en-diseno-interior-para-reformas-integrales-inspiracion-para-transformar-tu-hogar\/#primaryimage\"},\"thumbnailUrl\":\"https:\/\/digesco.com\/wp-content\/uploads\/2024\/02\/reformas-integrales-Sabadell.jpg\",\"datePublished\":\"2024-06-06T21:11:15+00:00\",\"dateModified\":\"2024-07-07T16:33:33+00:00\",\"author\":{\"@id\":\"https:\/\/digesco.com\/es\/#\/schema\/person\/ea6fbf2c71e22aef72d5e9db0cdc34e3\"},\"description\":\"Descubre las \u00faltimas tendencias en dise\u00f1o interior para reformas integrales en Sabadell: decoraci\u00f3n moderna, materiales sostenibles y espacios multifuncionales.\",\"breadcrumb\":{\"@id\":\"https:\/\/digesco.com\/tendencias-en-diseno-interior-para-reformas-integrales-inspiracion-para-transformar-tu-hogar\/#breadcrumb\"},\"inLanguage\":\"es\",\"potentialAction\":[{\"@type\":\"ReadAction\",\"target\":[\"https:\/\/digesco.com\/tendencias-en-diseno-interior-para-reformas-integrales-inspiracion-para-transformar-tu-hogar\/\"]}]},{\"@type\":\"ImageObject\",\"inLanguage\":\"es\",\"@id\":\"https:\/\/digesco.com\/tendencias-en-diseno-interior-para-reformas-integrales-inspiracion-para-transformar-tu-hogar\/#primaryimage\",\"url\":\"https:\/\/digesco.com\/wp-content\/uploads\/2024\/02\/reformas-integrales-Sabadell.jpg\",\"contentUrl\":\"https:\/\/digesco.com\/wp-content\/uploads\/2024\/02\/reformas-integrales-Sabadell.jpg\",\"width\":900,\"height\":600,\"caption\":\"cocina reformada\"},{\"@type\":\"BreadcrumbList\",\"@id\":\"https:\/\/digesco.com\/tendencias-en-diseno-interior-para-reformas-integrales-inspiracion-para-transformar-tu-hogar\/#breadcrumb\",\"itemListElement\":[{\"@type\":\"ListItem\",\"position\":1,\"name\":\"Portada\",\"item\":\"https:\/\/digesco.com\/es\/\"},{\"@type\":\"ListItem\",\"position\":2,\"name\":\"Tendencias en dise\u00f1o interior para reformas integrales: Inspiraci\u00f3n para transformar tu hogar\"}]},{\"@type\":\"WebSite\",\"@id\":\"https:\/\/digesco.com\/es\/#website\",\"url\":\"https:\/\/digesco.com\/es\/\",\"name\":\"Digesco | Empresa de Reformas\",\"description\":\"Empresa especializada y dedicada al mundo de la construcci\u00f3n, con trabajos tanto en el \u00e1mbito p\u00fablico como privado. En digesco ofrecemos un servicio integral para la construcci\u00f3n\",\"potentialAction\":[{\"@type\":\"SearchAction\",\"target\":{\"@type\":\"EntryPoint\",\"urlTemplate\":\"https:\/\/digesco.com\/es\/?s={search_term_string}\"},\"query-input\":{\"@type\":\"PropertyValueSpecification\",\"valueRequired\":true,\"valueName\":\"search_term_string\"}}],\"inLanguage\":\"es\"},{\"@type\":\"Person\",\"@id\":\"https:\/\/digesco.com\/es\/#\/schema\/person\/ea6fbf2c71e22aef72d5e9db0cdc34e3\",\"name\":\"carlos\",\"image\":{\"@type\":\"ImageObject\",\"inLanguage\":\"es\",\"@id\":\"https:\/\/digesco.com\/es\/#\/schema\/person\/image\/\",\"url\":\"https:\/\/secure.gravatar.com\/avatar\/ab10b60551e807f6b37d54bb09e40bc41b08e3828d46504634ad6f35da1b46dc?s=96&d=mm&r=g\",\"contentUrl\":\"https:\/\/secure.gravatar.com\/avatar\/ab10b60551e807f6b37d54bb09e40bc41b08e3828d46504634ad6f35da1b46dc?s=96&d=mm&r=g\",\"caption\":\"carlos\"},\"url\":\"https:\/\/digesco.com\/es\/author\/carlos\/\"}]}<\/script>\n<!-- \/ Yoast SEO plugin. -->","yoast_head_json":{"title":"Tendencias en dise\u00f1o interior para reformas integrales: Inspiraci\u00f3n para transformar tu hogar - Digesco | Empresa de Reformas","description":"Descubre las \u00faltimas tendencias en dise\u00f1o interior para reformas integrales en Sabadell: decoraci\u00f3n moderna, materiales sostenibles y espacios multifuncionales.","robots":{"index":"index","follow":"follow","max-snippet":"max-snippet:-1","max-image-preview":"max-image-preview:large","max-video-preview":"max-video-preview:-1"},"canonical":"https:\/\/digesco.com\/es\/tendencias-en-diseno-interior-para-reformas-integrales-inspiracion-para-transformar-tu-hogar\/","og_locale":"es_ES","og_type":"article","og_title":"Tendencias en dise\u00f1o interior para reformas integrales: Inspiraci\u00f3n para transformar tu hogar - Digesco | Empresa de Reformas","og_description":"Descubre las \u00faltimas tendencias en dise\u00f1o interior para reformas integrales en Sabadell: decoraci\u00f3n moderna, materiales sostenibles y espacios multifuncionales.","og_url":"https:\/\/digesco.com\/es\/tendencias-en-diseno-interior-para-reformas-integrales-inspiracion-para-transformar-tu-hogar\/","og_site_name":"Digesco | Empresa de Reformas","article_published_time":"2024-06-06T21:11:15+00:00","article_modified_time":"2024-07-07T16:33:33+00:00","og_image":[{"width":900,"height":600,"url":"https:\/\/digesco.com\/wp-content\/uploads\/2024\/02\/reformas-integrales-Sabadell.jpg","type":"image\/jpeg"}],"author":"carlos","twitter_card":"summary_large_image","twitter_misc":{"Escrito por":"carlos","Tiempo de lectura":"5 minutos"},"schema":{"@context":"https:\/\/schema.org","@graph":[{"@type":"Article","@id":"https:\/\/digesco.com\/tendencias-en-diseno-interior-para-reformas-integrales-inspiracion-para-transformar-tu-hogar\/#article","isPartOf":{"@id":"https:\/\/digesco.com\/tendencias-en-diseno-interior-para-reformas-integrales-inspiracion-para-transformar-tu-hogar\/"},"author":{"name":"carlos","@id":"https:\/\/digesco.com\/es\/#\/schema\/person\/ea6fbf2c71e22aef72d5e9db0cdc34e3"},"headline":"Tendencias en dise\u00f1o interior para reformas integrales: Inspiraci\u00f3n para transformar tu hogar","datePublished":"2024-06-06T21:11:15+00:00","dateModified":"2024-07-07T16:33:33+00:00","mainEntityOfPage":{"@id":"https:\/\/digesco.com\/tendencias-en-diseno-interior-para-reformas-integrales-inspiracion-para-transformar-tu-hogar\/"},"wordCount":878,"commentCount":0,"image":{"@id":"https:\/\/digesco.com\/tendencias-en-diseno-interior-para-reformas-integrales-inspiracion-para-transformar-tu-hogar\/#primaryimage"},"thumbnailUrl":"https:\/\/digesco.com\/wp-content\/uploads\/2024\/02\/reformas-integrales-Sabadell.jpg","keywords":["reformas integrales sabadell"],"articleSection":["reformas integrales en Sabadell"],"inLanguage":"es","potentialAction":[{"@type":"CommentAction","name":"Comment","target":["https:\/\/digesco.com\/tendencias-en-diseno-interior-para-reformas-integrales-inspiracion-para-transformar-tu-hogar\/#respond"]}]},{"@type":"WebPage","@id":"https:\/\/digesco.com\/tendencias-en-diseno-interior-para-reformas-integrales-inspiracion-para-transformar-tu-hogar\/","url":"https:\/\/digesco.com\/tendencias-en-diseno-interior-para-reformas-integrales-inspiracion-para-transformar-tu-hogar\/","name":"Tendencias en dise\u00f1o interior para reformas integrales: Inspiraci\u00f3n para transformar tu hogar - Digesco | Empresa de Reformas","isPartOf":{"@id":"https:\/\/digesco.com\/es\/#website"},"primaryImageOfPage":{"@id":"https:\/\/digesco.com\/tendencias-en-diseno-interior-para-reformas-integrales-inspiracion-para-transformar-tu-hogar\/#primaryimage"},"image":{"@id":"https:\/\/digesco.com\/tendencias-en-diseno-interior-para-reformas-integrales-inspiracion-para-transformar-tu-hogar\/#primaryimage"},"thumbnailUrl":"https:\/\/digesco.com\/wp-content\/uploads\/2024\/02\/reformas-integrales-Sabadell.jpg","datePublished":"2024-06-06T21:11:15+00:00","dateModified":"2024-07-07T16:33:33+00:00","author":{"@id":"https:\/\/digesco.com\/es\/#\/schema\/person\/ea6fbf2c71e22aef72d5e9db0cdc34e3"},"description":"Descubre las \u00faltimas tendencias en dise\u00f1o interior para reformas integrales en Sabadell: decoraci\u00f3n moderna, materiales sostenibles y espacios multifuncionales.","breadcrumb":{"@id":"https:\/\/digesco.com\/tendencias-en-diseno-interior-para-reformas-integrales-inspiracion-para-transformar-tu-hogar\/#breadcrumb"},"inLanguage":"es","potentialAction":[{"@type":"ReadAction","target":["https:\/\/digesco.com\/tendencias-en-diseno-interior-para-reformas-integrales-inspiracion-para-transformar-tu-hogar\/"]}]},{"@type":"ImageObject","inLanguage":"es","@id":"https:\/\/digesco.com\/tendencias-en-diseno-interior-para-reformas-integrales-inspiracion-para-transformar-tu-hogar\/#primaryimage","url":"https:\/\/digesco.com\/wp-content\/uploads\/2024\/02\/reformas-integrales-Sabadell.jpg","contentUrl":"https:\/\/digesco.com\/wp-content\/uploads\/2024\/02\/reformas-integrales-Sabadell.jpg","width":900,"height":600,"caption":"cocina reformada"},{"@type":"BreadcrumbList","@id":"https:\/\/digesco.com\/tendencias-en-diseno-interior-para-reformas-integrales-inspiracion-para-transformar-tu-hogar\/#breadcrumb","itemListElement":[{"@type":"ListItem","position":1,"name":"Portada","item":"https:\/\/digesco.com\/es\/"},{"@type":"ListItem","position":2,"name":"Tendencias en dise\u00f1o interior para reformas integrales: Inspiraci\u00f3n para transformar tu hogar"}]},{"@type":"WebSite","@id":"https:\/\/digesco.com\/es\/#website","url":"https:\/\/digesco.com\/es\/","name":"Digesco | Empresa de Reformas","description":"Empresa especializada y dedicada al mundo de la construcci\u00f3n, con trabajos tanto en el \u00e1mbito p\u00fablico como privado. En digesco ofrecemos un servicio integral para la construcci\u00f3n","potentialAction":[{"@type":"SearchAction","target":{"@type":"EntryPoint","urlTemplate":"https:\/\/digesco.com\/es\/?s={search_term_string}"},"query-input":{"@type":"PropertyValueSpecification","valueRequired":true,"valueName":"search_term_string"}}],"inLanguage":"es"},{"@type":"Person","@id":"https:\/\/digesco.com\/es\/#\/schema\/person\/ea6fbf2c71e22aef72d5e9db0cdc34e3","name":"carlos","image":{"@type":"ImageObject","inLanguage":"es","@id":"https:\/\/digesco.com\/es\/#\/schema\/person\/image\/","url":"https:\/\/secure.gravatar.com\/avatar\/ab10b60551e807f6b37d54bb09e40bc41b08e3828d46504634ad6f35da1b46dc?s=96&d=mm&r=g","contentUrl":"https:\/\/secure.gravatar.com\/avatar\/ab10b60551e807f6b37d54bb09e40bc41b08e3828d46504634ad6f35da1b46dc?s=96&d=mm&r=g","caption":"carlos"},"url":"https:\/\/digesco.com\/es\/author\/carlos\/"}]}},"_links":{"self":[{"href":"https:\/\/digesco.com\/es\/wp-json\/wp\/v2\/posts\/1192","targetHints":{"allow":["GET"]}}],"collection":[{"href":"https:\/\/digesco.com\/es\/wp-json\/wp\/v2\/posts"}],"about":[{"href":"https:\/\/digesco.com\/es\/wp-json\/wp\/v2\/types\/post"}],"author":[{"embeddable":true,"href":"https:\/\/digesco.com\/es\/wp-json\/wp\/v2\/users\/2"}],"replies":[{"embeddable":true,"href":"https:\/\/digesco.com\/es\/wp-json\/wp\/v2\/comments?post=1192"}],"version-history":[{"count":1,"href":"https:\/\/digesco.com\/es\/wp-json\/wp\/v2\/posts\/1192\/revisions"}],"predecessor-version":[{"id":1194,"href":"https:\/\/digesco.com\/es\/wp-json\/wp\/v2\/posts\/1192\/revisions\/1194"}],"wp:featuredmedia":[{"embeddable":true,"href":"https:\/\/digesco.com\/es\/wp-json\/wp\/v2\/media\/1064"}],"wp:attachment":[{"href":"https:\/\/digesco.com\/es\/wp-json\/wp\/v2\/media?parent=1192"}],"wp:term":[{"taxonomy":"category","embeddable":true,"href":"https:\/\/digesco.com\/es\/wp-json\/wp\/v2\/categories?post=1192"},{"taxonomy":"post_tag","embeddable":true,"href":"https:\/\/digesco.com\/es\/wp-json\/wp\/v2\/tags?post=1192"}],"curies":[{"name":"wp","href":"https:\/\/api.w.org\/{rel}","templated":true}]}}