{"id":1067,"date":"2024-03-20T11:42:40","date_gmt":"2024-03-20T11:42:40","guid":{"rendered":"https:\/\/digesco.com\/?p=1067"},"modified":"2024-03-26T09:51:26","modified_gmt":"2024-03-26T09:51:26","slug":"reforma-integral-en-sabadell-tendencias-y-ejemplos-de-proyectos-innovadores-con-digesco","status":"publish","type":"post","link":"https:\/\/digesco.com\/es\/reforma-integral-en-sabadell-tendencias-y-ejemplos-de-proyectos-innovadores-con-digesco\/","title":{"rendered":"Reforma integral a Sabadell: Tend\u00e8ncies i exemples de projectes innovadors amb Digesco"},"content":{"rendered":"<h2>Explorant les \u00faltimes tend\u00e8ncies en materials i disseny d&#8217;interiors per a reformes integrals a Sabadell<\/h2>\n<p style=\"text-align: justify;\">En el din\u00e0mic m\u00f3n de les <a href=\"https:\/\/digesco.com\/es\/reformas-integrales-sabadell\/\"><strong>reformes integrals a Sabadell<\/strong><\/a>, \u00e9s crucial estar al corrent de les \u00faltimes tend\u00e8ncies en materials, estils de disseny d&#8217;interiors i solucions innovadores. En aquest article, submergeix-te amb nosaltres en l&#8217;excitant univers de la renovaci\u00f3 d&#8217;espais amb un enfocament especial a Sabadell. Des de materials sostenibles fins a t\u00e8cniques de disseny avantguardistes, explorarem com Digesco est\u00e0 a l&#8217;avantguarda de les reformes integrals en aquesta ciutat. Prepara&#8217;t per inspirar-te i descobrir com pots transformar el teu llar o lloc de treball amb estil i funcionalitat.<\/p>\n<p style=\"text-align: justify;\"><img fetchpriority=\"high\" decoding=\"async\" class=\"alignnone wp-image-1069 size-full\" src=\"https:\/\/digesco.com\/wp-content\/uploads\/2024\/03\/reformas-integrales-en-Sabadell-2.jpg\" alt=\"\" width=\"2000\" height=\"1414\" srcset=\"https:\/\/digesco.com\/wp-content\/uploads\/2024\/03\/reformas-integrales-en-Sabadell-2.jpg 2000w, https:\/\/digesco.com\/wp-content\/uploads\/2024\/03\/reformas-integrales-en-Sabadell-2-300x212.jpg 300w, https:\/\/digesco.com\/wp-content\/uploads\/2024\/03\/reformas-integrales-en-Sabadell-2-1024x724.jpg 1024w, https:\/\/digesco.com\/wp-content\/uploads\/2024\/03\/reformas-integrales-en-Sabadell-2-768x543.jpg 768w, https:\/\/digesco.com\/wp-content\/uploads\/2024\/03\/reformas-integrales-en-Sabadell-2-1536x1086.jpg 1536w, https:\/\/digesco.com\/wp-content\/uploads\/2024\/03\/reformas-integrales-en-Sabadell-2-18x12.jpg 18w\" sizes=\"(max-width: 2000px) 100vw, 2000px\" \/><\/p>\n<h3 style=\"text-align: justify;\">1. Materialss sostenibles:<\/h3>\n<p>En el context actual de creixent consci\u00e8ncia ambiental, la preocupaci\u00f3 pel medi ambient ha adquirit un paper central en l&#8217;\u00e0mbit de les reformes integrals a Sabadell. Cada vegada m\u00e9s, els clients estan buscant opcions que no nom\u00e9s embelleixin els seus espais, sin\u00f3 que tamb\u00e9 reflecteixin el seu comprom\u00eds amb la sostenibilitat i la reducci\u00f3 de la seva empremta ambiental.<\/p>\n<p>Des de l&#8217;\u00fas de fusta recuperada de fonts certificades fins a l&#8217;adopci\u00f3 de revestiments ecol\u00f2gics fabricats amb materials reciclats, la demanda de materials sostenibles est\u00e0 en al\u00e7a. Els clients desitgen prendre decisions informades que no nom\u00e9s millorin l&#8217;est\u00e8tica dels seus llars o oficines, sin\u00f3 que tamb\u00e9 contribueixin de manera positiva al medi ambient.<\/p>\n<p>A Digesco, ens enorgulleix liderar aquest moviment cap a la sostenibilitat, oferint una \u00e0mplia gamma d&#8217;opcions de materials sostenibles per satisfer les necessitats i prefer\u00e8ncies dels nostres clients conscients del medi ambient. La nostra dedicaci\u00f3 a la qualitat i l&#8217;\u00e8tica ens impulsa a col\u00b7laborar amb prove\u00efdors de renom que comparteixen els nostres valors de responsabilitat ambiental, garantint aix\u00ed que cada projecte de reforma integral a Sabadell tingui un impacte positiu en el planeta.<\/p>\n<p>En optar per materials sostenibles en els seus projectes de renovaci\u00f3, els nostres clients no nom\u00e9s estan contribuint a la preservaci\u00f3 dels recursos naturals, sin\u00f3 que tamb\u00e9 estan invertint en la creaci\u00f3 d&#8217;espais m\u00e9s saludables i respectuosos amb el medi ambient per a ells mateixos i les generacions futures. A Digesco, creiem fermament que la sostenibilitat i el disseny poden anar de la m\u00e0, i ens comprometem a seguir liderant el cam\u00ed cap a un futur m\u00e9s verd i conscient en el camp de les reformes integrals a Sabadell.<\/p>\n<h3 style=\"text-align: justify;\">2. Estils de disseny vers\u00e0tils:<\/h3>\n<p>A Sabadell, els clients estan immersos en un emocionant viatge d&#8217;exploraci\u00f3 i descobriment quan es tracta d&#8217;estils de disseny per a les seves reformes integrals. Cada vegada m\u00e9s, es troben buscant una \u00e0mplia gamma d&#8217;opcions que abasten des del minimalisme elegant fins a l&#8217;estil industrial chic, passant per una varietat de tend\u00e8ncies interm\u00e8dies i ecl\u00e8ctiques. Aquest apetit per la diversitat reflecteix una creixent apreciaci\u00f3 per la individualitat i l&#8217;expressi\u00f3 personal en el disseny d&#8217;interiors.<\/p>\n<p>A Digesco, entenem profundament la import\u00e0ncia d&#8217;aquest aspecte. Creiem fermament que cada espai ha de ser una extensi\u00f3 aut\u00e8ntica de qui el habita o l&#8217;utilitza, i \u00e9s per aix\u00f2 que ens comprometem a oferir una \u00e0mplia gamma d&#8217;opcions de disseny que s&#8217;adaptin als gustos, necessitats i estils de vida \u00fanics dels nostres clients a Sabadell.<\/p>\n<p>Quan es tracta de reformes integrals a Sabadell, reconeixem que no hi ha un enfocament \u00fanic que funcioni per a tots. \u00c9s per aix\u00f2 que la nostra missi\u00f3 va m\u00e9s enll\u00e0 de simplement crear ambients visualment impressionants. Ens esforcem per entendre profundament els desitjos i requisits de cada client, treballant en estreta col\u00b7laboraci\u00f3 amb ells per conceptualitzar i materialitzar les seves visions de disseny de manera impecable.<\/p>\n<p>Ja sigui que un client busqui una est\u00e8tica moderna i minimalista per al seu llar, o preferisqui un enfocament m\u00e9s r\u00fastic i acollidor per al seu espai comercial, estem equipats amb l&#8217;experi\u00e8ncia i la creativitat necess\u00e0ries per fer realitat els seus somnis. El nostre equip de dissenyadors i enginyers altament capacitats est\u00e0 dedicat a trobar solucions innovadores que no nom\u00e9s compleixin, sin\u00f3 que superin les expectatives dels nostres clients en cada etapa del proc\u00e9s de reforma integral a Sabadell.<\/p>\n<p>En \u00faltima inst\u00e0ncia, entenem que la <strong>reforma integral a Sabadell<\/strong> \u00e9s una empresa emocionant i transformadora, i estem aqu\u00ed per guiar els nostres clients a trav\u00e9s de cada pas del cam\u00ed. Des de la selecci\u00f3 de materials fins a la implementaci\u00f3 de dissenys personalitzats, la nostra atenci\u00f3 al detall i el nostre comprom\u00eds amb l&#8217;excel\u00b7l\u00e8ncia s\u00f3n inquebrantables.<br \/>\nA Digesco, ens enorgulleix ser l\u00edders en la ind\u00fastria de les reformes integrals a Sabadell, i esperem poder ajudar a transformar la seva visi\u00f3 en realitat.<\/p>\n<p style=\"text-align: justify;\"><img decoding=\"async\" class=\"alignnone wp-image-1070 size-full\" src=\"https:\/\/digesco.com\/wp-content\/uploads\/2024\/03\/reformas-integrales-en-Sabadell-3.jpg\" alt=\"\" width=\"2000\" height=\"1414\" srcset=\"https:\/\/digesco.com\/wp-content\/uploads\/2024\/03\/reformas-integrales-en-Sabadell-3.jpg 2000w, https:\/\/digesco.com\/wp-content\/uploads\/2024\/03\/reformas-integrales-en-Sabadell-3-300x212.jpg 300w, https:\/\/digesco.com\/wp-content\/uploads\/2024\/03\/reformas-integrales-en-Sabadell-3-1024x724.jpg 1024w, https:\/\/digesco.com\/wp-content\/uploads\/2024\/03\/reformas-integrales-en-Sabadell-3-768x543.jpg 768w, https:\/\/digesco.com\/wp-content\/uploads\/2024\/03\/reformas-integrales-en-Sabadell-3-1536x1086.jpg 1536w, https:\/\/digesco.com\/wp-content\/uploads\/2024\/03\/reformas-integrales-en-Sabadell-3-18x12.jpg 18w\" sizes=\"(max-width: 2000px) 100vw, 2000px\" \/><\/p>\n<h3 style=\"text-align: justify;\">3. Integraci\u00f3 de tecnolog\u00eda intel\u00b7ligent:<\/h3>\n<p>L&#8217;augment de la influ\u00e8ncia de la tecnologia intel\u00b7ligent ha marcat un hito significatiu en l&#8217;evoluci\u00f3 de les nostres vides quotidianes, estenent-se fins i tot al \u00e0mbit de les reformes integrals a Sabadell. En l&#8217;actualitat, els clients no nom\u00e9s aspiren a espais bellament dissenyats, sin\u00f3 tamb\u00e9 a entorns que incorporin de manera h\u00e0bil i discreta les \u00faltimes innovacions tecnol\u00f2giques per millorar la seva qualitat de vida i seguretat.<\/p>\n<p>Des de sistemes d&#8217;automatitzaci\u00f3 del llar que controlen la il\u00b7luminaci\u00f3, la temperatura i els dispositius electr\u00f2nics amb senzills comandaments de veu, fins a dispositius de seguretat avan\u00e7ats que garanteixen la protecci\u00f3 de les propietats i de qui les habita, la demanda d&#8217;integraci\u00f3 tecnol\u00f2gica en les reformes integrals \u00e9s evidentment creixent. Els clients desitgen experi\u00e8ncies m\u00e9s convenients, segures i eficients en els seus espais renovats, i la tecnologia intel\u00b7ligent \u00e9s la resposta a aquesta demanda.<\/p>\n<p>En aquest context, Digesco es posiciona com a l\u00edder indiscutible, sempre a l&#8217;avantguarda de les \u00faltimes tend\u00e8ncies i desenvolupaments en l&#8217;\u00e0mbit de la tecnologia aplicada a les reformes integrals a Sabadell. Ens enorgulleix oferir solucions innovadores que van m\u00e9s enll\u00e0 del convencional, proporcionant als nostres clients l&#8217;oportunitat d&#8217;experimentar un nou nivell de comoditat i tranquil\u00b7litat en els seus llars o oficines renovades.<\/p>\n<p>El nostre enfocament no es limita simplement a la instal\u00b7laci\u00f3 de dispositius tecnol\u00f2gics, sin\u00f3 que s&#8217;est\u00e9n a la integraci\u00f3 intel\u00b7ligent d&#8217;aquests dins del disseny general de l&#8217;espai. Aix\u00f2 significa que cada element tecnol\u00f2gic s&#8217;incorpora de manera harmoniosa i discreta, sense comprometre l&#8217;est\u00e8tica ni la funcionalitat de l&#8217;entorn. A Digesco, entenem que la tecnologia intel\u00b7ligent ha de complementar i millorar l&#8217;experi\u00e8ncia dels nostres clients, i treballem diligentment per aconseguir aquest equilibri perfecte en cada projecte que emprenguem.<\/p>\n<h3 style=\"text-align: justify;\">4. Espais multifuncionals:<\/h3>\n<p>En un m\u00f3n on l&#8217;espai \u00e9s un b\u00e9 cada vegada m\u00e9s preuat i l&#8217;efici\u00e8ncia es converteix en una prioritat, la tend\u00e8ncia cap a espais multifuncionals est\u00e0 guanyant una popularitat creixent en les reformes integrals a Sabadell. Avui dia, els clients no nom\u00e9s busquen renovar els seus llars o oficines per embellir-los, sin\u00f3 tamb\u00e9 per optimitzar la seva funcionalitat i fer un \u00fas m\u00e9s intel\u00b7ligent de cada metre quadrat disponible.<\/p>\n<p>En aquest context, la demanda de solucions creatives i vers\u00e0tils s&#8217;ha tornat m\u00e9s pronunciada que mai. Tant en llars petites com en oficines compactes, els propietaris i empresaris estan buscant maneres innovadores de maximitzar el potencial dels seus espais, sense comprometre l&#8217;estil ni la comoditat. \u00c9s aqu\u00ed on entra en joc l&#8217;experi\u00e8ncia i l&#8217;enfocament centrat en el client de Digesco.<\/p>\n<p style=\"text-align: justify;\"><img decoding=\"async\" class=\"alignnone wp-image-1068 size-full\" src=\"https:\/\/digesco.com\/wp-content\/uploads\/2024\/03\/reformas-integrales-en-Sabadell-1.jpg\" alt=\"\" width=\"2000\" height=\"1414\" srcset=\"https:\/\/digesco.com\/wp-content\/uploads\/2024\/03\/reformas-integrales-en-Sabadell-1.jpg 2000w, https:\/\/digesco.com\/wp-content\/uploads\/2024\/03\/reformas-integrales-en-Sabadell-1-300x212.jpg 300w, https:\/\/digesco.com\/wp-content\/uploads\/2024\/03\/reformas-integrales-en-Sabadell-1-1024x724.jpg 1024w, https:\/\/digesco.com\/wp-content\/uploads\/2024\/03\/reformas-integrales-en-Sabadell-1-768x543.jpg 768w, https:\/\/digesco.com\/wp-content\/uploads\/2024\/03\/reformas-integrales-en-Sabadell-1-1536x1086.jpg 1536w, https:\/\/digesco.com\/wp-content\/uploads\/2024\/03\/reformas-integrales-en-Sabadell-1-18x12.jpg 18w\" sizes=\"(max-width: 2000px) 100vw, 2000px\" \/><\/p>\n<p>A Digesco, ens enorgulleix especialitzar-nos en el disseny i l&#8217;execuci\u00f3 de projectes de reforma integral que van m\u00e9s enll\u00e0 de la mera est\u00e8tica. Ens esforcem per crear espais que no nom\u00e9s siguin visualment atractius, sin\u00f3 tamb\u00e9 altament funcionals i adaptats a les necessitats espec\u00edfiques de cada client. Ja sigui transformant una cuina en una \u00e0rea de treball vers\u00e0til o convertint una oficina en un espai col\u00b7laboratiu i acollidor, el nostre objectiu \u00e9s superar les expectatives en cada projecte que emprenguem.<\/p>\n<p>El nostre enfocament en la versatilitat i l&#8217;adaptabilitat ens permet oferir solucions a mida que s&#8217;ajustin perfectament als estils de vida i les activitats di\u00e0ries dels nostres clients. Fem servir una combinaci\u00f3 de t\u00e8cniques de disseny intel\u00b7ligents, selecci\u00f3 cuidadosa de materials i un profund coneixement de les \u00faltimes tend\u00e8ncies en arquitectura i decoraci\u00f3 d&#8217;interiors per crear espais que siguin veritablement \u00fanics i funcionals.<\/p>\n<p>Les <strong>reformes integrals a Sabadell<\/strong> estan evolucionant r\u00e0pidament per satisfer les demandes de clients exigents que busquen estil, funcionalitat i sostenibilitat. A Digesco, estem compromesos a oferir solucions innovadores que superin les expectatives dels nostres clients i transformin els seus espais en alguna cosa extraordin\u00e0ria. Si est\u00e0s pensant en realitzar una reforma integral a Sabadell, contacta&#8217;ns avui mateix i deixa&#8217;ns fer realitat els teus somnis de renovaci\u00f3!<\/p>","protected":false},"excerpt":{"rendered":"<p>Explorant les \u00faltimes tend\u00e8ncies en materials i disseny d&#8217;interiors per a reformes integrals a Sabadell En el din\u00e0mic m\u00f3n de les reformes integrals a Sabadell, \u00e9s crucial estar al corrent de les \u00faltimes tend\u00e8ncies en materials, estils de disseny d&#8217;interiors i solucions innovadores. En aquest article, submergeix-te amb nosaltres en l&#8217;excitant univers de la renovaci\u00f3&hellip;&nbsp;<a href=\"https:\/\/digesco.com\/es\/reforma-integral-en-sabadell-tendencias-y-ejemplos-de-proyectos-innovadores-con-digesco\/\" rel=\"bookmark\"><span class=\"screen-reader-text\">Reforma integral a Sabadell: Tend\u00e8ncies i exemples de projectes innovadors amb Digesco<\/span><\/a><\/p>","protected":false},"author":2,"featured_media":1071,"comment_status":"open","ping_status":"open","sticky":false,"template":"","format":"standard","meta":{"neve_meta_sidebar":"","neve_meta_container":"","neve_meta_enable_content_width":"off","neve_meta_content_width":70,"neve_meta_title_alignment":"","neve_meta_author_avatar":"","neve_post_elements_order":"","neve_meta_disable_header":"","neve_meta_disable_footer":"","neve_meta_disable_title":"","_joinchat":[],"footnotes":""},"categories":[15],"tags":[14],"class_list":["post-1067","post","type-post","status-publish","format-standard","has-post-thumbnail","hentry","category-reformas-integrales-en-sabadell","tag-reformas-integrales-en-sabadell"],"yoast_head":"<!-- This site is optimized with the Yoast SEO plugin v26.9 - https:\/\/yoast.com\/product\/yoast-seo-wordpress\/ -->\n<title>Reforma integral a Sabadell: Tend\u00e8ncies i exemples de projectes innovadors amb Digesco - Digesco | Empresa de Reformas<\/title>\n<meta name=\"description\" content=\"Digesco: Reformas integrales en Sabadell. Soluciones creativas y vers\u00e1tiles para maximizar el espacio y satisfacer las necesidades de cada cliente\" \/>\n<meta name=\"robots\" content=\"index, follow, max-snippet:-1, max-image-preview:large, max-video-preview:-1\" \/>\n<link rel=\"canonical\" href=\"https:\/\/digesco.com\/es\/reforma-integral-en-sabadell-tendencias-y-ejemplos-de-proyectos-innovadores-con-digesco\/\" \/>\n<meta property=\"og:locale\" content=\"es_ES\" \/>\n<meta property=\"og:type\" content=\"article\" \/>\n<meta property=\"og:title\" content=\"Reforma integral a Sabadell: Tend\u00e8ncies i exemples de projectes innovadors amb Digesco - Digesco | Empresa de Reformas\" \/>\n<meta property=\"og:description\" content=\"Digesco: Reformas integrales en Sabadell. Soluciones creativas y vers\u00e1tiles para maximizar el espacio y satisfacer las necesidades de cada cliente\" \/>\n<meta property=\"og:url\" content=\"https:\/\/digesco.com\/es\/reforma-integral-en-sabadell-tendencias-y-ejemplos-de-proyectos-innovadores-con-digesco\/\" \/>\n<meta property=\"og:site_name\" content=\"Digesco | Empresa de Reformas\" \/>\n<meta property=\"article:published_time\" content=\"2024-03-20T11:42:40+00:00\" \/>\n<meta property=\"article:modified_time\" content=\"2024-03-26T09:51:26+00:00\" \/>\n<meta property=\"og:image\" content=\"https:\/\/digesco.com\/wp-content\/uploads\/2024\/03\/reformas-integrales-en-Sabadell.jpg\" \/>\n\t<meta property=\"og:image:width\" content=\"2000\" \/>\n\t<meta property=\"og:image:height\" content=\"1414\" \/>\n\t<meta property=\"og:image:type\" content=\"image\/jpeg\" \/>\n<meta name=\"author\" content=\"carlos\" \/>\n<meta name=\"twitter:card\" content=\"summary_large_image\" \/>\n<meta name=\"twitter:label1\" content=\"Escrito por\" \/>\n\t<meta name=\"twitter:data1\" content=\"carlos\" \/>\n\t<meta name=\"twitter:label2\" content=\"Tiempo de lectura\" \/>\n\t<meta name=\"twitter:data2\" content=\"7 minutos\" \/>\n<script type=\"application\/ld+json\" class=\"yoast-schema-graph\">{\"@context\":\"https:\/\/schema.org\",\"@graph\":[{\"@type\":\"Article\",\"@id\":\"https:\/\/digesco.com\/reforma-integral-en-sabadell-tendencias-y-ejemplos-de-proyectos-innovadores-con-digesco\/#article\",\"isPartOf\":{\"@id\":\"https:\/\/digesco.com\/reforma-integral-en-sabadell-tendencias-y-ejemplos-de-proyectos-innovadores-con-digesco\/\"},\"author\":{\"name\":\"carlos\",\"@id\":\"https:\/\/digesco.com\/es\/#\/schema\/person\/ea6fbf2c71e22aef72d5e9db0cdc34e3\"},\"headline\":\"Reforma integral a Sabadell: Tend\u00e8ncies i exemples de projectes innovadors amb Digesco\",\"datePublished\":\"2024-03-20T11:42:40+00:00\",\"dateModified\":\"2024-03-26T09:51:26+00:00\",\"mainEntityOfPage\":{\"@id\":\"https:\/\/digesco.com\/reforma-integral-en-sabadell-tendencias-y-ejemplos-de-proyectos-innovadores-con-digesco\/\"},\"wordCount\":1524,\"commentCount\":0,\"image\":{\"@id\":\"https:\/\/digesco.com\/reforma-integral-en-sabadell-tendencias-y-ejemplos-de-proyectos-innovadores-con-digesco\/#primaryimage\"},\"thumbnailUrl\":\"https:\/\/digesco.com\/wp-content\/uploads\/2024\/03\/reformas-integrales-en-Sabadell.jpg\",\"keywords\":[\"reformas integrales en Sabadell\"],\"articleSection\":[\"reformas integrales en Sabadell\"],\"inLanguage\":\"es\",\"potentialAction\":[{\"@type\":\"CommentAction\",\"name\":\"Comment\",\"target\":[\"https:\/\/digesco.com\/reforma-integral-en-sabadell-tendencias-y-ejemplos-de-proyectos-innovadores-con-digesco\/#respond\"]}]},{\"@type\":\"WebPage\",\"@id\":\"https:\/\/digesco.com\/reforma-integral-en-sabadell-tendencias-y-ejemplos-de-proyectos-innovadores-con-digesco\/\",\"url\":\"https:\/\/digesco.com\/reforma-integral-en-sabadell-tendencias-y-ejemplos-de-proyectos-innovadores-con-digesco\/\",\"name\":\"Reforma integral a Sabadell: Tend\u00e8ncies i exemples de projectes innovadors amb Digesco - Digesco | Empresa de Reformas\",\"isPartOf\":{\"@id\":\"https:\/\/digesco.com\/es\/#website\"},\"primaryImageOfPage\":{\"@id\":\"https:\/\/digesco.com\/reforma-integral-en-sabadell-tendencias-y-ejemplos-de-proyectos-innovadores-con-digesco\/#primaryimage\"},\"image\":{\"@id\":\"https:\/\/digesco.com\/reforma-integral-en-sabadell-tendencias-y-ejemplos-de-proyectos-innovadores-con-digesco\/#primaryimage\"},\"thumbnailUrl\":\"https:\/\/digesco.com\/wp-content\/uploads\/2024\/03\/reformas-integrales-en-Sabadell.jpg\",\"datePublished\":\"2024-03-20T11:42:40+00:00\",\"dateModified\":\"2024-03-26T09:51:26+00:00\",\"author\":{\"@id\":\"https:\/\/digesco.com\/es\/#\/schema\/person\/ea6fbf2c71e22aef72d5e9db0cdc34e3\"},\"description\":\"Digesco: Reformas integrales en Sabadell. Soluciones creativas y vers\u00e1tiles para maximizar el espacio y satisfacer las necesidades de cada cliente\",\"breadcrumb\":{\"@id\":\"https:\/\/digesco.com\/reforma-integral-en-sabadell-tendencias-y-ejemplos-de-proyectos-innovadores-con-digesco\/#breadcrumb\"},\"inLanguage\":\"es\",\"potentialAction\":[{\"@type\":\"ReadAction\",\"target\":[\"https:\/\/digesco.com\/reforma-integral-en-sabadell-tendencias-y-ejemplos-de-proyectos-innovadores-con-digesco\/\"]}]},{\"@type\":\"ImageObject\",\"inLanguage\":\"es\",\"@id\":\"https:\/\/digesco.com\/reforma-integral-en-sabadell-tendencias-y-ejemplos-de-proyectos-innovadores-con-digesco\/#primaryimage\",\"url\":\"https:\/\/digesco.com\/wp-content\/uploads\/2024\/03\/reformas-integrales-en-Sabadell.jpg\",\"contentUrl\":\"https:\/\/digesco.com\/wp-content\/uploads\/2024\/03\/reformas-integrales-en-Sabadell.jpg\",\"width\":2000,\"height\":1414},{\"@type\":\"BreadcrumbList\",\"@id\":\"https:\/\/digesco.com\/reforma-integral-en-sabadell-tendencias-y-ejemplos-de-proyectos-innovadores-con-digesco\/#breadcrumb\",\"itemListElement\":[{\"@type\":\"ListItem\",\"position\":1,\"name\":\"Portada\",\"item\":\"https:\/\/digesco.com\/es\/\"},{\"@type\":\"ListItem\",\"position\":2,\"name\":\"Reforma integral a Sabadell: Tend\u00e8ncies i exemples de projectes innovadors amb Digesco\"}]},{\"@type\":\"WebSite\",\"@id\":\"https:\/\/digesco.com\/es\/#website\",\"url\":\"https:\/\/digesco.com\/es\/\",\"name\":\"Digesco | Empresa de Reformas\",\"description\":\"Empresa especializada y dedicada al mundo de la construcci\u00f3n, con trabajos tanto en el \u00e1mbito p\u00fablico como privado. En digesco ofrecemos un servicio integral para la construcci\u00f3n\",\"potentialAction\":[{\"@type\":\"SearchAction\",\"target\":{\"@type\":\"EntryPoint\",\"urlTemplate\":\"https:\/\/digesco.com\/es\/?s={search_term_string}\"},\"query-input\":{\"@type\":\"PropertyValueSpecification\",\"valueRequired\":true,\"valueName\":\"search_term_string\"}}],\"inLanguage\":\"es\"},{\"@type\":\"Person\",\"@id\":\"https:\/\/digesco.com\/es\/#\/schema\/person\/ea6fbf2c71e22aef72d5e9db0cdc34e3\",\"name\":\"carlos\",\"image\":{\"@type\":\"ImageObject\",\"inLanguage\":\"es\",\"@id\":\"https:\/\/digesco.com\/es\/#\/schema\/person\/image\/\",\"url\":\"https:\/\/secure.gravatar.com\/avatar\/ab10b60551e807f6b37d54bb09e40bc41b08e3828d46504634ad6f35da1b46dc?s=96&d=mm&r=g\",\"contentUrl\":\"https:\/\/secure.gravatar.com\/avatar\/ab10b60551e807f6b37d54bb09e40bc41b08e3828d46504634ad6f35da1b46dc?s=96&d=mm&r=g\",\"caption\":\"carlos\"},\"url\":\"https:\/\/digesco.com\/es\/author\/carlos\/\"}]}<\/script>\n<!-- \/ Yoast SEO plugin. -->","yoast_head_json":{"title":"Reforma integral a Sabadell: Tend\u00e8ncies i exemples de projectes innovadors amb Digesco - Digesco | Empresa de Reformas","description":"Digesco: Reformas integrales en Sabadell. Soluciones creativas y vers\u00e1tiles para maximizar el espacio y satisfacer las necesidades de cada cliente","robots":{"index":"index","follow":"follow","max-snippet":"max-snippet:-1","max-image-preview":"max-image-preview:large","max-video-preview":"max-video-preview:-1"},"canonical":"https:\/\/digesco.com\/es\/reforma-integral-en-sabadell-tendencias-y-ejemplos-de-proyectos-innovadores-con-digesco\/","og_locale":"es_ES","og_type":"article","og_title":"Reforma integral a Sabadell: Tend\u00e8ncies i exemples de projectes innovadors amb Digesco - Digesco | Empresa de Reformas","og_description":"Digesco: Reformas integrales en Sabadell. Soluciones creativas y vers\u00e1tiles para maximizar el espacio y satisfacer las necesidades de cada cliente","og_url":"https:\/\/digesco.com\/es\/reforma-integral-en-sabadell-tendencias-y-ejemplos-de-proyectos-innovadores-con-digesco\/","og_site_name":"Digesco | Empresa de Reformas","article_published_time":"2024-03-20T11:42:40+00:00","article_modified_time":"2024-03-26T09:51:26+00:00","og_image":[{"width":2000,"height":1414,"url":"https:\/\/digesco.com\/wp-content\/uploads\/2024\/03\/reformas-integrales-en-Sabadell.jpg","type":"image\/jpeg"}],"author":"carlos","twitter_card":"summary_large_image","twitter_misc":{"Escrito por":"carlos","Tiempo de lectura":"7 minutos"},"schema":{"@context":"https:\/\/schema.org","@graph":[{"@type":"Article","@id":"https:\/\/digesco.com\/reforma-integral-en-sabadell-tendencias-y-ejemplos-de-proyectos-innovadores-con-digesco\/#article","isPartOf":{"@id":"https:\/\/digesco.com\/reforma-integral-en-sabadell-tendencias-y-ejemplos-de-proyectos-innovadores-con-digesco\/"},"author":{"name":"carlos","@id":"https:\/\/digesco.com\/es\/#\/schema\/person\/ea6fbf2c71e22aef72d5e9db0cdc34e3"},"headline":"Reforma integral a Sabadell: Tend\u00e8ncies i exemples de projectes innovadors amb Digesco","datePublished":"2024-03-20T11:42:40+00:00","dateModified":"2024-03-26T09:51:26+00:00","mainEntityOfPage":{"@id":"https:\/\/digesco.com\/reforma-integral-en-sabadell-tendencias-y-ejemplos-de-proyectos-innovadores-con-digesco\/"},"wordCount":1524,"commentCount":0,"image":{"@id":"https:\/\/digesco.com\/reforma-integral-en-sabadell-tendencias-y-ejemplos-de-proyectos-innovadores-con-digesco\/#primaryimage"},"thumbnailUrl":"https:\/\/digesco.com\/wp-content\/uploads\/2024\/03\/reformas-integrales-en-Sabadell.jpg","keywords":["reformas integrales en Sabadell"],"articleSection":["reformas integrales en Sabadell"],"inLanguage":"es","potentialAction":[{"@type":"CommentAction","name":"Comment","target":["https:\/\/digesco.com\/reforma-integral-en-sabadell-tendencias-y-ejemplos-de-proyectos-innovadores-con-digesco\/#respond"]}]},{"@type":"WebPage","@id":"https:\/\/digesco.com\/reforma-integral-en-sabadell-tendencias-y-ejemplos-de-proyectos-innovadores-con-digesco\/","url":"https:\/\/digesco.com\/reforma-integral-en-sabadell-tendencias-y-ejemplos-de-proyectos-innovadores-con-digesco\/","name":"Reforma integral a Sabadell: Tend\u00e8ncies i exemples de projectes innovadors amb Digesco - Digesco | Empresa de Reformas","isPartOf":{"@id":"https:\/\/digesco.com\/es\/#website"},"primaryImageOfPage":{"@id":"https:\/\/digesco.com\/reforma-integral-en-sabadell-tendencias-y-ejemplos-de-proyectos-innovadores-con-digesco\/#primaryimage"},"image":{"@id":"https:\/\/digesco.com\/reforma-integral-en-sabadell-tendencias-y-ejemplos-de-proyectos-innovadores-con-digesco\/#primaryimage"},"thumbnailUrl":"https:\/\/digesco.com\/wp-content\/uploads\/2024\/03\/reformas-integrales-en-Sabadell.jpg","datePublished":"2024-03-20T11:42:40+00:00","dateModified":"2024-03-26T09:51:26+00:00","author":{"@id":"https:\/\/digesco.com\/es\/#\/schema\/person\/ea6fbf2c71e22aef72d5e9db0cdc34e3"},"description":"Digesco: Reformas integrales en Sabadell. Soluciones creativas y vers\u00e1tiles para maximizar el espacio y satisfacer las necesidades de cada cliente","breadcrumb":{"@id":"https:\/\/digesco.com\/reforma-integral-en-sabadell-tendencias-y-ejemplos-de-proyectos-innovadores-con-digesco\/#breadcrumb"},"inLanguage":"es","potentialAction":[{"@type":"ReadAction","target":["https:\/\/digesco.com\/reforma-integral-en-sabadell-tendencias-y-ejemplos-de-proyectos-innovadores-con-digesco\/"]}]},{"@type":"ImageObject","inLanguage":"es","@id":"https:\/\/digesco.com\/reforma-integral-en-sabadell-tendencias-y-ejemplos-de-proyectos-innovadores-con-digesco\/#primaryimage","url":"https:\/\/digesco.com\/wp-content\/uploads\/2024\/03\/reformas-integrales-en-Sabadell.jpg","contentUrl":"https:\/\/digesco.com\/wp-content\/uploads\/2024\/03\/reformas-integrales-en-Sabadell.jpg","width":2000,"height":1414},{"@type":"BreadcrumbList","@id":"https:\/\/digesco.com\/reforma-integral-en-sabadell-tendencias-y-ejemplos-de-proyectos-innovadores-con-digesco\/#breadcrumb","itemListElement":[{"@type":"ListItem","position":1,"name":"Portada","item":"https:\/\/digesco.com\/es\/"},{"@type":"ListItem","position":2,"name":"Reforma integral a Sabadell: Tend\u00e8ncies i exemples de projectes innovadors amb Digesco"}]},{"@type":"WebSite","@id":"https:\/\/digesco.com\/es\/#website","url":"https:\/\/digesco.com\/es\/","name":"Digesco | Empresa de Reformas","description":"Empresa especializada y dedicada al mundo de la construcci\u00f3n, con trabajos tanto en el \u00e1mbito p\u00fablico como privado. En digesco ofrecemos un servicio integral para la construcci\u00f3n","potentialAction":[{"@type":"SearchAction","target":{"@type":"EntryPoint","urlTemplate":"https:\/\/digesco.com\/es\/?s={search_term_string}"},"query-input":{"@type":"PropertyValueSpecification","valueRequired":true,"valueName":"search_term_string"}}],"inLanguage":"es"},{"@type":"Person","@id":"https:\/\/digesco.com\/es\/#\/schema\/person\/ea6fbf2c71e22aef72d5e9db0cdc34e3","name":"carlos","image":{"@type":"ImageObject","inLanguage":"es","@id":"https:\/\/digesco.com\/es\/#\/schema\/person\/image\/","url":"https:\/\/secure.gravatar.com\/avatar\/ab10b60551e807f6b37d54bb09e40bc41b08e3828d46504634ad6f35da1b46dc?s=96&d=mm&r=g","contentUrl":"https:\/\/secure.gravatar.com\/avatar\/ab10b60551e807f6b37d54bb09e40bc41b08e3828d46504634ad6f35da1b46dc?s=96&d=mm&r=g","caption":"carlos"},"url":"https:\/\/digesco.com\/es\/author\/carlos\/"}]}},"_links":{"self":[{"href":"https:\/\/digesco.com\/es\/wp-json\/wp\/v2\/posts\/1067","targetHints":{"allow":["GET"]}}],"collection":[{"href":"https:\/\/digesco.com\/es\/wp-json\/wp\/v2\/posts"}],"about":[{"href":"https:\/\/digesco.com\/es\/wp-json\/wp\/v2\/types\/post"}],"author":[{"embeddable":true,"href":"https:\/\/digesco.com\/es\/wp-json\/wp\/v2\/users\/2"}],"replies":[{"embeddable":true,"href":"https:\/\/digesco.com\/es\/wp-json\/wp\/v2\/comments?post=1067"}],"version-history":[{"count":5,"href":"https:\/\/digesco.com\/es\/wp-json\/wp\/v2\/posts\/1067\/revisions"}],"predecessor-version":[{"id":1076,"href":"https:\/\/digesco.com\/es\/wp-json\/wp\/v2\/posts\/1067\/revisions\/1076"}],"wp:featuredmedia":[{"embeddable":true,"href":"https:\/\/digesco.com\/es\/wp-json\/wp\/v2\/media\/1071"}],"wp:attachment":[{"href":"https:\/\/digesco.com\/es\/wp-json\/wp\/v2\/media?parent=1067"}],"wp:term":[{"taxonomy":"category","embeddable":true,"href":"https:\/\/digesco.com\/es\/wp-json\/wp\/v2\/categories?post=1067"},{"taxonomy":"post_tag","embeddable":true,"href":"https:\/\/digesco.com\/es\/wp-json\/wp\/v2\/tags?post=1067"}],"curies":[{"name":"wp","href":"https:\/\/api.w.org\/{rel}","templated":true}]}}