{"id":1052,"date":"2024-02-22T13:11:45","date_gmt":"2024-02-22T13:11:45","guid":{"rendered":"https:\/\/digesco.com\/?p=1052"},"modified":"2024-02-22T13:11:45","modified_gmt":"2024-02-22T13:11:45","slug":"reformes-integrals-en-cuines-per-guanyar-amplada-i-funcionalitat","status":"publish","type":"post","link":"https:\/\/digesco.com\/es\/reformes-integrals-en-cuines-per-guanyar-amplada-i-funcionalitat\/","title":{"rendered":"Reformas integrales en cocinas para ganar ancho y funcionalidad"},"content":{"rendered":"<div class=\"flex-1 overflow-hidden\">\n<div class=\"react-scroll-to-bottom--css-pzund-79elbk h-full\">\n<div class=\"react-scroll-to-bottom--css-pzund-1n7m0yu\">\n<div class=\"flex flex-col pb-9 text-sm\">\n<div class=\"w-full text-token-text-primary\" data-testid=\"conversation-turn-31\">\n<div class=\"px-4 py-2 justify-center text-base md:gap-6 m-auto\">\n<div class=\"flex flex-1 text-base mx-auto gap-3 md:px-5 lg:px-1 xl:px-5 md:max-w-3xl lg:max-w-[40rem] xl:max-w-[48rem] group final-completion\">\n<div class=\"relative flex w-full flex-col agent-turn\">\n<div class=\"flex-col gap-1 md:gap-3\">\n<div class=\"flex flex-grow flex-col max-w-full\">\n<div class=\"min-h-[20px] text-message flex flex-col items-start gap-3 whitespace-pre-wrap break-words [.text-message+&amp;]:mt-5 overflow-x-auto\" data-message-author-role=\"assistant\" data-message-id=\"59d72a7b-f77f-4a8f-a856-4e66987e3c9c\">\n<div class=\"markdown prose w-full break-words dark:prose-invert light\">\n<h2 style=\"text-align: justify;\">\u00bfC\u00f3mo optimizar el espacio en las reformas de cocina?<\/h2>\n<p style=\"text-align: justify;\">En las <a href=\"https:\/\/digesco.com\/es\/reforma-cocina-sabadell\/\"><strong>reformas<\/strong> integrales de <strong>cocina<\/strong> <strong>en Sabadell<\/strong><\/a>, la distribuci\u00f3n es clave para crear un ambiente amplio y funcional. Una adecuada disposici\u00f3n de elementos como electrodom\u00e9sticos, muebles y zonas de trabajo puede transformar completamente la percepci\u00f3n del espacio. La distribuci\u00f3n adecuada no s\u00f3lo maximiza la amplitud, sino que tambi\u00e9n mejora su funcionalidad, facilitando el flujo de trabajo y la accesibilidad. C\u00e9ntrate en la planificaci\u00f3n inteligente durante las reformas integrales de cocina para conseguir un ambiente que no s\u00f3lo sea est\u00e9ticamente agradable sino tambi\u00e9n pr\u00e1ctico y eficiente.<\/p>\n<\/div>\n<\/div>\n<\/div>\n<\/div>\n<\/div>\n<\/div>\n<\/div>\n<\/div>\n<\/div>\n<\/div>\n<\/div>\n<\/div>\n<p style=\"text-align: justify;\"><img fetchpriority=\"high\" decoding=\"async\" class=\"aligncenter wp-image-1057 size-full\" src=\"https:\/\/digesco.com\/wp-content\/uploads\/2024\/02\/reforma-cocinas-Sabadell.jpg\" alt=\"cuina estil n\u00f2rdic\" width=\"900\" height=\"600\" srcset=\"https:\/\/digesco.com\/wp-content\/uploads\/2024\/02\/reforma-cocinas-Sabadell.jpg 900w, https:\/\/digesco.com\/wp-content\/uploads\/2024\/02\/reforma-cocinas-Sabadell-300x200.jpg 300w, https:\/\/digesco.com\/wp-content\/uploads\/2024\/02\/reforma-cocinas-Sabadell-768x512.jpg 768w, https:\/\/digesco.com\/wp-content\/uploads\/2024\/02\/reforma-cocinas-Sabadell-18x12.jpg 18w\" sizes=\"(max-width: 900px) 100vw, 900px\" \/><\/p>\n<div class=\"w-full text-token-text-primary\" data-testid=\"conversation-turn-23\">\n<div class=\"px-4 py-2 justify-center text-base md:gap-6 m-auto\">\n<div class=\"flex flex-1 text-base mx-auto gap-3 md:px-5 lg:px-1 xl:px-5 md:max-w-3xl lg:max-w-[40rem] xl:max-w-[48rem] group\">\n<div class=\"relative flex w-full flex-col agent-turn\">\n<div class=\"flex-col gap-1 md:gap-3\">\n<div class=\"flex flex-grow flex-col max-w-full\">\n<div class=\"min-h-[20px] text-message flex flex-col items-start gap-3 whitespace-pre-wrap break-words [.text-message+&amp;]:mt-5 overflow-x-auto\" data-message-author-role=\"assistant\" data-message-id=\"6206dde1-67cc-47a6-8558-e56702a35f8e\">\n<div class=\"markdown prose w-full break-words dark:prose-invert light\">\n<div class=\"flex-1 overflow-hidden\" style=\"text-align: justify;\">\n<div class=\"react-scroll-to-bottom--css-pzund-79elbk h-full\">\n<div class=\"react-scroll-to-bottom--css-pzund-1n7m0yu\">\n<div class=\"flex flex-col pb-9 text-sm\">\n<div class=\"w-full text-token-text-primary\" data-testid=\"conversation-turn-33\">\n<div class=\"px-4 py-2 justify-center text-base md:gap-6 m-auto\">\n<div class=\"flex flex-1 text-base mx-auto gap-3 md:px-5 lg:px-1 xl:px-5 md:max-w-3xl lg:max-w-[40rem] xl:max-w-[48rem] group final-completion\">\n<div class=\"relative flex w-full flex-col agent-turn\">\n<div class=\"flex-col gap-1 md:gap-3\">\n<div class=\"flex flex-grow flex-col max-w-full\">\n<div class=\"min-h-[20px] text-message flex flex-col items-start gap-3 whitespace-pre-wrap break-words [.text-message+&amp;]:mt-5 overflow-x-auto\" data-message-author-role=\"assistant\" data-message-id=\"086e7f6a-a68e-4acf-b1a3-7a1e45dff459\">\n<div class=\"markdown prose w-full break-words dark:prose-invert light\">\n<h2>Dise\u00f1o personalizado: La clave de la transformaci\u00f3n<\/h2>\n<p>La esencia de una <strong>reforma <\/strong>integral de <strong>cocina en Sabadell<\/strong> reside en la personalizaci\u00f3n. Cada familia, cada hogar tiene su propio ritmo y estilo de vida. Uno de los principales factores a tener en cuenta es el uso que se le dar\u00e1 a la estancia, debiendo ser funcional y eficiente. Los dise\u00f1adores, al crear soluciones a medida, optimizan el espacio, considerando la distribuci\u00f3n de electrodom\u00e9sticos, \u00e1reas de trabajo y almacenamiento para crear una sinfon\u00eda de practicidad. En cuanto al estilo, puedes elegir entre m\u00faltiples opciones, desde cocinas cl\u00e1sicas a cocinas r\u00fasticas o minimalistas. La reforma integral permite seleccionar materiales, colores y acabados que reflejen la identidad de su familia. El hecho de empezar de cero permite crear acabados completamente personalizados para cada proyecto.<\/p>\n<\/div>\n<\/div>\n<\/div>\n<\/div>\n<\/div>\n<\/div>\n<\/div>\n<\/div>\n<\/div>\n<\/div>\n<\/div>\n<\/div>\n<p style=\"text-align: justify;\"><img decoding=\"async\" class=\"aligncenter wp-image-1055 size-full\" src=\"https:\/\/digesco.com\/wp-content\/uploads\/2024\/02\/reforma-cocinas-Sabadell-2.jpg\" alt=\"cuina reformada\" width=\"900\" height=\"600\" srcset=\"https:\/\/digesco.com\/wp-content\/uploads\/2024\/02\/reforma-cocinas-Sabadell-2.jpg 900w, https:\/\/digesco.com\/wp-content\/uploads\/2024\/02\/reforma-cocinas-Sabadell-2-300x200.jpg 300w, https:\/\/digesco.com\/wp-content\/uploads\/2024\/02\/reforma-cocinas-Sabadell-2-768x512.jpg 768w, https:\/\/digesco.com\/wp-content\/uploads\/2024\/02\/reforma-cocinas-Sabadell-2-18x12.jpg 18w\" sizes=\"(max-width: 900px) 100vw, 900px\" \/><\/p>\n<div class=\"flex-1 overflow-hidden\" style=\"text-align: justify;\">\n<div class=\"react-scroll-to-bottom--css-pzund-79elbk h-full\">\n<div class=\"react-scroll-to-bottom--css-pzund-1n7m0yu\">\n<div class=\"flex flex-col pb-9 text-sm\">\n<div class=\"w-full text-token-text-primary\" data-testid=\"conversation-turn-35\">\n<div class=\"px-4 py-2 justify-center text-base md:gap-6 m-auto\">\n<div class=\"flex flex-1 text-base mx-auto gap-3 md:px-5 lg:px-1 xl:px-5 md:max-w-3xl lg:max-w-[40rem] xl:max-w-[48rem] group final-completion\">\n<div class=\"relative flex w-full flex-col agent-turn\">\n<div class=\"flex-col gap-1 md:gap-3\">\n<div class=\"flex flex-grow flex-col max-w-full\">\n<div class=\"min-h-[20px] text-message flex flex-col items-start gap-3 whitespace-pre-wrap break-words [.text-message+&amp;]:mt-5 overflow-x-auto\" data-message-author-role=\"assistant\" data-message-id=\"75e6cc7b-6c39-4bf7-9ca8-1aeeedd542b7\">\n<div class=\"markdown prose w-full break-words dark:prose-invert light\">\n<h3>Una cocina preparada para los retos del futuro<\/h3>\n<p>Es importante considerar opciones inteligentes en lo que se refiere a los equipos de las cocinas, ya que la tecnolog\u00eda ya forma parte de todas las \u00e1reas de nuestra vida, incluidos nuestros hogares. La integraci\u00f3n de electrodom\u00e9sticos inteligentes proporciona un toque moderno y funcional, y muchos de ellos son programables para conseguir una cocina adaptada a nuestras necesidades y ritmo de vida. Desde neveras con conexi\u00f3n a hornos controlados por voz, la tecnolog\u00eda se fusiona armoniosamente con el dise\u00f1o personalizado.<\/p>\n<p>La conciencia ambiental es otro de los puntos que marcan tendencia en las reformas integrales de cocinas. La elecci\u00f3n de materiales sostenibles, eficientes sistemas de iluminaci\u00f3n y electrodom\u00e9sticos de bajo consumo energ\u00e9tico reflejan un compromiso con la eco responsabilidad sin renunciar al estilo.<\/p>\n<\/div>\n<\/div>\n<\/div>\n<\/div>\n<\/div>\n<\/div>\n<\/div>\n<\/div>\n<\/div>\n<\/div>\n<\/div>\n<\/div>\n<p style=\"text-align: justify;\"><img decoding=\"async\" class=\"aligncenter wp-image-1056 size-full\" src=\"https:\/\/digesco.com\/wp-content\/uploads\/2024\/02\/reforma-cocinas-Sabadell-1.jpg\" alt=\"cuina reformada\" width=\"900\" height=\"600\" srcset=\"https:\/\/digesco.com\/wp-content\/uploads\/2024\/02\/reforma-cocinas-Sabadell-1.jpg 900w, https:\/\/digesco.com\/wp-content\/uploads\/2024\/02\/reforma-cocinas-Sabadell-1-300x200.jpg 300w, https:\/\/digesco.com\/wp-content\/uploads\/2024\/02\/reforma-cocinas-Sabadell-1-768x512.jpg 768w, https:\/\/digesco.com\/wp-content\/uploads\/2024\/02\/reforma-cocinas-Sabadell-1-18x12.jpg 18w\" sizes=\"(max-width: 900px) 100vw, 900px\" \/><\/p>\n<div class=\"flex-1 overflow-hidden\">\n<div class=\"react-scroll-to-bottom--css-pzund-79elbk h-full\">\n<div class=\"react-scroll-to-bottom--css-pzund-1n7m0yu\">\n<div class=\"flex flex-col pb-9 text-sm\">\n<div class=\"w-full text-token-text-primary\" data-testid=\"conversation-turn-37\">\n<div class=\"px-4 py-2 justify-center text-base md:gap-6 m-auto\">\n<div class=\"flex flex-1 text-base mx-auto gap-3 md:px-5 lg:px-1 xl:px-5 md:max-w-3xl lg:max-w-[40rem] xl:max-w-[48rem] group final-completion\">\n<div class=\"relative flex w-full flex-col agent-turn\">\n<div class=\"flex-col gap-1 md:gap-3\">\n<div class=\"flex flex-grow flex-col max-w-full\">\n<div class=\"min-h-[20px] text-message flex flex-col items-start gap-3 whitespace-pre-wrap break-words [.text-message+&amp;]:mt-5 overflow-x-auto\" data-message-author-role=\"assistant\" data-message-id=\"b413336e-d30f-4256-b579-6817fc34f4a6\">\n<div class=\"markdown prose w-full break-words dark:prose-invert light\">\n<h2 style=\"text-align: justify;\">El proceso transformador de una reforma integral de cocinas<\/h2>\n<p style=\"text-align: justify;\">El primer paso hacia la cocina de ensue\u00f1o comienza con una planificaci\u00f3n detallada y meticulosa. Desde la disposici\u00f3n de los elementos hasta la elecci\u00f3n de materiales, cada detalle se analiza y define para garantizar que la visi\u00f3n se convierta en realidad. Ser\u00e1 clave contar con dise\u00f1adores especializados en obra nueva y reformas integrales, como los que encontrar\u00e1s en Digesco. Nuestro equipo comprender\u00e1 a la perfecci\u00f3n tus preferencias y necesidades, tanto a nivel est\u00e9tico como de funcionalidad, manteni\u00e9ndose al corriente de las \u00faltimas tendencias, asegurando que la reforma integral sea una experiencia sin contratiempo. La implementaci\u00f3n del dise\u00f1o es la fase culminante. El equipo experto de Digesco se encargar\u00e1 de realizar cada detalle, desde la demolici\u00f3n hasta la instalaci\u00f3n, asegurando que la transformaci\u00f3n sea impecable y cumpla las expectativas m\u00e1s altas.<\/p>\n<\/div>\n<\/div>\n<\/div>\n<\/div>\n<\/div>\n<\/div>\n<\/div>\n<\/div>\n<\/div>\n<\/div>\n<\/div>\n<\/div>\n<\/div>\n<\/div>\n<\/div>\n<\/div>\n<\/div>\n<\/div>\n<\/div>\n<\/div>","protected":false},"excerpt":{"rendered":"<p>\u00bfC\u00f3mo optimizar el espacio en las reformas de cocina? En las reformas integrales de cocina en Sabadell, la distribuci\u00f3n es clave para crear un ambiente amplio y funcional. Una adecuada disposici\u00f3n de elementos como electrodom\u00e9sticos, muebles y zonas de trabajo puede transformar completamente la percepci\u00f3n del espacio. La distribuci\u00f3n adecuada no s\u00f3lo maximiza la amplitud, sino que\u2026&nbsp;<a href=\"https:\/\/digesco.com\/es\/reformes-integrals-en-cuines-per-guanyar-amplada-i-funcionalitat\/\" rel=\"bookmark\"><span class=\"screen-reader-text\">Reformas integrales en cocinas para ganar ancho y funcionalidad<\/span><\/a><\/p>","protected":false},"author":3,"featured_media":1054,"comment_status":"open","ping_status":"open","sticky":false,"template":"","format":"standard","meta":{"neve_meta_sidebar":"","neve_meta_container":"","neve_meta_enable_content_width":"off","neve_meta_content_width":70,"neve_meta_title_alignment":"","neve_meta_author_avatar":"","neve_post_elements_order":"","neve_meta_disable_header":"","neve_meta_disable_footer":"","neve_meta_disable_title":"","_joinchat":[],"footnotes":""},"categories":[11],"tags":[13],"class_list":["post-1052","post","type-post","status-publish","format-standard","has-post-thumbnail","hentry","category-reformas-cocina","tag-reformes-cuina-sabadell"],"yoast_head":"<!-- This site is optimized with the Yoast SEO plugin v26.9 - https:\/\/yoast.com\/product\/yoast-seo-wordpress\/ -->\n<title>Reformes integrals en cuines per guanyar amplada i funcionalitat - Digesco | Empresa de Reformas<\/title>\n<meta name=\"description\" content=\"Transforma la teva cuina amb reformes integrals, optimitzant la distribuci\u00f3 per aconseguir amplitud i funcionalitat. Dissenyos pr\u00e0ctics per a una experi\u00e8ncia culin\u00e0ria eficient.\" \/>\n<meta name=\"robots\" content=\"index, follow, max-snippet:-1, max-image-preview:large, max-video-preview:-1\" \/>\n<link rel=\"canonical\" href=\"https:\/\/digesco.com\/es\/reformes-integrals-en-cuines-per-guanyar-amplada-i-funcionalitat\/\" \/>\n<meta property=\"og:locale\" content=\"es_ES\" \/>\n<meta property=\"og:type\" content=\"article\" \/>\n<meta property=\"og:title\" content=\"Reformes integrals en cuines per guanyar amplada i funcionalitat - Digesco | Empresa de Reformas\" \/>\n<meta property=\"og:description\" content=\"Transforma la teva cuina amb reformes integrals, optimitzant la distribuci\u00f3 per aconseguir amplitud i funcionalitat. Dissenyos pr\u00e0ctics per a una experi\u00e8ncia culin\u00e0ria eficient.\" \/>\n<meta property=\"og:url\" content=\"https:\/\/digesco.com\/es\/reformes-integrals-en-cuines-per-guanyar-amplada-i-funcionalitat\/\" \/>\n<meta property=\"og:site_name\" content=\"Digesco | Empresa de Reformas\" \/>\n<meta property=\"article:published_time\" content=\"2024-02-22T13:11:45+00:00\" \/>\n<meta property=\"og:image\" content=\"https:\/\/digesco.com\/wp-content\/uploads\/2024\/02\/reforma-cocinas-Sabadell-3.jpg\" \/>\n\t<meta property=\"og:image:width\" content=\"900\" \/>\n\t<meta property=\"og:image:height\" content=\"600\" \/>\n\t<meta property=\"og:image:type\" content=\"image\/jpeg\" \/>\n<meta name=\"author\" content=\"antonio\" \/>\n<meta name=\"twitter:card\" content=\"summary_large_image\" \/>\n<meta name=\"twitter:label1\" content=\"Escrito por\" \/>\n\t<meta name=\"twitter:data1\" content=\"antonio\" \/>\n\t<meta name=\"twitter:label2\" content=\"Tiempo de lectura\" \/>\n\t<meta name=\"twitter:data2\" content=\"3 minutos\" \/>\n<script type=\"application\/ld+json\" class=\"yoast-schema-graph\">{\"@context\":\"https:\/\/schema.org\",\"@graph\":[{\"@type\":\"Article\",\"@id\":\"https:\/\/digesco.com\/reformes-integrals-en-cuines-per-guanyar-amplada-i-funcionalitat\/#article\",\"isPartOf\":{\"@id\":\"https:\/\/digesco.com\/reformes-integrals-en-cuines-per-guanyar-amplada-i-funcionalitat\/\"},\"author\":{\"name\":\"antonio\",\"@id\":\"https:\/\/digesco.com\/es\/#\/schema\/person\/77c24b7959ee8bf38c078c4c9cfd230a\"},\"headline\":\"Reformes integrals en cuines per guanyar amplada i funcionalitat\",\"datePublished\":\"2024-02-22T13:11:45+00:00\",\"mainEntityOfPage\":{\"@id\":\"https:\/\/digesco.com\/reformes-integrals-en-cuines-per-guanyar-amplada-i-funcionalitat\/\"},\"wordCount\":558,\"commentCount\":0,\"image\":{\"@id\":\"https:\/\/digesco.com\/reformes-integrals-en-cuines-per-guanyar-amplada-i-funcionalitat\/#primaryimage\"},\"thumbnailUrl\":\"https:\/\/digesco.com\/wp-content\/uploads\/2024\/02\/reforma-cocinas-Sabadell-3.jpg\",\"keywords\":[\"reformes cuina Sabadell\"],\"articleSection\":[\"reformas cocina\"],\"inLanguage\":\"es\",\"potentialAction\":[{\"@type\":\"CommentAction\",\"name\":\"Comment\",\"target\":[\"https:\/\/digesco.com\/reformes-integrals-en-cuines-per-guanyar-amplada-i-funcionalitat\/#respond\"]}]},{\"@type\":\"WebPage\",\"@id\":\"https:\/\/digesco.com\/reformes-integrals-en-cuines-per-guanyar-amplada-i-funcionalitat\/\",\"url\":\"https:\/\/digesco.com\/reformes-integrals-en-cuines-per-guanyar-amplada-i-funcionalitat\/\",\"name\":\"Reformes integrals en cuines per guanyar amplada i funcionalitat - Digesco | Empresa de Reformas\",\"isPartOf\":{\"@id\":\"https:\/\/digesco.com\/es\/#website\"},\"primaryImageOfPage\":{\"@id\":\"https:\/\/digesco.com\/reformes-integrals-en-cuines-per-guanyar-amplada-i-funcionalitat\/#primaryimage\"},\"image\":{\"@id\":\"https:\/\/digesco.com\/reformes-integrals-en-cuines-per-guanyar-amplada-i-funcionalitat\/#primaryimage\"},\"thumbnailUrl\":\"https:\/\/digesco.com\/wp-content\/uploads\/2024\/02\/reforma-cocinas-Sabadell-3.jpg\",\"datePublished\":\"2024-02-22T13:11:45+00:00\",\"author\":{\"@id\":\"https:\/\/digesco.com\/es\/#\/schema\/person\/77c24b7959ee8bf38c078c4c9cfd230a\"},\"description\":\"Transforma la teva cuina amb reformes integrals, optimitzant la distribuci\u00f3 per aconseguir amplitud i funcionalitat. Dissenyos pr\u00e0ctics per a una experi\u00e8ncia culin\u00e0ria eficient.\",\"breadcrumb\":{\"@id\":\"https:\/\/digesco.com\/reformes-integrals-en-cuines-per-guanyar-amplada-i-funcionalitat\/#breadcrumb\"},\"inLanguage\":\"es\",\"potentialAction\":[{\"@type\":\"ReadAction\",\"target\":[\"https:\/\/digesco.com\/reformes-integrals-en-cuines-per-guanyar-amplada-i-funcionalitat\/\"]}]},{\"@type\":\"ImageObject\",\"inLanguage\":\"es\",\"@id\":\"https:\/\/digesco.com\/reformes-integrals-en-cuines-per-guanyar-amplada-i-funcionalitat\/#primaryimage\",\"url\":\"https:\/\/digesco.com\/wp-content\/uploads\/2024\/02\/reforma-cocinas-Sabadell-3.jpg\",\"contentUrl\":\"https:\/\/digesco.com\/wp-content\/uploads\/2024\/02\/reforma-cocinas-Sabadell-3.jpg\",\"width\":900,\"height\":600},{\"@type\":\"BreadcrumbList\",\"@id\":\"https:\/\/digesco.com\/reformes-integrals-en-cuines-per-guanyar-amplada-i-funcionalitat\/#breadcrumb\",\"itemListElement\":[{\"@type\":\"ListItem\",\"position\":1,\"name\":\"Portada\",\"item\":\"https:\/\/digesco.com\/es\/\"},{\"@type\":\"ListItem\",\"position\":2,\"name\":\"Reformes integrals en cuines per guanyar amplada i funcionalitat\"}]},{\"@type\":\"WebSite\",\"@id\":\"https:\/\/digesco.com\/es\/#website\",\"url\":\"https:\/\/digesco.com\/es\/\",\"name\":\"Digesco | Empresa de Reformas\",\"description\":\"Empresa especializada y dedicada al mundo de la construcci\u00f3n, con trabajos tanto en el \u00e1mbito p\u00fablico como privado. En digesco ofrecemos un servicio integral para la construcci\u00f3n\",\"potentialAction\":[{\"@type\":\"SearchAction\",\"target\":{\"@type\":\"EntryPoint\",\"urlTemplate\":\"https:\/\/digesco.com\/es\/?s={search_term_string}\"},\"query-input\":{\"@type\":\"PropertyValueSpecification\",\"valueRequired\":true,\"valueName\":\"search_term_string\"}}],\"inLanguage\":\"es\"},{\"@type\":\"Person\",\"@id\":\"https:\/\/digesco.com\/es\/#\/schema\/person\/77c24b7959ee8bf38c078c4c9cfd230a\",\"name\":\"antonio\",\"image\":{\"@type\":\"ImageObject\",\"inLanguage\":\"es\",\"@id\":\"https:\/\/digesco.com\/es\/#\/schema\/person\/image\/\",\"url\":\"https:\/\/secure.gravatar.com\/avatar\/4a975ccc4ed7cba40825aef14a7464195a9371791d71c61abbe22f7854b4ef21?s=96&d=mm&r=g\",\"contentUrl\":\"https:\/\/secure.gravatar.com\/avatar\/4a975ccc4ed7cba40825aef14a7464195a9371791d71c61abbe22f7854b4ef21?s=96&d=mm&r=g\",\"caption\":\"antonio\"},\"url\":\"https:\/\/digesco.com\/es\/author\/antonio\/\"}]}<\/script>\n<!-- \/ Yoast SEO plugin. -->","yoast_head_json":{"title":"Reformes integrals en cuines per guanyar amplada i funcionalitat - Digesco | Empresa de Reformas","description":"Transforma la teva cuina amb reformes integrals, optimitzant la distribuci\u00f3 per aconseguir amplitud i funcionalitat. Dissenyos pr\u00e0ctics per a una experi\u00e8ncia culin\u00e0ria eficient.","robots":{"index":"index","follow":"follow","max-snippet":"max-snippet:-1","max-image-preview":"max-image-preview:large","max-video-preview":"max-video-preview:-1"},"canonical":"https:\/\/digesco.com\/es\/reformes-integrals-en-cuines-per-guanyar-amplada-i-funcionalitat\/","og_locale":"es_ES","og_type":"article","og_title":"Reformes integrals en cuines per guanyar amplada i funcionalitat - Digesco | Empresa de Reformas","og_description":"Transforma la teva cuina amb reformes integrals, optimitzant la distribuci\u00f3 per aconseguir amplitud i funcionalitat. Dissenyos pr\u00e0ctics per a una experi\u00e8ncia culin\u00e0ria eficient.","og_url":"https:\/\/digesco.com\/es\/reformes-integrals-en-cuines-per-guanyar-amplada-i-funcionalitat\/","og_site_name":"Digesco | Empresa de Reformas","article_published_time":"2024-02-22T13:11:45+00:00","og_image":[{"width":900,"height":600,"url":"https:\/\/digesco.com\/wp-content\/uploads\/2024\/02\/reforma-cocinas-Sabadell-3.jpg","type":"image\/jpeg"}],"author":"antonio","twitter_card":"summary_large_image","twitter_misc":{"Escrito por":"antonio","Tiempo de lectura":"3 minutos"},"schema":{"@context":"https:\/\/schema.org","@graph":[{"@type":"Article","@id":"https:\/\/digesco.com\/reformes-integrals-en-cuines-per-guanyar-amplada-i-funcionalitat\/#article","isPartOf":{"@id":"https:\/\/digesco.com\/reformes-integrals-en-cuines-per-guanyar-amplada-i-funcionalitat\/"},"author":{"name":"antonio","@id":"https:\/\/digesco.com\/es\/#\/schema\/person\/77c24b7959ee8bf38c078c4c9cfd230a"},"headline":"Reformes integrals en cuines per guanyar amplada i funcionalitat","datePublished":"2024-02-22T13:11:45+00:00","mainEntityOfPage":{"@id":"https:\/\/digesco.com\/reformes-integrals-en-cuines-per-guanyar-amplada-i-funcionalitat\/"},"wordCount":558,"commentCount":0,"image":{"@id":"https:\/\/digesco.com\/reformes-integrals-en-cuines-per-guanyar-amplada-i-funcionalitat\/#primaryimage"},"thumbnailUrl":"https:\/\/digesco.com\/wp-content\/uploads\/2024\/02\/reforma-cocinas-Sabadell-3.jpg","keywords":["reformes cuina Sabadell"],"articleSection":["reformas cocina"],"inLanguage":"es","potentialAction":[{"@type":"CommentAction","name":"Comment","target":["https:\/\/digesco.com\/reformes-integrals-en-cuines-per-guanyar-amplada-i-funcionalitat\/#respond"]}]},{"@type":"WebPage","@id":"https:\/\/digesco.com\/reformes-integrals-en-cuines-per-guanyar-amplada-i-funcionalitat\/","url":"https:\/\/digesco.com\/reformes-integrals-en-cuines-per-guanyar-amplada-i-funcionalitat\/","name":"Reformes integrals en cuines per guanyar amplada i funcionalitat - Digesco | Empresa de Reformas","isPartOf":{"@id":"https:\/\/digesco.com\/es\/#website"},"primaryImageOfPage":{"@id":"https:\/\/digesco.com\/reformes-integrals-en-cuines-per-guanyar-amplada-i-funcionalitat\/#primaryimage"},"image":{"@id":"https:\/\/digesco.com\/reformes-integrals-en-cuines-per-guanyar-amplada-i-funcionalitat\/#primaryimage"},"thumbnailUrl":"https:\/\/digesco.com\/wp-content\/uploads\/2024\/02\/reforma-cocinas-Sabadell-3.jpg","datePublished":"2024-02-22T13:11:45+00:00","author":{"@id":"https:\/\/digesco.com\/es\/#\/schema\/person\/77c24b7959ee8bf38c078c4c9cfd230a"},"description":"Transforma la teva cuina amb reformes integrals, optimitzant la distribuci\u00f3 per aconseguir amplitud i funcionalitat. Dissenyos pr\u00e0ctics per a una experi\u00e8ncia culin\u00e0ria eficient.","breadcrumb":{"@id":"https:\/\/digesco.com\/reformes-integrals-en-cuines-per-guanyar-amplada-i-funcionalitat\/#breadcrumb"},"inLanguage":"es","potentialAction":[{"@type":"ReadAction","target":["https:\/\/digesco.com\/reformes-integrals-en-cuines-per-guanyar-amplada-i-funcionalitat\/"]}]},{"@type":"ImageObject","inLanguage":"es","@id":"https:\/\/digesco.com\/reformes-integrals-en-cuines-per-guanyar-amplada-i-funcionalitat\/#primaryimage","url":"https:\/\/digesco.com\/wp-content\/uploads\/2024\/02\/reforma-cocinas-Sabadell-3.jpg","contentUrl":"https:\/\/digesco.com\/wp-content\/uploads\/2024\/02\/reforma-cocinas-Sabadell-3.jpg","width":900,"height":600},{"@type":"BreadcrumbList","@id":"https:\/\/digesco.com\/reformes-integrals-en-cuines-per-guanyar-amplada-i-funcionalitat\/#breadcrumb","itemListElement":[{"@type":"ListItem","position":1,"name":"Portada","item":"https:\/\/digesco.com\/es\/"},{"@type":"ListItem","position":2,"name":"Reformes integrals en cuines per guanyar amplada i funcionalitat"}]},{"@type":"WebSite","@id":"https:\/\/digesco.com\/es\/#website","url":"https:\/\/digesco.com\/es\/","name":"Digesco | Empresa de Reformas","description":"Empresa especializada y dedicada al mundo de la construcci\u00f3n, con trabajos tanto en el \u00e1mbito p\u00fablico como privado. En digesco ofrecemos un servicio integral para la construcci\u00f3n","potentialAction":[{"@type":"SearchAction","target":{"@type":"EntryPoint","urlTemplate":"https:\/\/digesco.com\/es\/?s={search_term_string}"},"query-input":{"@type":"PropertyValueSpecification","valueRequired":true,"valueName":"search_term_string"}}],"inLanguage":"es"},{"@type":"Person","@id":"https:\/\/digesco.com\/es\/#\/schema\/person\/77c24b7959ee8bf38c078c4c9cfd230a","name":"antonio","image":{"@type":"ImageObject","inLanguage":"es","@id":"https:\/\/digesco.com\/es\/#\/schema\/person\/image\/","url":"https:\/\/secure.gravatar.com\/avatar\/4a975ccc4ed7cba40825aef14a7464195a9371791d71c61abbe22f7854b4ef21?s=96&d=mm&r=g","contentUrl":"https:\/\/secure.gravatar.com\/avatar\/4a975ccc4ed7cba40825aef14a7464195a9371791d71c61abbe22f7854b4ef21?s=96&d=mm&r=g","caption":"antonio"},"url":"https:\/\/digesco.com\/es\/author\/antonio\/"}]}},"_links":{"self":[{"href":"https:\/\/digesco.com\/es\/wp-json\/wp\/v2\/posts\/1052","targetHints":{"allow":["GET"]}}],"collection":[{"href":"https:\/\/digesco.com\/es\/wp-json\/wp\/v2\/posts"}],"about":[{"href":"https:\/\/digesco.com\/es\/wp-json\/wp\/v2\/types\/post"}],"author":[{"embeddable":true,"href":"https:\/\/digesco.com\/es\/wp-json\/wp\/v2\/users\/3"}],"replies":[{"embeddable":true,"href":"https:\/\/digesco.com\/es\/wp-json\/wp\/v2\/comments?post=1052"}],"version-history":[{"count":2,"href":"https:\/\/digesco.com\/es\/wp-json\/wp\/v2\/posts\/1052\/revisions"}],"predecessor-version":[{"id":1058,"href":"https:\/\/digesco.com\/es\/wp-json\/wp\/v2\/posts\/1052\/revisions\/1058"}],"wp:featuredmedia":[{"embeddable":true,"href":"https:\/\/digesco.com\/es\/wp-json\/wp\/v2\/media\/1054"}],"wp:attachment":[{"href":"https:\/\/digesco.com\/es\/wp-json\/wp\/v2\/media?parent=1052"}],"wp:term":[{"taxonomy":"category","embeddable":true,"href":"https:\/\/digesco.com\/es\/wp-json\/wp\/v2\/categories?post=1052"},{"taxonomy":"post_tag","embeddable":true,"href":"https:\/\/digesco.com\/es\/wp-json\/wp\/v2\/tags?post=1052"}],"curies":[{"name":"wp","href":"https:\/\/api.w.org\/{rel}","templated":true}]}}