{"id":1024,"date":"2024-02-08T11:53:33","date_gmt":"2024-02-08T11:53:33","guid":{"rendered":"https:\/\/digesco.com\/?p=1024"},"modified":"2024-02-21T09:58:54","modified_gmt":"2024-02-21T09:58:54","slug":"banys-adaptats-per-a-persones-grans-reformes-que-milloren-laccessibilitat-seguretat-funcionalitat-i-estil","status":"publish","type":"post","link":"https:\/\/digesco.com\/es\/banys-adaptats-per-a-persones-grans-reformes-que-milloren-laccessibilitat-seguretat-funcionalitat-i-estil\/","title":{"rendered":"Ba\u00f1os adaptados para personas mayores; reformas que mejoren la accesibilidad. Seguridad, funcionalidad y estilo"},"content":{"rendered":"<p style=\"text-align: justify;\">A medida que avanzamos en la vida, la importancia de tener un ba\u00f1o adaptado para personas mayores es esencial. En Digesco, entendemos la necesidad de crear espacios que no s\u00f3lo sean funcionales, sino que tambi\u00e9n proporcionen comodidad y accesibilidad a quienes buscan una mayor seguridad en su d\u00eda a d\u00eda. Cuando te propones <a href=\"https:\/\/digesco.com\/es\/reforma-banos-sabadell\/\">reformar tu ba\u00f1o en Sabadell<\/a> con Digesco, conseguir\u00e1s un espacio personalizado que satisface tus necesidades en cada etapa de la vida. En Digesco nos centramos en la funcionalidad, la seguridad y el estilo, para conseguir un excelente acabado en la transformaci\u00f3n de cualquier espacio.<\/p>\n<p><img fetchpriority=\"high\" decoding=\"async\" class=\"aligncenter wp-image-1026 size-full\" src=\"https:\/\/digesco.com\/wp-content\/uploads\/2024\/02\/reformar-bano-Sabadell-1.jpg\" alt=\"bany reformat\" width=\"900\" height=\"600\" srcset=\"https:\/\/digesco.com\/wp-content\/uploads\/2024\/02\/reformar-bano-Sabadell-1.jpg 900w, https:\/\/digesco.com\/wp-content\/uploads\/2024\/02\/reformar-bano-Sabadell-1-300x200.jpg 300w, https:\/\/digesco.com\/wp-content\/uploads\/2024\/02\/reformar-bano-Sabadell-1-768x512.jpg 768w, https:\/\/digesco.com\/wp-content\/uploads\/2024\/02\/reformar-bano-Sabadell-1-18x12.jpg 18w\" sizes=\"(max-width: 900px) 100vw, 900px\" \/><\/p>\n<h2 style=\"text-align: justify;\"><strong>Plato de ducha o ba\u00f1era: adaptabilidad a preferencias individuales<\/strong><\/h2>\n<p style=\"text-align: justify;\">Para conseguir la m\u00e1xima accesibilidad en <strong>reformar un ba\u00f1o en Sabadell<\/strong>, se pueden utilizar diferentes elementos de dise\u00f1o; barras de ayuda estrat\u00e9gicamente situadas, pavimentos antideslizantes y una distribuci\u00f3n pensada para facilitar el movimiento son s\u00f3lo algunos de los detalles que marcan la diferencia. Desde platos de ducha con acceso directo y sin obst\u00e1culos hasta ba\u00f1eras con puertas, nos aseguramos que la elecci\u00f3n se adapte a las necesidades y preferencias individuales, garantizando una experiencia de ba\u00f1o segura y placentera.<\/p>\n<p><img decoding=\"async\" class=\"aligncenter wp-image-1028 size-full\" src=\"https:\/\/digesco.com\/wp-content\/uploads\/2024\/02\/reformar-bano-Sabadell-3.jpg\" alt=\"banyera adaptada\" width=\"900\" height=\"600\" srcset=\"https:\/\/digesco.com\/wp-content\/uploads\/2024\/02\/reformar-bano-Sabadell-3.jpg 900w, https:\/\/digesco.com\/wp-content\/uploads\/2024\/02\/reformar-bano-Sabadell-3-300x200.jpg 300w, https:\/\/digesco.com\/wp-content\/uploads\/2024\/02\/reformar-bano-Sabadell-3-768x512.jpg 768w, https:\/\/digesco.com\/wp-content\/uploads\/2024\/02\/reformar-bano-Sabadell-3-18x12.jpg 18w\" sizes=\"(max-width: 900px) 100vw, 900px\" \/><\/p>\n<h2 style=\"text-align: justify;\">Altura ajustada y grifos accesibles: detalles que marcan la diferencia<\/h2>\n<p style=\"text-align: justify;\">En la creaci\u00f3n de ba\u00f1os adaptados, cuidamos los detalles. Ajustamos la altura de lavabos e inodoros para facilitar su acceso y seleccionamos grifos de f\u00e1cil manejo. Estos peque\u00f1os detalles marcan una gran diferencia en la comodidad diaria, permitiendo un uso sin esfuerzo.<\/p>\n<h3 style=\"text-align: justify;\"><strong>Espacios amplios y zonas de descanso<\/strong><\/h3>\n<p style=\"text-align: justify;\">Al reformar ba\u00f1os, contemplamos todos aquellos factores que permiten ampliar el espacio y hacerlo m\u00e1s c\u00f3modo. Desde Digesco, te asesoramos para que consigas un espacio que se adapte a tus necesidades, sea la renovaci\u00f3n completa de tu espacio, la reconfiguraci\u00f3n de la distribuci\u00f3n o la mejora est\u00e9tica, nuestras reformas de ba\u00f1os garantizan resultados excepcionales.<\/p>\n<p><img decoding=\"async\" class=\"aligncenter wp-image-1029 size-full\" src=\"https:\/\/digesco.com\/wp-content\/uploads\/2024\/02\/reformar-bano-Sabadell-4.jpg\" alt=\"lavabo reformat\" width=\"900\" height=\"600\" srcset=\"https:\/\/digesco.com\/wp-content\/uploads\/2024\/02\/reformar-bano-Sabadell-4.jpg 900w, https:\/\/digesco.com\/wp-content\/uploads\/2024\/02\/reformar-bano-Sabadell-4-300x200.jpg 300w, https:\/\/digesco.com\/wp-content\/uploads\/2024\/02\/reformar-bano-Sabadell-4-768x512.jpg 768w, https:\/\/digesco.com\/wp-content\/uploads\/2024\/02\/reformar-bano-Sabadell-4-18x12.jpg 18w\" sizes=\"(max-width: 900px) 100vw, 900px\" \/><\/p>\n<h2 style=\"text-align: justify;\"><strong>Pladur; una soluci\u00f3n eficaz para la divisi\u00f3n de espacios<\/strong><\/h2>\n<p style=\"text-align: justify;\">El pladur es una soluci\u00f3n conocida por su flexibilidad y f\u00e1cil instalaci\u00f3n, garantizando una transformaci\u00f3n sin complicaciones. Esta elecci\u00f3n nos permite adaptar cada detalle de tu ba\u00f1o de forma efectiva, desde la creaci\u00f3n de nuevos espacios hasta la renovaci\u00f3n de paredes existentes. Gracias a la versatilidad del Pladur, podemos adaptar y dividir tu espacio seg\u00fan tus requerimientos espec\u00edficos. Ya sea por crear nuevas \u00e1reas, renovar paredes existentes o mejorar la est\u00e9tica interior, nuestras soluciones en Pladur ofrecen infinitas posibilidades. Nuestro equipo de expertos trabaja con eficiencia para garantizar una ejecuci\u00f3n impecable en <strong>reformar tu ba\u00f1o en Sabadell<\/strong>.<\/p>","protected":false},"excerpt":{"rendered":"<p>A medida que avanzamos en la vida, la importancia de tener un ba\u00f1o adaptado para personas mayores es esencial. En Digesco, entendemos la necesidad de crear espacios que no s\u00f3lo sean funcionales, sino que tambi\u00e9n proporcionen comodidad y accesibilidad a quienes buscan una mayor seguridad en su d\u00eda a d\u00eda. Cuando te\u2026&nbsp;<a href=\"https:\/\/digesco.com\/es\/banys-adaptats-per-a-persones-grans-reformes-que-milloren-laccessibilitat-seguretat-funcionalitat-i-estil\/\" rel=\"bookmark\"><span class=\"screen-reader-text\">Ba\u00f1os adaptados para personas mayores; reformas que mejoren la accesibilidad. Seguridad, funcionalidad y estilo<\/span><\/a><\/p>","protected":false},"author":3,"featured_media":1027,"comment_status":"open","ping_status":"open","sticky":false,"template":"","format":"standard","meta":{"neve_meta_sidebar":"","neve_meta_container":"","neve_meta_enable_content_width":"off","neve_meta_content_width":70,"neve_meta_title_alignment":"","neve_meta_author_avatar":"","neve_post_elements_order":"","neve_meta_disable_header":"","neve_meta_disable_footer":"","neve_meta_disable_title":"","_joinchat":[],"footnotes":""},"categories":[8],"tags":[10],"class_list":["post-1024","post","type-post","status-publish","format-standard","has-post-thumbnail","hentry","category-reformas-hogar","tag-reformar-banos-sabadell"],"yoast_head":"<!-- This site is optimized with the Yoast SEO plugin v26.9 - https:\/\/yoast.com\/product\/yoast-seo-wordpress\/ -->\n<title>Banys adaptats per a persones grans; reformes que milloren l&#039;accessibilitat. Seguretat, funcionalitat i estil - Digesco | Empresa de Reformas<\/title>\n<meta name=\"description\" content=\"Experimenta la comoditat i l&#039;accessibilitat en cada detall amb els nostres banys adaptats per a persones majors. Descobreix solucions dissenyades per oferir comfort i seguretat sense comprometre l&#039;estil.\" \/>\n<meta name=\"robots\" content=\"index, follow, max-snippet:-1, max-image-preview:large, max-video-preview:-1\" \/>\n<link rel=\"canonical\" href=\"https:\/\/digesco.com\/es\/banys-adaptats-per-a-persones-grans-reformes-que-milloren-laccessibilitat-seguretat-funcionalitat-i-estil\/\" \/>\n<meta property=\"og:locale\" content=\"es_ES\" \/>\n<meta property=\"og:type\" content=\"article\" \/>\n<meta property=\"og:title\" content=\"Banys adaptats per a persones grans; reformes que milloren l&#039;accessibilitat. Seguretat, funcionalitat i estil - Digesco | Empresa de Reformas\" \/>\n<meta property=\"og:description\" content=\"Experimenta la comoditat i l&#039;accessibilitat en cada detall amb els nostres banys adaptats per a persones majors. Descobreix solucions dissenyades per oferir comfort i seguretat sense comprometre l&#039;estil.\" \/>\n<meta property=\"og:url\" content=\"https:\/\/digesco.com\/es\/banys-adaptats-per-a-persones-grans-reformes-que-milloren-laccessibilitat-seguretat-funcionalitat-i-estil\/\" \/>\n<meta property=\"og:site_name\" content=\"Digesco | Empresa de Reformas\" \/>\n<meta property=\"article:published_time\" content=\"2024-02-08T11:53:33+00:00\" \/>\n<meta property=\"article:modified_time\" content=\"2024-02-21T09:58:54+00:00\" \/>\n<meta property=\"og:image\" content=\"https:\/\/digesco.com\/wp-content\/uploads\/2024\/02\/reformar-bano-Sabadell.jpg\" \/>\n\t<meta property=\"og:image:width\" content=\"900\" \/>\n\t<meta property=\"og:image:height\" content=\"600\" \/>\n\t<meta property=\"og:image:type\" content=\"image\/jpeg\" \/>\n<meta name=\"author\" content=\"antonio\" \/>\n<meta name=\"twitter:card\" content=\"summary_large_image\" \/>\n<meta name=\"twitter:label1\" content=\"Escrito por\" \/>\n\t<meta name=\"twitter:data1\" content=\"antonio\" \/>\n\t<meta name=\"twitter:label2\" content=\"Tiempo de lectura\" \/>\n\t<meta name=\"twitter:data2\" content=\"3 minutos\" \/>\n<script type=\"application\/ld+json\" class=\"yoast-schema-graph\">{\"@context\":\"https:\/\/schema.org\",\"@graph\":[{\"@type\":\"Article\",\"@id\":\"https:\/\/digesco.com\/banys-adaptats-per-a-persones-grans-reformes-que-milloren-laccessibilitat-seguretat-funcionalitat-i-estil\/#article\",\"isPartOf\":{\"@id\":\"https:\/\/digesco.com\/banys-adaptats-per-a-persones-grans-reformes-que-milloren-laccessibilitat-seguretat-funcionalitat-i-estil\/\"},\"author\":{\"name\":\"antonio\",\"@id\":\"https:\/\/digesco.com\/es\/#\/schema\/person\/77c24b7959ee8bf38c078c4c9cfd230a\"},\"headline\":\"Banys adaptats per a persones grans; reformes que milloren l&#8217;accessibilitat. Seguretat, funcionalitat i estil\",\"datePublished\":\"2024-02-08T11:53:33+00:00\",\"dateModified\":\"2024-02-21T09:58:54+00:00\",\"mainEntityOfPage\":{\"@id\":\"https:\/\/digesco.com\/banys-adaptats-per-a-persones-grans-reformes-que-milloren-laccessibilitat-seguretat-funcionalitat-i-estil\/\"},\"wordCount\":463,\"commentCount\":0,\"image\":{\"@id\":\"https:\/\/digesco.com\/banys-adaptats-per-a-persones-grans-reformes-que-milloren-laccessibilitat-seguretat-funcionalitat-i-estil\/#primaryimage\"},\"thumbnailUrl\":\"https:\/\/digesco.com\/wp-content\/uploads\/2024\/02\/reformar-bano-Sabadell.jpg\",\"keywords\":[\"reformar ba\u00f1os Sabadell\"],\"articleSection\":[\"reformas hogar\"],\"inLanguage\":\"es\",\"potentialAction\":[{\"@type\":\"CommentAction\",\"name\":\"Comment\",\"target\":[\"https:\/\/digesco.com\/banys-adaptats-per-a-persones-grans-reformes-que-milloren-laccessibilitat-seguretat-funcionalitat-i-estil\/#respond\"]}]},{\"@type\":\"WebPage\",\"@id\":\"https:\/\/digesco.com\/banys-adaptats-per-a-persones-grans-reformes-que-milloren-laccessibilitat-seguretat-funcionalitat-i-estil\/\",\"url\":\"https:\/\/digesco.com\/banys-adaptats-per-a-persones-grans-reformes-que-milloren-laccessibilitat-seguretat-funcionalitat-i-estil\/\",\"name\":\"Banys adaptats per a persones grans; reformes que milloren l'accessibilitat. Seguretat, funcionalitat i estil - Digesco | Empresa de Reformas\",\"isPartOf\":{\"@id\":\"https:\/\/digesco.com\/es\/#website\"},\"primaryImageOfPage\":{\"@id\":\"https:\/\/digesco.com\/banys-adaptats-per-a-persones-grans-reformes-que-milloren-laccessibilitat-seguretat-funcionalitat-i-estil\/#primaryimage\"},\"image\":{\"@id\":\"https:\/\/digesco.com\/banys-adaptats-per-a-persones-grans-reformes-que-milloren-laccessibilitat-seguretat-funcionalitat-i-estil\/#primaryimage\"},\"thumbnailUrl\":\"https:\/\/digesco.com\/wp-content\/uploads\/2024\/02\/reformar-bano-Sabadell.jpg\",\"datePublished\":\"2024-02-08T11:53:33+00:00\",\"dateModified\":\"2024-02-21T09:58:54+00:00\",\"author\":{\"@id\":\"https:\/\/digesco.com\/es\/#\/schema\/person\/77c24b7959ee8bf38c078c4c9cfd230a\"},\"description\":\"Experimenta la comoditat i l'accessibilitat en cada detall amb els nostres banys adaptats per a persones majors. Descobreix solucions dissenyades per oferir comfort i seguretat sense comprometre l'estil.\",\"breadcrumb\":{\"@id\":\"https:\/\/digesco.com\/banys-adaptats-per-a-persones-grans-reformes-que-milloren-laccessibilitat-seguretat-funcionalitat-i-estil\/#breadcrumb\"},\"inLanguage\":\"es\",\"potentialAction\":[{\"@type\":\"ReadAction\",\"target\":[\"https:\/\/digesco.com\/banys-adaptats-per-a-persones-grans-reformes-que-milloren-laccessibilitat-seguretat-funcionalitat-i-estil\/\"]}]},{\"@type\":\"ImageObject\",\"inLanguage\":\"es\",\"@id\":\"https:\/\/digesco.com\/banys-adaptats-per-a-persones-grans-reformes-que-milloren-laccessibilitat-seguretat-funcionalitat-i-estil\/#primaryimage\",\"url\":\"https:\/\/digesco.com\/wp-content\/uploads\/2024\/02\/reformar-bano-Sabadell.jpg\",\"contentUrl\":\"https:\/\/digesco.com\/wp-content\/uploads\/2024\/02\/reformar-bano-Sabadell.jpg\",\"width\":900,\"height\":600,\"caption\":\"bany reformat\"},{\"@type\":\"BreadcrumbList\",\"@id\":\"https:\/\/digesco.com\/banys-adaptats-per-a-persones-grans-reformes-que-milloren-laccessibilitat-seguretat-funcionalitat-i-estil\/#breadcrumb\",\"itemListElement\":[{\"@type\":\"ListItem\",\"position\":1,\"name\":\"Portada\",\"item\":\"https:\/\/digesco.com\/es\/\"},{\"@type\":\"ListItem\",\"position\":2,\"name\":\"Banys adaptats per a persones grans; reformes que milloren l&#8217;accessibilitat. Seguretat, funcionalitat i estil\"}]},{\"@type\":\"WebSite\",\"@id\":\"https:\/\/digesco.com\/es\/#website\",\"url\":\"https:\/\/digesco.com\/es\/\",\"name\":\"Digesco | Empresa de Reformas\",\"description\":\"Empresa especializada y dedicada al mundo de la construcci\u00f3n, con trabajos tanto en el \u00e1mbito p\u00fablico como privado. En digesco ofrecemos un servicio integral para la construcci\u00f3n\",\"potentialAction\":[{\"@type\":\"SearchAction\",\"target\":{\"@type\":\"EntryPoint\",\"urlTemplate\":\"https:\/\/digesco.com\/es\/?s={search_term_string}\"},\"query-input\":{\"@type\":\"PropertyValueSpecification\",\"valueRequired\":true,\"valueName\":\"search_term_string\"}}],\"inLanguage\":\"es\"},{\"@type\":\"Person\",\"@id\":\"https:\/\/digesco.com\/es\/#\/schema\/person\/77c24b7959ee8bf38c078c4c9cfd230a\",\"name\":\"antonio\",\"image\":{\"@type\":\"ImageObject\",\"inLanguage\":\"es\",\"@id\":\"https:\/\/digesco.com\/es\/#\/schema\/person\/image\/\",\"url\":\"https:\/\/secure.gravatar.com\/avatar\/4a975ccc4ed7cba40825aef14a7464195a9371791d71c61abbe22f7854b4ef21?s=96&d=mm&r=g\",\"contentUrl\":\"https:\/\/secure.gravatar.com\/avatar\/4a975ccc4ed7cba40825aef14a7464195a9371791d71c61abbe22f7854b4ef21?s=96&d=mm&r=g\",\"caption\":\"antonio\"},\"url\":\"https:\/\/digesco.com\/es\/author\/antonio\/\"}]}<\/script>\n<!-- \/ Yoast SEO plugin. -->","yoast_head_json":{"title":"Banys adaptats per a persones grans; reformes que milloren l'accessibilitat. Seguretat, funcionalitat i estil - Digesco | Empresa de Reformas","description":"Experimenta la comoditat i l'accessibilitat en cada detall amb els nostres banys adaptats per a persones majors. Descobreix solucions dissenyades per oferir comfort i seguretat sense comprometre l'estil.","robots":{"index":"index","follow":"follow","max-snippet":"max-snippet:-1","max-image-preview":"max-image-preview:large","max-video-preview":"max-video-preview:-1"},"canonical":"https:\/\/digesco.com\/es\/banys-adaptats-per-a-persones-grans-reformes-que-milloren-laccessibilitat-seguretat-funcionalitat-i-estil\/","og_locale":"es_ES","og_type":"article","og_title":"Banys adaptats per a persones grans; reformes que milloren l'accessibilitat. Seguretat, funcionalitat i estil - Digesco | Empresa de Reformas","og_description":"Experimenta la comoditat i l'accessibilitat en cada detall amb els nostres banys adaptats per a persones majors. Descobreix solucions dissenyades per oferir comfort i seguretat sense comprometre l'estil.","og_url":"https:\/\/digesco.com\/es\/banys-adaptats-per-a-persones-grans-reformes-que-milloren-laccessibilitat-seguretat-funcionalitat-i-estil\/","og_site_name":"Digesco | Empresa de Reformas","article_published_time":"2024-02-08T11:53:33+00:00","article_modified_time":"2024-02-21T09:58:54+00:00","og_image":[{"width":900,"height":600,"url":"https:\/\/digesco.com\/wp-content\/uploads\/2024\/02\/reformar-bano-Sabadell.jpg","type":"image\/jpeg"}],"author":"antonio","twitter_card":"summary_large_image","twitter_misc":{"Escrito por":"antonio","Tiempo de lectura":"3 minutos"},"schema":{"@context":"https:\/\/schema.org","@graph":[{"@type":"Article","@id":"https:\/\/digesco.com\/banys-adaptats-per-a-persones-grans-reformes-que-milloren-laccessibilitat-seguretat-funcionalitat-i-estil\/#article","isPartOf":{"@id":"https:\/\/digesco.com\/banys-adaptats-per-a-persones-grans-reformes-que-milloren-laccessibilitat-seguretat-funcionalitat-i-estil\/"},"author":{"name":"antonio","@id":"https:\/\/digesco.com\/es\/#\/schema\/person\/77c24b7959ee8bf38c078c4c9cfd230a"},"headline":"Banys adaptats per a persones grans; reformes que milloren l&#8217;accessibilitat. Seguretat, funcionalitat i estil","datePublished":"2024-02-08T11:53:33+00:00","dateModified":"2024-02-21T09:58:54+00:00","mainEntityOfPage":{"@id":"https:\/\/digesco.com\/banys-adaptats-per-a-persones-grans-reformes-que-milloren-laccessibilitat-seguretat-funcionalitat-i-estil\/"},"wordCount":463,"commentCount":0,"image":{"@id":"https:\/\/digesco.com\/banys-adaptats-per-a-persones-grans-reformes-que-milloren-laccessibilitat-seguretat-funcionalitat-i-estil\/#primaryimage"},"thumbnailUrl":"https:\/\/digesco.com\/wp-content\/uploads\/2024\/02\/reformar-bano-Sabadell.jpg","keywords":["reformar ba\u00f1os Sabadell"],"articleSection":["reformas hogar"],"inLanguage":"es","potentialAction":[{"@type":"CommentAction","name":"Comment","target":["https:\/\/digesco.com\/banys-adaptats-per-a-persones-grans-reformes-que-milloren-laccessibilitat-seguretat-funcionalitat-i-estil\/#respond"]}]},{"@type":"WebPage","@id":"https:\/\/digesco.com\/banys-adaptats-per-a-persones-grans-reformes-que-milloren-laccessibilitat-seguretat-funcionalitat-i-estil\/","url":"https:\/\/digesco.com\/banys-adaptats-per-a-persones-grans-reformes-que-milloren-laccessibilitat-seguretat-funcionalitat-i-estil\/","name":"Banys adaptats per a persones grans; reformes que milloren l'accessibilitat. Seguretat, funcionalitat i estil - Digesco | Empresa de Reformas","isPartOf":{"@id":"https:\/\/digesco.com\/es\/#website"},"primaryImageOfPage":{"@id":"https:\/\/digesco.com\/banys-adaptats-per-a-persones-grans-reformes-que-milloren-laccessibilitat-seguretat-funcionalitat-i-estil\/#primaryimage"},"image":{"@id":"https:\/\/digesco.com\/banys-adaptats-per-a-persones-grans-reformes-que-milloren-laccessibilitat-seguretat-funcionalitat-i-estil\/#primaryimage"},"thumbnailUrl":"https:\/\/digesco.com\/wp-content\/uploads\/2024\/02\/reformar-bano-Sabadell.jpg","datePublished":"2024-02-08T11:53:33+00:00","dateModified":"2024-02-21T09:58:54+00:00","author":{"@id":"https:\/\/digesco.com\/es\/#\/schema\/person\/77c24b7959ee8bf38c078c4c9cfd230a"},"description":"Experimenta la comoditat i l'accessibilitat en cada detall amb els nostres banys adaptats per a persones majors. Descobreix solucions dissenyades per oferir comfort i seguretat sense comprometre l'estil.","breadcrumb":{"@id":"https:\/\/digesco.com\/banys-adaptats-per-a-persones-grans-reformes-que-milloren-laccessibilitat-seguretat-funcionalitat-i-estil\/#breadcrumb"},"inLanguage":"es","potentialAction":[{"@type":"ReadAction","target":["https:\/\/digesco.com\/banys-adaptats-per-a-persones-grans-reformes-que-milloren-laccessibilitat-seguretat-funcionalitat-i-estil\/"]}]},{"@type":"ImageObject","inLanguage":"es","@id":"https:\/\/digesco.com\/banys-adaptats-per-a-persones-grans-reformes-que-milloren-laccessibilitat-seguretat-funcionalitat-i-estil\/#primaryimage","url":"https:\/\/digesco.com\/wp-content\/uploads\/2024\/02\/reformar-bano-Sabadell.jpg","contentUrl":"https:\/\/digesco.com\/wp-content\/uploads\/2024\/02\/reformar-bano-Sabadell.jpg","width":900,"height":600,"caption":"bany reformat"},{"@type":"BreadcrumbList","@id":"https:\/\/digesco.com\/banys-adaptats-per-a-persones-grans-reformes-que-milloren-laccessibilitat-seguretat-funcionalitat-i-estil\/#breadcrumb","itemListElement":[{"@type":"ListItem","position":1,"name":"Portada","item":"https:\/\/digesco.com\/es\/"},{"@type":"ListItem","position":2,"name":"Banys adaptats per a persones grans; reformes que milloren l&#8217;accessibilitat. Seguretat, funcionalitat i estil"}]},{"@type":"WebSite","@id":"https:\/\/digesco.com\/es\/#website","url":"https:\/\/digesco.com\/es\/","name":"Digesco | Empresa de Reformas","description":"Empresa especializada y dedicada al mundo de la construcci\u00f3n, con trabajos tanto en el \u00e1mbito p\u00fablico como privado. En digesco ofrecemos un servicio integral para la construcci\u00f3n","potentialAction":[{"@type":"SearchAction","target":{"@type":"EntryPoint","urlTemplate":"https:\/\/digesco.com\/es\/?s={search_term_string}"},"query-input":{"@type":"PropertyValueSpecification","valueRequired":true,"valueName":"search_term_string"}}],"inLanguage":"es"},{"@type":"Person","@id":"https:\/\/digesco.com\/es\/#\/schema\/person\/77c24b7959ee8bf38c078c4c9cfd230a","name":"antonio","image":{"@type":"ImageObject","inLanguage":"es","@id":"https:\/\/digesco.com\/es\/#\/schema\/person\/image\/","url":"https:\/\/secure.gravatar.com\/avatar\/4a975ccc4ed7cba40825aef14a7464195a9371791d71c61abbe22f7854b4ef21?s=96&d=mm&r=g","contentUrl":"https:\/\/secure.gravatar.com\/avatar\/4a975ccc4ed7cba40825aef14a7464195a9371791d71c61abbe22f7854b4ef21?s=96&d=mm&r=g","caption":"antonio"},"url":"https:\/\/digesco.com\/es\/author\/antonio\/"}]}},"_links":{"self":[{"href":"https:\/\/digesco.com\/es\/wp-json\/wp\/v2\/posts\/1024","targetHints":{"allow":["GET"]}}],"collection":[{"href":"https:\/\/digesco.com\/es\/wp-json\/wp\/v2\/posts"}],"about":[{"href":"https:\/\/digesco.com\/es\/wp-json\/wp\/v2\/types\/post"}],"author":[{"embeddable":true,"href":"https:\/\/digesco.com\/es\/wp-json\/wp\/v2\/users\/3"}],"replies":[{"embeddable":true,"href":"https:\/\/digesco.com\/es\/wp-json\/wp\/v2\/comments?post=1024"}],"version-history":[{"count":7,"href":"https:\/\/digesco.com\/es\/wp-json\/wp\/v2\/posts\/1024\/revisions"}],"predecessor-version":[{"id":1047,"href":"https:\/\/digesco.com\/es\/wp-json\/wp\/v2\/posts\/1024\/revisions\/1047"}],"wp:featuredmedia":[{"embeddable":true,"href":"https:\/\/digesco.com\/es\/wp-json\/wp\/v2\/media\/1027"}],"wp:attachment":[{"href":"https:\/\/digesco.com\/es\/wp-json\/wp\/v2\/media?parent=1024"}],"wp:term":[{"taxonomy":"category","embeddable":true,"href":"https:\/\/digesco.com\/es\/wp-json\/wp\/v2\/categories?post=1024"},{"taxonomy":"post_tag","embeddable":true,"href":"https:\/\/digesco.com\/es\/wp-json\/wp\/v2\/tags?post=1024"}],"curies":[{"name":"wp","href":"https:\/\/api.w.org\/{rel}","templated":true}]}}