{"id":1019,"date":"2024-02-16T11:50:04","date_gmt":"2024-02-16T11:50:04","guid":{"rendered":"https:\/\/digesco.com\/?p=1019"},"modified":"2024-02-21T10:07:25","modified_gmt":"2024-02-21T10:07:25","slug":"reformes-integrals-a-mida-transforma-la-teva-llar-amb-digesco","status":"publish","type":"post","link":"https:\/\/digesco.com\/es\/reformes-integrals-a-mida-transforma-la-teva-llar-amb-digesco\/","title":{"rendered":"Reformas integrales a medida; transforma tu hogar con Digesco"},"content":{"rendered":"<h2 style=\"text-align: justify;\"><strong>Disfruta de un espacio a medida<\/strong><\/h2>\n<p style=\"text-align: justify;\">Siempre puede ser un buen momento para hacer una <a href=\"https:\/\/digesco.com\/es\/reformas-integrales-a-medida-transforma-tu-hogar-con-digesco\/\"><strong>reforma integral en tu vivienda en Sabadell<\/strong><\/a>pero a veces, m\u00e1s un deseo se convierte en una necesidad urgente. Cuando adquieres una nueva propiedad que no est\u00e1 en buen estado o que no se adapta a tus gustos y necesidades, por ejemplo, las reformas integrales de tu hogar te permiten personalizar cada espacio hasta convertirlo en la casa de tus sue\u00f1os.<\/p>\n<p style=\"text-align: justify;\">Otro de los motivos m\u00e1s comunes para realizar una reforma integral puede ser la llegada de un nuevo miembro de la familia, ya que necesitar\u00e1s una mayor ampliaci\u00f3n de espacios o adaptar \u00e1reas comunes. Sea cual sea el motivo, desde Digesco te ayudamos a llevar a cabo la <strong>reforma de tu vivienda en Sabadell<\/strong> de forma integral, desde el inicio hasta el final.<\/p>\n<p><img fetchpriority=\"high\" decoding=\"async\" class=\"aligncenter wp-image-1022 size-full\" src=\"https:\/\/digesco.com\/wp-content\/uploads\/2024\/02\/reformas-hogar-Sabadell-1.jpg\" alt=\"dues persones mirant pl\u00e0nols\" width=\"900\" height=\"600\" srcset=\"https:\/\/digesco.com\/wp-content\/uploads\/2024\/02\/reformas-hogar-Sabadell-1.jpg 900w, https:\/\/digesco.com\/wp-content\/uploads\/2024\/02\/reformas-hogar-Sabadell-1-300x200.jpg 300w, https:\/\/digesco.com\/wp-content\/uploads\/2024\/02\/reformas-hogar-Sabadell-1-768x512.jpg 768w, https:\/\/digesco.com\/wp-content\/uploads\/2024\/02\/reformas-hogar-Sabadell-1-18x12.jpg 18w\" sizes=\"(max-width: 900px) 100vw, 900px\" \/><\/p>\n<h3 style=\"text-align: justify;\">Soluciones completas y personalizadas para tu vivienda en Sabadell<\/h3>\n<p style=\"text-align: justify;\">Nos encargamos de todos los aspectos de tu proyecto, desde la planificaci\u00f3n inicial hasta la selecci\u00f3n de materiales de alta calidad, garantizando resultados duraderos y satisfactorios. Para conseguir los mejores resultados combinamos dise\u00f1o y funcionalidad, para que cada espacio sea visualmente atractivo y altamente pr\u00e1ctico. Cada detalle se cuida con atenci\u00f3n meticulosa, adaptando cada proyecto a tus necesidades y gustos espec\u00edficos. En Digesco creamos espacios \u00fanicos ya medida que reflejan tu estilo de vida.<\/p>\n<p><img decoding=\"async\" class=\"aligncenter wp-image-1020 size-full\" src=\"https:\/\/digesco.com\/wp-content\/uploads\/2024\/02\/reformas-hogar-Sabadell.jpg\" alt=\"pl\u00e0nols habitatge\" width=\"900\" height=\"600\" srcset=\"https:\/\/digesco.com\/wp-content\/uploads\/2024\/02\/reformas-hogar-Sabadell.jpg 900w, https:\/\/digesco.com\/wp-content\/uploads\/2024\/02\/reformas-hogar-Sabadell-300x200.jpg 300w, https:\/\/digesco.com\/wp-content\/uploads\/2024\/02\/reformas-hogar-Sabadell-768x512.jpg 768w, https:\/\/digesco.com\/wp-content\/uploads\/2024\/02\/reformas-hogar-Sabadell-18x12.jpg 18w\" sizes=\"(max-width: 900px) 100vw, 900px\" \/><\/p>\n<h2 style=\"text-align: justify;\">Reformas integrales para aumentar el valor de tu vivienda<\/h2>\n<p style=\"text-align: justify;\">La <strong>reforma integral de tu vivienda en Sabadell<\/strong> supone una transformaci\u00f3n que no s\u00f3lo impulsa la funcionalidad y el dise\u00f1o, sino que tambi\u00e9n impacta significativamente en la calidad de vida y el valor de la propiedad. De hecho, permiten modernizar tecnol\u00f3gicamente la vivienda, incorporando sistemas inteligentes para mejorar la eficiencia energ\u00e9tica y comodidad. Las mejoras en la est\u00e9tica y la funcionalidad resultan atractivas para posibles compradores o inquilinos, convirtiendo la inversi\u00f3n en una decisi\u00f3n estrat\u00e9gica. Las <strong>reformas integrales<\/strong> pueden reconfigurar la distribuci\u00f3n para crear ambientes m\u00e1s amplios y vers\u00e1tiles, mejorando la utilidad de cada rinc\u00f3n del hogar. Ambientes m\u00e1s luminosos, organizados y est\u00e9ticamente agradables, contribuyen al bienestar general, creando un entorno m\u00e1s agradable y funcional.<\/p>\n<p><img decoding=\"async\" class=\"aligncenter wp-image-1025 size-full\" src=\"https:\/\/digesco.com\/wp-content\/uploads\/2024\/02\/reformar-bano-Sabadell-2.jpg\" alt=\"bany\" width=\"900\" height=\"600\" srcset=\"https:\/\/digesco.com\/wp-content\/uploads\/2024\/02\/reformar-bano-Sabadell-2.jpg 900w, https:\/\/digesco.com\/wp-content\/uploads\/2024\/02\/reformar-bano-Sabadell-2-300x200.jpg 300w, https:\/\/digesco.com\/wp-content\/uploads\/2024\/02\/reformar-bano-Sabadell-2-768x512.jpg 768w, https:\/\/digesco.com\/wp-content\/uploads\/2024\/02\/reformar-bano-Sabadell-2-18x12.jpg 18w\" sizes=\"(max-width: 900px) 100vw, 900px\" \/><\/p>\n<h3 style=\"text-align: justify;\">Expertos en reformas integrales de obra nueva<\/h3>\n<p style=\"text-align: justify;\">En Digesco, entendemos que una nueva construcci\u00f3n no es s\u00f3lo un proyecto, sino la creaci\u00f3n de un legado duradero. Cada fase del proyecto se planifica meticulosamente y se ejecuta con precisi\u00f3n, garantizando no s\u00f3lo funcionalidad y seguridad, sino tambi\u00e9n una expresi\u00f3n tangible de innovaci\u00f3n y est\u00e9tica. Descubre c\u00f3mo transformamos ideas en realidades, fusionando profesionalismo y pasi\u00f3n en cada estructura que creamos.<\/p>","protected":false},"excerpt":{"rendered":"<p>Disfruta de un espacio a medida Siempre puede ser un buen momento para realizar una reforma integral en tu vivienda en Sabadell, pero a veces, m\u00e1s un deseo se convierte en una necesidad urgente. Cuando adquieres una nueva propiedad que no est\u00e1 en buen estado o no se adapta a tus gustos y necesidades, por ejemplo\u2026&nbsp;<a href=\"https:\/\/digesco.com\/es\/reformes-integrals-a-mida-transforma-la-teva-llar-amb-digesco\/\" rel=\"bookmark\"><span class=\"screen-reader-text\">Reformas integrales a medida; transforma tu hogar con Digesco<\/span><\/a><\/p>","protected":false},"author":3,"featured_media":1021,"comment_status":"open","ping_status":"open","sticky":false,"template":"","format":"standard","meta":{"neve_meta_sidebar":"","neve_meta_container":"","neve_meta_enable_content_width":"off","neve_meta_content_width":70,"neve_meta_title_alignment":"","neve_meta_author_avatar":"","neve_post_elements_order":"","neve_meta_disable_header":"","neve_meta_disable_footer":"","neve_meta_disable_title":"","_joinchat":[],"footnotes":""},"categories":[8],"tags":[9],"class_list":["post-1019","post","type-post","status-publish","format-standard","has-post-thumbnail","hentry","category-reformas-hogar","tag-reforma-hogar-sabadell"],"yoast_head":"<!-- This site is optimized with the Yoast SEO plugin v26.9 - https:\/\/yoast.com\/product\/yoast-seo-wordpress\/ -->\n<title>Reformes integrals a mida; transforma la teva llar amb Digesco - Digesco | Empresa de Reformas<\/title>\n<meta name=\"description\" content=\"Transforma la teva llar amb reformes integrals a mida de Digesco. Disseny personalitzat, efici\u00e8ncia energ\u00e8tica i solucions a mida. Descobreix com podem renovar el teu espai per satisfer les teves necessitats i estil.\" \/>\n<meta name=\"robots\" content=\"index, follow, max-snippet:-1, max-image-preview:large, max-video-preview:-1\" \/>\n<link rel=\"canonical\" href=\"https:\/\/digesco.com\/es\/reformes-integrals-a-mida-transforma-la-teva-llar-amb-digesco\/\" \/>\n<meta property=\"og:locale\" content=\"es_ES\" \/>\n<meta property=\"og:type\" content=\"article\" \/>\n<meta property=\"og:title\" content=\"Reformes integrals a mida; transforma la teva llar amb Digesco - Digesco | Empresa de Reformas\" \/>\n<meta property=\"og:description\" content=\"Transforma la teva llar amb reformes integrals a mida de Digesco. Disseny personalitzat, efici\u00e8ncia energ\u00e8tica i solucions a mida. Descobreix com podem renovar el teu espai per satisfer les teves necessitats i estil.\" \/>\n<meta property=\"og:url\" content=\"https:\/\/digesco.com\/es\/reformes-integrals-a-mida-transforma-la-teva-llar-amb-digesco\/\" \/>\n<meta property=\"og:site_name\" content=\"Digesco | Empresa de Reformas\" \/>\n<meta property=\"article:published_time\" content=\"2024-02-16T11:50:04+00:00\" \/>\n<meta property=\"article:modified_time\" content=\"2024-02-21T10:07:25+00:00\" \/>\n<meta property=\"og:image\" content=\"https:\/\/digesco.com\/wp-content\/uploads\/2024\/02\/reforma-hogar-Sabadell.jpg\" \/>\n\t<meta property=\"og:image:width\" content=\"900\" \/>\n\t<meta property=\"og:image:height\" content=\"600\" \/>\n\t<meta property=\"og:image:type\" content=\"image\/jpeg\" \/>\n<meta name=\"author\" content=\"antonio\" \/>\n<meta name=\"twitter:card\" content=\"summary_large_image\" \/>\n<meta name=\"twitter:label1\" content=\"Escrito por\" \/>\n\t<meta name=\"twitter:data1\" content=\"antonio\" \/>\n\t<meta name=\"twitter:label2\" content=\"Tiempo de lectura\" \/>\n\t<meta name=\"twitter:data2\" content=\"3 minutos\" \/>\n<script type=\"application\/ld+json\" class=\"yoast-schema-graph\">{\"@context\":\"https:\/\/schema.org\",\"@graph\":[{\"@type\":\"Article\",\"@id\":\"https:\/\/digesco.com\/reformes-integrals-a-mida-transforma-la-teva-llar-amb-digesco\/#article\",\"isPartOf\":{\"@id\":\"https:\/\/digesco.com\/reformes-integrals-a-mida-transforma-la-teva-llar-amb-digesco\/\"},\"author\":{\"name\":\"antonio\",\"@id\":\"https:\/\/digesco.com\/es\/#\/schema\/person\/77c24b7959ee8bf38c078c4c9cfd230a\"},\"headline\":\"Reformes integrals a mida; transforma la teva llar amb Digesco\",\"datePublished\":\"2024-02-16T11:50:04+00:00\",\"dateModified\":\"2024-02-21T10:07:25+00:00\",\"mainEntityOfPage\":{\"@id\":\"https:\/\/digesco.com\/reformes-integrals-a-mida-transforma-la-teva-llar-amb-digesco\/\"},\"wordCount\":456,\"commentCount\":0,\"image\":{\"@id\":\"https:\/\/digesco.com\/reformes-integrals-a-mida-transforma-la-teva-llar-amb-digesco\/#primaryimage\"},\"thumbnailUrl\":\"https:\/\/digesco.com\/wp-content\/uploads\/2024\/02\/reforma-hogar-Sabadell.jpg\",\"keywords\":[\"reforma hogar Sabadell\"],\"articleSection\":[\"reformas hogar\"],\"inLanguage\":\"es\",\"potentialAction\":[{\"@type\":\"CommentAction\",\"name\":\"Comment\",\"target\":[\"https:\/\/digesco.com\/reformes-integrals-a-mida-transforma-la-teva-llar-amb-digesco\/#respond\"]}]},{\"@type\":\"WebPage\",\"@id\":\"https:\/\/digesco.com\/reformes-integrals-a-mida-transforma-la-teva-llar-amb-digesco\/\",\"url\":\"https:\/\/digesco.com\/reformes-integrals-a-mida-transforma-la-teva-llar-amb-digesco\/\",\"name\":\"Reformes integrals a mida; transforma la teva llar amb Digesco - Digesco | Empresa de Reformas\",\"isPartOf\":{\"@id\":\"https:\/\/digesco.com\/es\/#website\"},\"primaryImageOfPage\":{\"@id\":\"https:\/\/digesco.com\/reformes-integrals-a-mida-transforma-la-teva-llar-amb-digesco\/#primaryimage\"},\"image\":{\"@id\":\"https:\/\/digesco.com\/reformes-integrals-a-mida-transforma-la-teva-llar-amb-digesco\/#primaryimage\"},\"thumbnailUrl\":\"https:\/\/digesco.com\/wp-content\/uploads\/2024\/02\/reforma-hogar-Sabadell.jpg\",\"datePublished\":\"2024-02-16T11:50:04+00:00\",\"dateModified\":\"2024-02-21T10:07:25+00:00\",\"author\":{\"@id\":\"https:\/\/digesco.com\/es\/#\/schema\/person\/77c24b7959ee8bf38c078c4c9cfd230a\"},\"description\":\"Transforma la teva llar amb reformes integrals a mida de Digesco. Disseny personalitzat, efici\u00e8ncia energ\u00e8tica i solucions a mida. Descobreix com podem renovar el teu espai per satisfer les teves necessitats i estil.\",\"breadcrumb\":{\"@id\":\"https:\/\/digesco.com\/reformes-integrals-a-mida-transforma-la-teva-llar-amb-digesco\/#breadcrumb\"},\"inLanguage\":\"es\",\"potentialAction\":[{\"@type\":\"ReadAction\",\"target\":[\"https:\/\/digesco.com\/reformes-integrals-a-mida-transforma-la-teva-llar-amb-digesco\/\"]}]},{\"@type\":\"ImageObject\",\"inLanguage\":\"es\",\"@id\":\"https:\/\/digesco.com\/reformes-integrals-a-mida-transforma-la-teva-llar-amb-digesco\/#primaryimage\",\"url\":\"https:\/\/digesco.com\/wp-content\/uploads\/2024\/02\/reforma-hogar-Sabadell.jpg\",\"contentUrl\":\"https:\/\/digesco.com\/wp-content\/uploads\/2024\/02\/reforma-hogar-Sabadell.jpg\",\"width\":900,\"height\":600,\"caption\":\"espacio reformado\"},{\"@type\":\"BreadcrumbList\",\"@id\":\"https:\/\/digesco.com\/reformes-integrals-a-mida-transforma-la-teva-llar-amb-digesco\/#breadcrumb\",\"itemListElement\":[{\"@type\":\"ListItem\",\"position\":1,\"name\":\"Portada\",\"item\":\"https:\/\/digesco.com\/es\/\"},{\"@type\":\"ListItem\",\"position\":2,\"name\":\"Reformes integrals a mida; transforma la teva llar amb Digesco\"}]},{\"@type\":\"WebSite\",\"@id\":\"https:\/\/digesco.com\/es\/#website\",\"url\":\"https:\/\/digesco.com\/es\/\",\"name\":\"Digesco | Empresa de Reformas\",\"description\":\"Empresa especializada y dedicada al mundo de la construcci\u00f3n, con trabajos tanto en el \u00e1mbito p\u00fablico como privado. En digesco ofrecemos un servicio integral para la construcci\u00f3n\",\"potentialAction\":[{\"@type\":\"SearchAction\",\"target\":{\"@type\":\"EntryPoint\",\"urlTemplate\":\"https:\/\/digesco.com\/es\/?s={search_term_string}\"},\"query-input\":{\"@type\":\"PropertyValueSpecification\",\"valueRequired\":true,\"valueName\":\"search_term_string\"}}],\"inLanguage\":\"es\"},{\"@type\":\"Person\",\"@id\":\"https:\/\/digesco.com\/es\/#\/schema\/person\/77c24b7959ee8bf38c078c4c9cfd230a\",\"name\":\"antonio\",\"image\":{\"@type\":\"ImageObject\",\"inLanguage\":\"es\",\"@id\":\"https:\/\/digesco.com\/es\/#\/schema\/person\/image\/\",\"url\":\"https:\/\/secure.gravatar.com\/avatar\/4a975ccc4ed7cba40825aef14a7464195a9371791d71c61abbe22f7854b4ef21?s=96&d=mm&r=g\",\"contentUrl\":\"https:\/\/secure.gravatar.com\/avatar\/4a975ccc4ed7cba40825aef14a7464195a9371791d71c61abbe22f7854b4ef21?s=96&d=mm&r=g\",\"caption\":\"antonio\"},\"url\":\"https:\/\/digesco.com\/es\/author\/antonio\/\"}]}<\/script>\n<!-- \/ Yoast SEO plugin. -->","yoast_head_json":{"title":"Reformes integrals a mida; transforma la teva llar amb Digesco - Digesco | Empresa de Reformas","description":"Transforma la teva llar amb reformes integrals a mida de Digesco. Disseny personalitzat, efici\u00e8ncia energ\u00e8tica i solucions a mida. Descobreix com podem renovar el teu espai per satisfer les teves necessitats i estil.","robots":{"index":"index","follow":"follow","max-snippet":"max-snippet:-1","max-image-preview":"max-image-preview:large","max-video-preview":"max-video-preview:-1"},"canonical":"https:\/\/digesco.com\/es\/reformes-integrals-a-mida-transforma-la-teva-llar-amb-digesco\/","og_locale":"es_ES","og_type":"article","og_title":"Reformes integrals a mida; transforma la teva llar amb Digesco - Digesco | Empresa de Reformas","og_description":"Transforma la teva llar amb reformes integrals a mida de Digesco. Disseny personalitzat, efici\u00e8ncia energ\u00e8tica i solucions a mida. Descobreix com podem renovar el teu espai per satisfer les teves necessitats i estil.","og_url":"https:\/\/digesco.com\/es\/reformes-integrals-a-mida-transforma-la-teva-llar-amb-digesco\/","og_site_name":"Digesco | Empresa de Reformas","article_published_time":"2024-02-16T11:50:04+00:00","article_modified_time":"2024-02-21T10:07:25+00:00","og_image":[{"width":900,"height":600,"url":"https:\/\/digesco.com\/wp-content\/uploads\/2024\/02\/reforma-hogar-Sabadell.jpg","type":"image\/jpeg"}],"author":"antonio","twitter_card":"summary_large_image","twitter_misc":{"Escrito por":"antonio","Tiempo de lectura":"3 minutos"},"schema":{"@context":"https:\/\/schema.org","@graph":[{"@type":"Article","@id":"https:\/\/digesco.com\/reformes-integrals-a-mida-transforma-la-teva-llar-amb-digesco\/#article","isPartOf":{"@id":"https:\/\/digesco.com\/reformes-integrals-a-mida-transforma-la-teva-llar-amb-digesco\/"},"author":{"name":"antonio","@id":"https:\/\/digesco.com\/es\/#\/schema\/person\/77c24b7959ee8bf38c078c4c9cfd230a"},"headline":"Reformes integrals a mida; transforma la teva llar amb Digesco","datePublished":"2024-02-16T11:50:04+00:00","dateModified":"2024-02-21T10:07:25+00:00","mainEntityOfPage":{"@id":"https:\/\/digesco.com\/reformes-integrals-a-mida-transforma-la-teva-llar-amb-digesco\/"},"wordCount":456,"commentCount":0,"image":{"@id":"https:\/\/digesco.com\/reformes-integrals-a-mida-transforma-la-teva-llar-amb-digesco\/#primaryimage"},"thumbnailUrl":"https:\/\/digesco.com\/wp-content\/uploads\/2024\/02\/reforma-hogar-Sabadell.jpg","keywords":["reforma hogar Sabadell"],"articleSection":["reformas hogar"],"inLanguage":"es","potentialAction":[{"@type":"CommentAction","name":"Comment","target":["https:\/\/digesco.com\/reformes-integrals-a-mida-transforma-la-teva-llar-amb-digesco\/#respond"]}]},{"@type":"WebPage","@id":"https:\/\/digesco.com\/reformes-integrals-a-mida-transforma-la-teva-llar-amb-digesco\/","url":"https:\/\/digesco.com\/reformes-integrals-a-mida-transforma-la-teva-llar-amb-digesco\/","name":"Reformes integrals a mida; transforma la teva llar amb Digesco - Digesco | Empresa de Reformas","isPartOf":{"@id":"https:\/\/digesco.com\/es\/#website"},"primaryImageOfPage":{"@id":"https:\/\/digesco.com\/reformes-integrals-a-mida-transforma-la-teva-llar-amb-digesco\/#primaryimage"},"image":{"@id":"https:\/\/digesco.com\/reformes-integrals-a-mida-transforma-la-teva-llar-amb-digesco\/#primaryimage"},"thumbnailUrl":"https:\/\/digesco.com\/wp-content\/uploads\/2024\/02\/reforma-hogar-Sabadell.jpg","datePublished":"2024-02-16T11:50:04+00:00","dateModified":"2024-02-21T10:07:25+00:00","author":{"@id":"https:\/\/digesco.com\/es\/#\/schema\/person\/77c24b7959ee8bf38c078c4c9cfd230a"},"description":"Transforma la teva llar amb reformes integrals a mida de Digesco. Disseny personalitzat, efici\u00e8ncia energ\u00e8tica i solucions a mida. Descobreix com podem renovar el teu espai per satisfer les teves necessitats i estil.","breadcrumb":{"@id":"https:\/\/digesco.com\/reformes-integrals-a-mida-transforma-la-teva-llar-amb-digesco\/#breadcrumb"},"inLanguage":"es","potentialAction":[{"@type":"ReadAction","target":["https:\/\/digesco.com\/reformes-integrals-a-mida-transforma-la-teva-llar-amb-digesco\/"]}]},{"@type":"ImageObject","inLanguage":"es","@id":"https:\/\/digesco.com\/reformes-integrals-a-mida-transforma-la-teva-llar-amb-digesco\/#primaryimage","url":"https:\/\/digesco.com\/wp-content\/uploads\/2024\/02\/reforma-hogar-Sabadell.jpg","contentUrl":"https:\/\/digesco.com\/wp-content\/uploads\/2024\/02\/reforma-hogar-Sabadell.jpg","width":900,"height":600,"caption":"espacio reformado"},{"@type":"BreadcrumbList","@id":"https:\/\/digesco.com\/reformes-integrals-a-mida-transforma-la-teva-llar-amb-digesco\/#breadcrumb","itemListElement":[{"@type":"ListItem","position":1,"name":"Portada","item":"https:\/\/digesco.com\/es\/"},{"@type":"ListItem","position":2,"name":"Reformes integrals a mida; transforma la teva llar amb Digesco"}]},{"@type":"WebSite","@id":"https:\/\/digesco.com\/es\/#website","url":"https:\/\/digesco.com\/es\/","name":"Digesco | Empresa de Reformas","description":"Empresa especializada y dedicada al mundo de la construcci\u00f3n, con trabajos tanto en el \u00e1mbito p\u00fablico como privado. En digesco ofrecemos un servicio integral para la construcci\u00f3n","potentialAction":[{"@type":"SearchAction","target":{"@type":"EntryPoint","urlTemplate":"https:\/\/digesco.com\/es\/?s={search_term_string}"},"query-input":{"@type":"PropertyValueSpecification","valueRequired":true,"valueName":"search_term_string"}}],"inLanguage":"es"},{"@type":"Person","@id":"https:\/\/digesco.com\/es\/#\/schema\/person\/77c24b7959ee8bf38c078c4c9cfd230a","name":"antonio","image":{"@type":"ImageObject","inLanguage":"es","@id":"https:\/\/digesco.com\/es\/#\/schema\/person\/image\/","url":"https:\/\/secure.gravatar.com\/avatar\/4a975ccc4ed7cba40825aef14a7464195a9371791d71c61abbe22f7854b4ef21?s=96&d=mm&r=g","contentUrl":"https:\/\/secure.gravatar.com\/avatar\/4a975ccc4ed7cba40825aef14a7464195a9371791d71c61abbe22f7854b4ef21?s=96&d=mm&r=g","caption":"antonio"},"url":"https:\/\/digesco.com\/es\/author\/antonio\/"}]}},"_links":{"self":[{"href":"https:\/\/digesco.com\/es\/wp-json\/wp\/v2\/posts\/1019","targetHints":{"allow":["GET"]}}],"collection":[{"href":"https:\/\/digesco.com\/es\/wp-json\/wp\/v2\/posts"}],"about":[{"href":"https:\/\/digesco.com\/es\/wp-json\/wp\/v2\/types\/post"}],"author":[{"embeddable":true,"href":"https:\/\/digesco.com\/es\/wp-json\/wp\/v2\/users\/3"}],"replies":[{"embeddable":true,"href":"https:\/\/digesco.com\/es\/wp-json\/wp\/v2\/comments?post=1019"}],"version-history":[{"count":3,"href":"https:\/\/digesco.com\/es\/wp-json\/wp\/v2\/posts\/1019\/revisions"}],"predecessor-version":[{"id":1051,"href":"https:\/\/digesco.com\/es\/wp-json\/wp\/v2\/posts\/1019\/revisions\/1051"}],"wp:featuredmedia":[{"embeddable":true,"href":"https:\/\/digesco.com\/es\/wp-json\/wp\/v2\/media\/1021"}],"wp:attachment":[{"href":"https:\/\/digesco.com\/es\/wp-json\/wp\/v2\/media?parent=1019"}],"wp:term":[{"taxonomy":"category","embeddable":true,"href":"https:\/\/digesco.com\/es\/wp-json\/wp\/v2\/categories?post=1019"},{"taxonomy":"post_tag","embeddable":true,"href":"https:\/\/digesco.com\/es\/wp-json\/wp\/v2\/tags?post=1019"}],"curies":[{"name":"wp","href":"https:\/\/api.w.org\/{rel}","templated":true}]}}