{
    "id": 663,
    "date": "2023-10-25T20:38:34",
    "date_gmt": "2023-10-25T20:38:34",
    "guid": {
        "rendered": "https:\/\/digesco.com\/?p=663"
    },
    "modified": "2023-10-25T20:44:25",
    "modified_gmt": "2023-10-25T20:44:25",
    "slug": "digesco-estrena-la-seva-nova-web",
    "status": "publish",
    "type": "post",
    "link": "https:\/\/digesco.com\/ca\/digesco-estrena-la-seva-nova-web\/",
    "title": {
        "rendered": "Digesco Estrena la seva Nova Web"
    },
    "content": {
        "rendered": "<div>A Digesco, estem emocionats d&#8217;anunciar el llan\u00e7ament del nostre nou lloc web, dissenyat per oferir una experi\u00e8ncia millorada als nostres clients i visitants. A trav\u00e9s d&#8217;aquesta nova plataforma en l\u00ednia, us convidem a explorar la nostra \u00e0mplia gamma de serveis relacionats amb reformes i projectes de construcci\u00f3.<\/div>\n<div><\/div>\n<div>Reformes: La nostra especialitat<\/div>\n<div><\/div>\n<div>A Digesco, entenem la import\u00e0ncia de crear espais que reflecteixin la vostra visi\u00f3 i estil de vida. La nostra experi\u00e8ncia abasta una varietat de serveis relacionats amb reformes, com ara reformes integrals, reformes de cuines i banys, instal\u00b7lacions, reformes amb pladur, instal\u00b7laci\u00f3 de parquets i rajoles. El nostre comprom\u00eds amb l&#8217;excel\u00b7l\u00e8ncia i la qualitat s&#8217;est\u00e9n a tots aquests \u00e0mbits.<\/div>\n<div><\/div>\n<div>Qu\u00e8 podeu esperar en el nostre nou lloc web<\/div>\n<div><\/div>\n<div>La renovaci\u00f3 del nostre lloc web no nom\u00e9s consisteix en un canvi d&#8217;imatge, sin\u00f3 en millorar la forma com us connecteu amb nosaltres i obteniu informaci\u00f3 valuosa sobre els vostres projectes de reforma. Alguns dels aspectes m\u00e9s destacats del nostre nou lloc web inclouen:<\/div>\n<div><\/div>\n<ol>\n<li>Informaci\u00f3 Detallada: Exploreu informaci\u00f3 detallada sobre els nostres serveis de reforma, projectes anteriors i l&#8217;equip d&#8217;experts que recolza la nostra empresa.<\/li>\n<li>Galeria de Projectes: Descobriu una galeria de projectes de reforma complets per inspirar-vos en els vostres propis projectes.<\/li>\n<li>Bloc: Mantingueu-vos actualitzats amb les \u00faltimes tend\u00e8ncies en reformes, disseny d&#8217;interiors i consells \u00fatils per als vostres projectes a trav\u00e9s del nostre bloc.<\/li>\n<li>Formulari de Contacte: Comuniqueu-vos amb nosaltres f\u00e0cilment a trav\u00e9s del nostre formulari de contacte i obteniu respostes a les vostres preguntes.<\/li>\n<li>Testimonis de Clients: Llegiu les experi\u00e8ncies dels nostres clients satisfets en l&#8217;\u00e0mbit de les reformes i com hem transformant els seus espais.<\/li>\n<li>\u00c0rees de Servei: Coneixeu les \u00e0rees on oferim els nostres serveis de reforma i com us podem ajudar a la vostra ubicaci\u00f3.<\/li>\n<\/ol>\n<div>La nostra promesa<\/div>\n<div><\/div>\n<div>A Digesco, estem compromesos a oferir solucions de reforma d&#8217;alta qualitat que s&#8217;ajustin a les vostres necessitats i estil de vida. Valorem la qualitat, la integritat i la satisfacci\u00f3 del client per damunt de tot, i aquesta filosofia es reflecteix en el nostre nou lloc web.<\/div>\n<div><\/div>\n<div>Estem emocionats per aquesta oportunitat de servir-vos millor i de connectar amb vosaltres a trav\u00e9s de la nostra nova plataforma en l\u00ednia. Us convidem a explorar el lloc web, con\u00e8ixer m\u00e9s sobre els nostres serveis de reforma i posar-vos en contacte amb nosaltres per discutir els vostres projectes i necessitats.<\/div>\n<div><\/div>\n<div>Benvinguts a la Nova Era de Digesco al M\u00f3n de les Reformes!<\/div>\n<div><\/div>\n<div>A Digesco, no nom\u00e9s renovem espais, creem ambients que reflecteixen la vostra personalitat i necessitats. Esperem que gaudeixeu del nostre nou lloc web i estem preparats per ajudar-vos a fer realitat els vostres projectes de reforma.<\/div>",
        "protected": false
    },
    "excerpt": {
        "rendered": "<p>A Digesco, estem emocionats d&#8217;anunciar el llan\u00e7ament del nostre nou lloc web, dissenyat per oferir una experi\u00e8ncia millorada als nostres clients i visitants. A trav\u00e9s d&#8217;aquesta nova plataforma en l\u00ednia, us convidem a explorar la nostra \u00e0mplia gamma de serveis relacionats amb reformes i projectes de construcci\u00f3. Reformes: La nostra especialitat A Digesco, entenem la&hellip;&nbsp;<a href=\"https:\/\/digesco.com\/ca\/digesco-estrena-la-seva-nova-web\/\" rel=\"bookmark\"><span class=\"screen-reader-text\">Digesco Estrena la seva Nova Web<\/span><\/a><\/p>",
        "protected": false
    },
    "author": 1,
    "featured_media": 127,
    "comment_status": "open",
    "ping_status": "open",
    "sticky": false,
    "template": "",
    "format": "standard",
    "meta": {
        "neve_meta_sidebar": "",
        "neve_meta_container": "",
        "neve_meta_enable_content_width": "off",
        "neve_meta_content_width": 70,
        "neve_meta_title_alignment": "",
        "neve_meta_author_avatar": "",
        "neve_post_elements_order": "",
        "neve_meta_disable_header": "",
        "neve_meta_disable_footer": "",
        "neve_meta_disable_title": "",
        "_joinchat": [],
        "footnotes": ""
    },
    "categories": [
        1
    ],
    "tags": [],
    "class_list": [
        "post-663",
        "post",
        "type-post",
        "status-publish",
        "format-standard",
        "has-post-thumbnail",
        "hentry",
        "category-uncategorized"
    ],
    "yoast_head": "<!-- This site is optimized with the Yoast SEO plugin v26.9 - https:\/\/yoast.com\/product\/yoast-seo-wordpress\/ -->\n<title>Digesco Estrena la seva Nova Web - Digesco | Empresa de Reformas<\/title>\n<meta name=\"robots\" content=\"index, follow, max-snippet:-1, max-image-preview:large, max-video-preview:-1\" \/>\n<link rel=\"canonical\" href=\"https:\/\/digesco.com\/ca\/digesco-estrena-la-seva-nova-web\/\" \/>\n<meta property=\"og:locale\" content=\"ca_ES\" \/>\n<meta property=\"og:type\" content=\"article\" \/>\n<meta property=\"og:title\" content=\"Digesco Estrena la seva Nova Web - Digesco | Empresa de Reformas\" \/>\n<meta property=\"og:description\" content=\"A Digesco, estem emocionats d&#8217;anunciar el llan\u00e7ament del nostre nou lloc web, dissenyat per oferir una experi\u00e8ncia millorada als nostres clients i visitants. A trav\u00e9s d&#8217;aquesta nova plataforma en l\u00ednia, us convidem a explorar la nostra \u00e0mplia gamma de serveis relacionats amb reformes i projectes de construcci\u00f3. Reformes: La nostra especialitat A Digesco, entenem la&hellip;&nbsp;Digesco Estrena la seva Nova Web\" \/>\n<meta property=\"og:url\" content=\"https:\/\/digesco.com\/ca\/digesco-estrena-la-seva-nova-web\/\" \/>\n<meta property=\"og:site_name\" content=\"Digesco | Empresa de Reformas\" \/>\n<meta property=\"article:published_time\" content=\"2023-10-25T20:38:34+00:00\" \/>\n<meta property=\"article:modified_time\" content=\"2023-10-25T20:44:25+00:00\" \/>\n<meta property=\"og:image\" content=\"https:\/\/digesco.com\/wp-content\/uploads\/2023\/10\/obra-nueva-digesco-1.jpg\" \/>\n\t<meta property=\"og:image:width\" content=\"400\" \/>\n\t<meta property=\"og:image:height\" content=\"265\" \/>\n\t<meta property=\"og:image:type\" content=\"image\/jpeg\" \/>\n<meta name=\"author\" content=\"admin\" \/>\n<meta name=\"twitter:card\" content=\"summary_large_image\" \/>\n<meta name=\"twitter:label1\" content=\"Escrit per\" \/>\n\t<meta name=\"twitter:data1\" content=\"admin\" \/>\n\t<meta name=\"twitter:label2\" content=\"Temps estimat de lectura\" \/>\n\t<meta name=\"twitter:data2\" content=\"2 minuts\" \/>\n<script type=\"application\/ld+json\" class=\"yoast-schema-graph\">{\"@context\":\"https:\/\/schema.org\",\"@graph\":[{\"@type\":\"Article\",\"@id\":\"https:\/\/digesco.com\/digesco-estrena-la-seva-nova-web\/#article\",\"isPartOf\":{\"@id\":\"https:\/\/digesco.com\/digesco-estrena-la-seva-nova-web\/\"},\"author\":{\"name\":\"admin\",\"@id\":\"https:\/\/digesco.com\/es\/#\/schema\/person\/30450f702d6c2fc864e4718122959354\"},\"headline\":\"Digesco Estrena la seva Nova Web\",\"datePublished\":\"2023-10-25T20:38:34+00:00\",\"dateModified\":\"2023-10-25T20:44:25+00:00\",\"mainEntityOfPage\":{\"@id\":\"https:\/\/digesco.com\/digesco-estrena-la-seva-nova-web\/\"},\"wordCount\":479,\"commentCount\":0,\"image\":{\"@id\":\"https:\/\/digesco.com\/digesco-estrena-la-seva-nova-web\/#primaryimage\"},\"thumbnailUrl\":\"https:\/\/digesco.com\/wp-content\/uploads\/2023\/10\/obra-nueva-digesco-1.jpg\",\"articleSection\":[\"Uncategorized\"],\"inLanguage\":\"ca\",\"potentialAction\":[{\"@type\":\"CommentAction\",\"name\":\"Comment\",\"target\":[\"https:\/\/digesco.com\/digesco-estrena-la-seva-nova-web\/#respond\"]}]},{\"@type\":\"WebPage\",\"@id\":\"https:\/\/digesco.com\/digesco-estrena-la-seva-nova-web\/\",\"url\":\"https:\/\/digesco.com\/digesco-estrena-la-seva-nova-web\/\",\"name\":\"Digesco Estrena la seva Nova Web - Digesco | Empresa de Reformas\",\"isPartOf\":{\"@id\":\"https:\/\/digesco.com\/es\/#website\"},\"primaryImageOfPage\":{\"@id\":\"https:\/\/digesco.com\/digesco-estrena-la-seva-nova-web\/#primaryimage\"},\"image\":{\"@id\":\"https:\/\/digesco.com\/digesco-estrena-la-seva-nova-web\/#primaryimage\"},\"thumbnailUrl\":\"https:\/\/digesco.com\/wp-content\/uploads\/2023\/10\/obra-nueva-digesco-1.jpg\",\"datePublished\":\"2023-10-25T20:38:34+00:00\",\"dateModified\":\"2023-10-25T20:44:25+00:00\",\"author\":{\"@id\":\"https:\/\/digesco.com\/es\/#\/schema\/person\/30450f702d6c2fc864e4718122959354\"},\"breadcrumb\":{\"@id\":\"https:\/\/digesco.com\/digesco-estrena-la-seva-nova-web\/#breadcrumb\"},\"inLanguage\":\"ca\",\"potentialAction\":[{\"@type\":\"ReadAction\",\"target\":[\"https:\/\/digesco.com\/digesco-estrena-la-seva-nova-web\/\"]}]},{\"@type\":\"ImageObject\",\"inLanguage\":\"ca\",\"@id\":\"https:\/\/digesco.com\/digesco-estrena-la-seva-nova-web\/#primaryimage\",\"url\":\"https:\/\/digesco.com\/wp-content\/uploads\/2023\/10\/obra-nueva-digesco-1.jpg\",\"contentUrl\":\"https:\/\/digesco.com\/wp-content\/uploads\/2023\/10\/obra-nueva-digesco-1.jpg\",\"width\":400,\"height\":265},{\"@type\":\"BreadcrumbList\",\"@id\":\"https:\/\/digesco.com\/digesco-estrena-la-seva-nova-web\/#breadcrumb\",\"itemListElement\":[{\"@type\":\"ListItem\",\"position\":1,\"name\":\"Portada\",\"item\":\"https:\/\/digesco.com\/es\/\"},{\"@type\":\"ListItem\",\"position\":2,\"name\":\"Digesco Estrena la seva Nova Web\"}]},{\"@type\":\"WebSite\",\"@id\":\"https:\/\/digesco.com\/es\/#website\",\"url\":\"https:\/\/digesco.com\/es\/\",\"name\":\"Digesco | Empresa de Reformas\",\"description\":\"Empresa especializada y dedicada al mundo de la construcci\u00f3n, con trabajos tanto en el \u00e1mbito p\u00fablico como privado. En digesco ofrecemos un servicio integral para la construcci\u00f3n\",\"potentialAction\":[{\"@type\":\"SearchAction\",\"target\":{\"@type\":\"EntryPoint\",\"urlTemplate\":\"https:\/\/digesco.com\/es\/?s={search_term_string}\"},\"query-input\":{\"@type\":\"PropertyValueSpecification\",\"valueRequired\":true,\"valueName\":\"search_term_string\"}}],\"inLanguage\":\"ca\"},{\"@type\":\"Person\",\"@id\":\"https:\/\/digesco.com\/es\/#\/schema\/person\/30450f702d6c2fc864e4718122959354\",\"name\":\"admin\",\"image\":{\"@type\":\"ImageObject\",\"inLanguage\":\"ca\",\"@id\":\"https:\/\/digesco.com\/es\/#\/schema\/person\/image\/\",\"url\":\"https:\/\/secure.gravatar.com\/avatar\/70c5384952ecfbfc2e8d3bf4c0031168562c945f5a72c70f9765e19feceb2dfc?s=96&d=mm&r=g\",\"contentUrl\":\"https:\/\/secure.gravatar.com\/avatar\/70c5384952ecfbfc2e8d3bf4c0031168562c945f5a72c70f9765e19feceb2dfc?s=96&d=mm&r=g\",\"caption\":\"admin\"},\"sameAs\":[\"https:\/\/digesco.com\"],\"url\":\"https:\/\/digesco.com\/ca\/author\/adrianrl154\/\"}]}<\/script>\n<!-- \/ Yoast SEO plugin. -->",
    "yoast_head_json": {
        "title": "Digesco Estrena la seva Nova Web - Digesco | Empresa de Reformas",
        "robots": {
            "index": "index",
            "follow": "follow",
            "max-snippet": "max-snippet:-1",
            "max-image-preview": "max-image-preview:large",
            "max-video-preview": "max-video-preview:-1"
        },
        "canonical": "https:\/\/digesco.com\/ca\/digesco-estrena-la-seva-nova-web\/",
        "og_locale": "ca_ES",
        "og_type": "article",
        "og_title": "Digesco Estrena la seva Nova Web - Digesco | Empresa de Reformas",
        "og_description": "A Digesco, estem emocionats d&#8217;anunciar el llan\u00e7ament del nostre nou lloc web, dissenyat per oferir una experi\u00e8ncia millorada als nostres clients i visitants. A trav\u00e9s d&#8217;aquesta nova plataforma en l\u00ednia, us convidem a explorar la nostra \u00e0mplia gamma de serveis relacionats amb reformes i projectes de construcci\u00f3. Reformes: La nostra especialitat A Digesco, entenem la&hellip;&nbsp;Digesco Estrena la seva Nova Web",
        "og_url": "https:\/\/digesco.com\/ca\/digesco-estrena-la-seva-nova-web\/",
        "og_site_name": "Digesco | Empresa de Reformas",
        "article_published_time": "2023-10-25T20:38:34+00:00",
        "article_modified_time": "2023-10-25T20:44:25+00:00",
        "og_image": [
            {
                "width": 400,
                "height": 265,
                "url": "https:\/\/digesco.com\/wp-content\/uploads\/2023\/10\/obra-nueva-digesco-1.jpg",
                "type": "image\/jpeg"
            }
        ],
        "author": "admin",
        "twitter_card": "summary_large_image",
        "twitter_misc": {
            "Escrit per": "admin",
            "Temps estimat de lectura": "2 minuts"
        },
        "schema": {
            "@context": "https:\/\/schema.org",
            "@graph": [
                {
                    "@type": "Article",
                    "@id": "https:\/\/digesco.com\/digesco-estrena-la-seva-nova-web\/#article",
                    "isPartOf": {
                        "@id": "https:\/\/digesco.com\/digesco-estrena-la-seva-nova-web\/"
                    },
                    "author": {
                        "name": "admin",
                        "@id": "https:\/\/digesco.com\/es\/#\/schema\/person\/30450f702d6c2fc864e4718122959354"
                    },
                    "headline": "Digesco Estrena la seva Nova Web",
                    "datePublished": "2023-10-25T20:38:34+00:00",
                    "dateModified": "2023-10-25T20:44:25+00:00",
                    "mainEntityOfPage": {
                        "@id": "https:\/\/digesco.com\/digesco-estrena-la-seva-nova-web\/"
                    },
                    "wordCount": 479,
                    "commentCount": 0,
                    "image": {
                        "@id": "https:\/\/digesco.com\/digesco-estrena-la-seva-nova-web\/#primaryimage"
                    },
                    "thumbnailUrl": "https:\/\/digesco.com\/wp-content\/uploads\/2023\/10\/obra-nueva-digesco-1.jpg",
                    "articleSection": [
                        "Uncategorized"
                    ],
                    "inLanguage": "ca",
                    "potentialAction": [
                        {
                            "@type": "CommentAction",
                            "name": "Comment",
                            "target": [
                                "https:\/\/digesco.com\/digesco-estrena-la-seva-nova-web\/#respond"
                            ]
                        }
                    ]
                },
                {
                    "@type": "WebPage",
                    "@id": "https:\/\/digesco.com\/digesco-estrena-la-seva-nova-web\/",
                    "url": "https:\/\/digesco.com\/digesco-estrena-la-seva-nova-web\/",
                    "name": "Digesco Estrena la seva Nova Web - Digesco | Empresa de Reformas",
                    "isPartOf": {
                        "@id": "https:\/\/digesco.com\/es\/#website"
                    },
                    "primaryImageOfPage": {
                        "@id": "https:\/\/digesco.com\/digesco-estrena-la-seva-nova-web\/#primaryimage"
                    },
                    "image": {
                        "@id": "https:\/\/digesco.com\/digesco-estrena-la-seva-nova-web\/#primaryimage"
                    },
                    "thumbnailUrl": "https:\/\/digesco.com\/wp-content\/uploads\/2023\/10\/obra-nueva-digesco-1.jpg",
                    "datePublished": "2023-10-25T20:38:34+00:00",
                    "dateModified": "2023-10-25T20:44:25+00:00",
                    "author": {
                        "@id": "https:\/\/digesco.com\/es\/#\/schema\/person\/30450f702d6c2fc864e4718122959354"
                    },
                    "breadcrumb": {
                        "@id": "https:\/\/digesco.com\/digesco-estrena-la-seva-nova-web\/#breadcrumb"
                    },
                    "inLanguage": "ca",
                    "potentialAction": [
                        {
                            "@type": "ReadAction",
                            "target": [
                                "https:\/\/digesco.com\/digesco-estrena-la-seva-nova-web\/"
                            ]
                        }
                    ]
                },
                {
                    "@type": "ImageObject",
                    "inLanguage": "ca",
                    "@id": "https:\/\/digesco.com\/digesco-estrena-la-seva-nova-web\/#primaryimage",
                    "url": "https:\/\/digesco.com\/wp-content\/uploads\/2023\/10\/obra-nueva-digesco-1.jpg",
                    "contentUrl": "https:\/\/digesco.com\/wp-content\/uploads\/2023\/10\/obra-nueva-digesco-1.jpg",
                    "width": 400,
                    "height": 265
                },
                {
                    "@type": "BreadcrumbList",
                    "@id": "https:\/\/digesco.com\/digesco-estrena-la-seva-nova-web\/#breadcrumb",
                    "itemListElement": [
                        {
                            "@type": "ListItem",
                            "position": 1,
                            "name": "Portada",
                            "item": "https:\/\/digesco.com\/es\/"
                        },
                        {
                            "@type": "ListItem",
                            "position": 2,
                            "name": "Digesco Estrena la seva Nova Web"
                        }
                    ]
                },
                {
                    "@type": "WebSite",
                    "@id": "https:\/\/digesco.com\/es\/#website",
                    "url": "https:\/\/digesco.com\/es\/",
                    "name": "Digesco | Empresa de Reformas",
                    "description": "Empresa especializada y dedicada al mundo de la construcci\u00f3n, con trabajos tanto en el \u00e1mbito p\u00fablico como privado. En digesco ofrecemos un servicio integral para la construcci\u00f3n",
                    "potentialAction": [
                        {
                            "@type": "SearchAction",
                            "target": {
                                "@type": "EntryPoint",
                                "urlTemplate": "https:\/\/digesco.com\/es\/?s={search_term_string}"
                            },
                            "query-input": {
                                "@type": "PropertyValueSpecification",
                                "valueRequired": true,
                                "valueName": "search_term_string"
                            }
                        }
                    ],
                    "inLanguage": "ca"
                },
                {
                    "@type": "Person",
                    "@id": "https:\/\/digesco.com\/es\/#\/schema\/person\/30450f702d6c2fc864e4718122959354",
                    "name": "admin",
                    "image": {
                        "@type": "ImageObject",
                        "inLanguage": "ca",
                        "@id": "https:\/\/digesco.com\/es\/#\/schema\/person\/image\/",
                        "url": "https:\/\/secure.gravatar.com\/avatar\/70c5384952ecfbfc2e8d3bf4c0031168562c945f5a72c70f9765e19feceb2dfc?s=96&d=mm&r=g",
                        "contentUrl": "https:\/\/secure.gravatar.com\/avatar\/70c5384952ecfbfc2e8d3bf4c0031168562c945f5a72c70f9765e19feceb2dfc?s=96&d=mm&r=g",
                        "caption": "admin"
                    },
                    "sameAs": [
                        "https:\/\/digesco.com"
                    ],
                    "url": "https:\/\/digesco.com\/ca\/author\/adrianrl154\/"
                }
            ]
        }
    },
    "_links": {
        "self": [
            {
                "href": "https:\/\/digesco.com\/ca\/wp-json\/wp\/v2\/posts\/663",
                "targetHints": {
                    "allow": [
                        "GET"
                    ]
                }
            }
        ],
        "collection": [
            {
                "href": "https:\/\/digesco.com\/ca\/wp-json\/wp\/v2\/posts"
            }
        ],
        "about": [
            {
                "href": "https:\/\/digesco.com\/ca\/wp-json\/wp\/v2\/types\/post"
            }
        ],
        "author": [
            {
                "embeddable": true,
                "href": "https:\/\/digesco.com\/ca\/wp-json\/wp\/v2\/users\/1"
            }
        ],
        "replies": [
            {
                "embeddable": true,
                "href": "https:\/\/digesco.com\/ca\/wp-json\/wp\/v2\/comments?post=663"
            }
        ],
        "version-history": [
            {
                "count": 1,
                "href": "https:\/\/digesco.com\/ca\/wp-json\/wp\/v2\/posts\/663\/revisions"
            }
        ],
        "predecessor-version": [
            {
                "id": 664,
                "href": "https:\/\/digesco.com\/ca\/wp-json\/wp\/v2\/posts\/663\/revisions\/664"
            }
        ],
        "wp:featuredmedia": [
            {
                "embeddable": true,
                "href": "https:\/\/digesco.com\/ca\/wp-json\/wp\/v2\/media\/127"
            }
        ],
        "wp:attachment": [
            {
                "href": "https:\/\/digesco.com\/ca\/wp-json\/wp\/v2\/media?parent=663"
            }
        ],
        "wp:term": [
            {
                "taxonomy": "category",
                "embeddable": true,
                "href": "https:\/\/digesco.com\/ca\/wp-json\/wp\/v2\/categories?post=663"
            },
            {
                "taxonomy": "post_tag",
                "embeddable": true,
                "href": "https:\/\/digesco.com\/ca\/wp-json\/wp\/v2\/tags?post=663"
            }
        ],
        "curies": [
            {
                "name": "wp",
                "href": "https:\/\/api.w.org\/{rel}",
                "templated": true
            }
        ]
    }
}