{
    "id": 1244,
    "date": "2024-09-18T07:57:09",
    "date_gmt": "2024-09-18T07:57:09",
    "guid": {
        "rendered": "https:\/\/digesco.com\/?p=1244"
    },
    "modified": "2024-09-18T07:57:09",
    "modified_gmt": "2024-09-18T07:57:09",
    "slug": "diferencias-entre-duchas-y-baneras-que-elegir-en-tu-reforma",
    "status": "publish",
    "type": "post",
    "link": "https:\/\/digesco.com\/ca\/diferencias-entre-duchas-y-baneras-que-elegir-en-tu-reforma\/",
    "title": {
        "rendered": "Diferencias entre duchas y ba\u00f1eras: \u00bfQu\u00e9 elegir en tu reforma?"
    },
    "content": {
        "rendered": "<div class=\"flex max-w-full flex-col flex-grow\">\n<div class=\"min-h-[20px] text-message flex w-full flex-col items-end gap-2 whitespace-normal break-words [.text-message+&amp;]:mt-5\" dir=\"auto\" data-message-author-role=\"assistant\" data-message-id=\"41192ca6-3ec5-41b9-b536-2ef0ee7409ec\">\n<div class=\"flex w-full flex-col gap-1 empty:hidden first:pt-[3px]\">\n<div class=\"markdown prose w-full break-words dark:prose-invert light\">\n<h2>Encuentra la opci\u00f3n perfecta para tu ba\u00f1o seg\u00fan tus necesidades y estilo de vida<\/h2>\n<p>Cuando decides realizar una <a href=\"https:\/\/digesco.com\/es\/reforma-banos-sabadell\/\"><strong>reforma de ba\u00f1o en Sabadell<\/strong><\/a>, uno de los dilemas m\u00e1s comunes que enfrentan los propietarios es la elecci\u00f3n entre una ducha y una ba\u00f1era. Ambos elementos ofrecen ventajas y desventajas que pueden influir en la funcionalidad y el estilo de tu ba\u00f1o. En este art\u00edculo, exploraremos las diferencias clave entre duchas y ba\u00f1eras, lo que te ayudar\u00e1 a tomar una decisi\u00f3n informada para tu reforma.<\/p>\n<p><img fetchpriority=\"high\" decoding=\"async\" class=\"size-full wp-image-1246 aligncenter\" src=\"https:\/\/digesco.com\/wp-content\/uploads\/2024\/09\/reforma-bano-sabadell.jpg\" alt=\"\" width=\"900\" height=\"600\" srcset=\"https:\/\/digesco.com\/wp-content\/uploads\/2024\/09\/reforma-bano-sabadell.jpg 900w, https:\/\/digesco.com\/wp-content\/uploads\/2024\/09\/reforma-bano-sabadell-300x200.jpg 300w, https:\/\/digesco.com\/wp-content\/uploads\/2024\/09\/reforma-bano-sabadell-768x512.jpg 768w, https:\/\/digesco.com\/wp-content\/uploads\/2024\/09\/reforma-bano-sabadell-18x12.jpg 18w\" sizes=\"(max-width: 900px) 100vw, 900px\" \/><\/p>\n<h3>1. Espacio disponible<\/h3>\n<p>Una de las primeras consideraciones al elegir entre una ducha y una ba\u00f1era es el espacio disponible en tu ba\u00f1o. Las ba\u00f1eras suelen requerir m\u00e1s espacio, lo que puede ser un inconveniente en ba\u00f1os peque\u00f1os. Si cuentas con un ba\u00f1o compacto, una ducha puede ser la opci\u00f3n m\u00e1s pr\u00e1ctica, ya que ocupa menos espacio y puede incluso dar la sensaci\u00f3n de amplitud. En una <strong>reforma de ba\u00f1o en Sabadell<\/strong>, es fundamental considerar la distribuci\u00f3n del espacio y c\u00f3mo cada opci\u00f3n se integrar\u00e1 en el dise\u00f1o general.<\/p>\n<h3>2. Uso y funcionalidad<\/h3>\n<p>El uso que le dar\u00e1s a tu ba\u00f1o tambi\u00e9n es un factor crucial en tu decisi\u00f3n. Si tu rutina diaria incluye duchas r\u00e1pidas, una ducha es probablemente la opci\u00f3n m\u00e1s adecuada. Por otro lado, si disfrutas de relajarte en un ba\u00f1o caliente despu\u00e9s de un largo d\u00eda, una ba\u00f1era puede ser m\u00e1s apropiada. Algunas familias prefieren tener ambas opciones: una ba\u00f1era para los momentos de relajaci\u00f3n y una ducha para el uso diario. Al planificar tu <strong>reforma de ba\u00f1o en Sabadell<\/strong>, ten en cuenta c\u00f3mo utilizas el espacio actualmente y c\u00f3mo deseas utilizarlo en el futuro.<\/p>\n<h3>3. Estilo y dise\u00f1o<\/h3>\n<p>La est\u00e9tica es otra consideraci\u00f3n importante. Las ba\u00f1eras pueden aportar un toque de elegancia y sofisticaci\u00f3n al ba\u00f1o, mientras que las duchas suelen ofrecer un estilo m\u00e1s moderno y minimalista. Existen diferentes estilos de ba\u00f1eras, desde las cl\u00e1sicas hasta las m\u00e1s contempor\u00e1neas, lo que te permite elegir una que complemente la decoraci\u00f3n de tu hogar. Las duchas tambi\u00e9n vienen en una amplia variedad de dise\u00f1os, incluyendo opciones con mamparas de vidrio que pueden a\u00f1adir un toque de modernidad. Durante tu <strong>reforma de ba\u00f1o en Sabadell<\/strong>, es esencial elegir un estilo que refleje tus gustos personales y se adapte al dise\u00f1o general de tu vivienda.<\/p>\n<p><img decoding=\"async\" class=\"size-full wp-image-1247 aligncenter\" src=\"https:\/\/digesco.com\/wp-content\/uploads\/2024\/09\/reforma-bano-sabadell-1.jpg\" alt=\"\" width=\"900\" height=\"600\" srcset=\"https:\/\/digesco.com\/wp-content\/uploads\/2024\/09\/reforma-bano-sabadell-1.jpg 900w, https:\/\/digesco.com\/wp-content\/uploads\/2024\/09\/reforma-bano-sabadell-1-300x200.jpg 300w, https:\/\/digesco.com\/wp-content\/uploads\/2024\/09\/reforma-bano-sabadell-1-768x512.jpg 768w, https:\/\/digesco.com\/wp-content\/uploads\/2024\/09\/reforma-bano-sabadell-1-18x12.jpg 18w\" sizes=\"(max-width: 900px) 100vw, 900px\" \/><\/p>\n<h3>4. Mantenimiento<\/h3>\n<p>El mantenimiento es otro aspecto que no se debe pasar por alto. Las duchas suelen ser m\u00e1s f\u00e1ciles de limpiar, especialmente si tienen azulejos o paneles de vidrio. Por otro lado, las ba\u00f1eras pueden acumular m\u00e1s suciedad y requieren un mayor esfuerzo para mantenerlas limpias. Si prefieres un ba\u00f1o de bajo mantenimiento, una ducha podr\u00eda ser la opci\u00f3n m\u00e1s conveniente. En tu <strong>reforma de ba\u00f1o en Sabadell<\/strong>, es recomendable pensar en el tiempo y esfuerzo que est\u00e1s dispuesto a dedicar al mantenimiento del ba\u00f1o.<\/p>\n<h3>5. Accesibilidad<\/h3>\n<p>La accesibilidad tambi\u00e9n es un factor a considerar, especialmente si hay personas mayores o con movilidad reducida en el hogar. Las duchas con platos a nivel del suelo son m\u00e1s accesibles que las ba\u00f1eras, que pueden ser dif\u00edciles de usar para algunos. Si la accesibilidad es una prioridad, una ducha puede ser la mejor opci\u00f3n. Si decides optar por una ba\u00f1era, considera instalar barras de apoyo y una entrada m\u00e1s baja para facilitar el acceso.<\/p>\n<h3>6. Coste<\/h3>\n<p>Finalmente, el coste puede ser un factor decisivo. En general, las duchas tienden a ser m\u00e1s econ\u00f3micas de instalar que las ba\u00f1eras, aunque esto puede variar seg\u00fan el dise\u00f1o y los materiales que elijas. Las reformas de ba\u00f1o que incluyen una ba\u00f1era pueden requerir m\u00e1s trabajo de plomer\u00eda, lo que podr\u00eda aumentar el coste total de la reforma. Aseg\u00farate de establecer un presupuesto claro para tu reforma de ba\u00f1o\u00a0y consulta con un profesional para obtener una estimaci\u00f3n precisa de los costos.<\/p>\n<h3><img decoding=\"async\" class=\"size-full wp-image-1248 aligncenter\" src=\"https:\/\/digesco.com\/wp-content\/uploads\/2024\/09\/reforma-bano-sabadell-2.jpg\" alt=\"\" width=\"900\" height=\"600\" srcset=\"https:\/\/digesco.com\/wp-content\/uploads\/2024\/09\/reforma-bano-sabadell-2.jpg 900w, https:\/\/digesco.com\/wp-content\/uploads\/2024\/09\/reforma-bano-sabadell-2-300x200.jpg 300w, https:\/\/digesco.com\/wp-content\/uploads\/2024\/09\/reforma-bano-sabadell-2-768x512.jpg 768w, https:\/\/digesco.com\/wp-content\/uploads\/2024\/09\/reforma-bano-sabadell-2-18x12.jpg 18w\" sizes=\"(max-width: 900px) 100vw, 900px\" \/><\/h3>\n<p>La elecci\u00f3n entre una ducha y una ba\u00f1era en tu <strong>reforma de ba\u00f1o en Sabadell<\/strong> depender\u00e1 de varios factores, incluyendo el espacio disponible, el uso que le dar\u00e1s al ba\u00f1o, el estilo que deseas lograr, el mantenimiento requerido, la accesibilidad y el presupuesto. Ambas opciones tienen sus ventajas, as\u00ed que eval\u00faa tus necesidades y preferencias antes de tomar una decisi\u00f3n. Al final, lo m\u00e1s importante es que tu ba\u00f1o sea un espacio que disfrutes y que se adapte a tu estilo de vida. \u00a1Haz de tu reforma un proyecto que realmente refleje qui\u00e9n eres!<\/p>\n<\/div>\n<\/div>\n<\/div>\n<\/div>",
        "protected": false
    },
    "excerpt": {
        "rendered": "<p>Encuentra la opci\u00f3n perfecta para tu ba\u00f1o seg\u00fan tus necesidades y estilo de vida Cuando decides realizar una reforma de ba\u00f1o en Sabadell, uno de los dilemas m\u00e1s comunes que enfrentan los propietarios es la elecci\u00f3n entre una ducha y una ba\u00f1era. Ambos elementos ofrecen ventajas y desventajas que pueden influir en la funcionalidad y&hellip;&nbsp;<a href=\"https:\/\/digesco.com\/ca\/diferencias-entre-duchas-y-baneras-que-elegir-en-tu-reforma\/\" rel=\"bookmark\"><span class=\"screen-reader-text\">Diferencias entre duchas y ba\u00f1eras: \u00bfQu\u00e9 elegir en tu reforma?<\/span><\/a><\/p>",
        "protected": false
    },
    "author": 3,
    "featured_media": 1249,
    "comment_status": "open",
    "ping_status": "open",
    "sticky": false,
    "template": "",
    "format": "standard",
    "meta": {
        "neve_meta_sidebar": "",
        "neve_meta_container": "",
        "neve_meta_enable_content_width": "off",
        "neve_meta_content_width": 70,
        "neve_meta_title_alignment": "",
        "neve_meta_author_avatar": "",
        "neve_post_elements_order": "",
        "neve_meta_disable_header": "",
        "neve_meta_disable_footer": "",
        "neve_meta_disable_title": "",
        "_joinchat": [],
        "footnotes": ""
    },
    "categories": [
        32
    ],
    "tags": [
        33
    ],
    "class_list": [
        "post-1244",
        "post",
        "type-post",
        "status-publish",
        "format-standard",
        "has-post-thumbnail",
        "hentry",
        "category-reforma-bano-en-sabadell",
        "tag-reforma-de-bano-en-sabadell"
    ],
    "yoast_head": "<!-- This site is optimized with the Yoast SEO plugin v26.9 - https:\/\/yoast.com\/product\/yoast-seo-wordpress\/ -->\n<title>Diferencias entre duchas y ba\u00f1eras: \u00bfQu\u00e9 elegir en tu reforma? - Digesco | Empresa de Reformas<\/title>\n<meta name=\"description\" content=\"Descubre las diferencias entre duchas y ba\u00f1eras para tu reforma de ba\u00f1o en Sabadell y elige la opci\u00f3n que mejor se adapte a ti.\" \/>\n<meta name=\"robots\" content=\"index, follow, max-snippet:-1, max-image-preview:large, max-video-preview:-1\" \/>\n<link rel=\"canonical\" href=\"https:\/\/digesco.com\/ca\/diferencias-entre-duchas-y-baneras-que-elegir-en-tu-reforma\/\" \/>\n<meta property=\"og:locale\" content=\"ca_ES\" \/>\n<meta property=\"og:type\" content=\"article\" \/>\n<meta property=\"og:title\" content=\"Diferencias entre duchas y ba\u00f1eras: \u00bfQu\u00e9 elegir en tu reforma? - Digesco | Empresa de Reformas\" \/>\n<meta property=\"og:description\" content=\"Descubre las diferencias entre duchas y ba\u00f1eras para tu reforma de ba\u00f1o en Sabadell y elige la opci\u00f3n que mejor se adapte a ti.\" \/>\n<meta property=\"og:url\" content=\"https:\/\/digesco.com\/ca\/diferencias-entre-duchas-y-baneras-que-elegir-en-tu-reforma\/\" \/>\n<meta property=\"og:site_name\" content=\"Digesco | Empresa de Reformas\" \/>\n<meta property=\"article:published_time\" content=\"2024-09-18T07:57:09+00:00\" \/>\n<meta property=\"og:image\" content=\"https:\/\/digesco.com\/wp-content\/uploads\/2024\/09\/reforma-bano-sabadell-3.jpg\" \/>\n\t<meta property=\"og:image:width\" content=\"900\" \/>\n\t<meta property=\"og:image:height\" content=\"600\" \/>\n\t<meta property=\"og:image:type\" content=\"image\/jpeg\" \/>\n<meta name=\"author\" content=\"antonio\" \/>\n<meta name=\"twitter:card\" content=\"summary_large_image\" \/>\n<meta name=\"twitter:label1\" content=\"Escrit per\" \/>\n\t<meta name=\"twitter:data1\" content=\"antonio\" \/>\n\t<meta name=\"twitter:label2\" content=\"Temps estimat de lectura\" \/>\n\t<meta name=\"twitter:data2\" content=\"4 minuts\" \/>\n<script type=\"application\/ld+json\" class=\"yoast-schema-graph\">{\"@context\":\"https:\/\/schema.org\",\"@graph\":[{\"@type\":\"Article\",\"@id\":\"https:\/\/digesco.com\/diferencias-entre-duchas-y-baneras-que-elegir-en-tu-reforma\/#article\",\"isPartOf\":{\"@id\":\"https:\/\/digesco.com\/diferencias-entre-duchas-y-baneras-que-elegir-en-tu-reforma\/\"},\"author\":{\"name\":\"antonio\",\"@id\":\"https:\/\/digesco.com\/es\/#\/schema\/person\/77c24b7959ee8bf38c078c4c9cfd230a\"},\"headline\":\"Diferencias entre duchas y ba\u00f1eras: \u00bfQu\u00e9 elegir en tu reforma?\",\"datePublished\":\"2024-09-18T07:57:09+00:00\",\"mainEntityOfPage\":{\"@id\":\"https:\/\/digesco.com\/diferencias-entre-duchas-y-baneras-que-elegir-en-tu-reforma\/\"},\"wordCount\":828,\"commentCount\":0,\"image\":{\"@id\":\"https:\/\/digesco.com\/diferencias-entre-duchas-y-baneras-que-elegir-en-tu-reforma\/#primaryimage\"},\"thumbnailUrl\":\"https:\/\/digesco.com\/wp-content\/uploads\/2024\/09\/reforma-bano-sabadell-3.jpg\",\"keywords\":[\"reforma de ba\u00f1o en Sabadell\"],\"articleSection\":[\"reforma ba\u00f1o en Sabadell\"],\"inLanguage\":\"ca\",\"potentialAction\":[{\"@type\":\"CommentAction\",\"name\":\"Comment\",\"target\":[\"https:\/\/digesco.com\/diferencias-entre-duchas-y-baneras-que-elegir-en-tu-reforma\/#respond\"]}]},{\"@type\":\"WebPage\",\"@id\":\"https:\/\/digesco.com\/diferencias-entre-duchas-y-baneras-que-elegir-en-tu-reforma\/\",\"url\":\"https:\/\/digesco.com\/diferencias-entre-duchas-y-baneras-que-elegir-en-tu-reforma\/\",\"name\":\"Diferencias entre duchas y ba\u00f1eras: \u00bfQu\u00e9 elegir en tu reforma? - Digesco | Empresa de Reformas\",\"isPartOf\":{\"@id\":\"https:\/\/digesco.com\/es\/#website\"},\"primaryImageOfPage\":{\"@id\":\"https:\/\/digesco.com\/diferencias-entre-duchas-y-baneras-que-elegir-en-tu-reforma\/#primaryimage\"},\"image\":{\"@id\":\"https:\/\/digesco.com\/diferencias-entre-duchas-y-baneras-que-elegir-en-tu-reforma\/#primaryimage\"},\"thumbnailUrl\":\"https:\/\/digesco.com\/wp-content\/uploads\/2024\/09\/reforma-bano-sabadell-3.jpg\",\"datePublished\":\"2024-09-18T07:57:09+00:00\",\"author\":{\"@id\":\"https:\/\/digesco.com\/es\/#\/schema\/person\/77c24b7959ee8bf38c078c4c9cfd230a\"},\"description\":\"Descubre las diferencias entre duchas y ba\u00f1eras para tu reforma de ba\u00f1o en Sabadell y elige la opci\u00f3n que mejor se adapte a ti.\",\"breadcrumb\":{\"@id\":\"https:\/\/digesco.com\/diferencias-entre-duchas-y-baneras-que-elegir-en-tu-reforma\/#breadcrumb\"},\"inLanguage\":\"ca\",\"potentialAction\":[{\"@type\":\"ReadAction\",\"target\":[\"https:\/\/digesco.com\/diferencias-entre-duchas-y-baneras-que-elegir-en-tu-reforma\/\"]}]},{\"@type\":\"ImageObject\",\"inLanguage\":\"ca\",\"@id\":\"https:\/\/digesco.com\/diferencias-entre-duchas-y-baneras-que-elegir-en-tu-reforma\/#primaryimage\",\"url\":\"https:\/\/digesco.com\/wp-content\/uploads\/2024\/09\/reforma-bano-sabadell-3.jpg\",\"contentUrl\":\"https:\/\/digesco.com\/wp-content\/uploads\/2024\/09\/reforma-bano-sabadell-3.jpg\",\"width\":900,\"height\":600},{\"@type\":\"BreadcrumbList\",\"@id\":\"https:\/\/digesco.com\/diferencias-entre-duchas-y-baneras-que-elegir-en-tu-reforma\/#breadcrumb\",\"itemListElement\":[{\"@type\":\"ListItem\",\"position\":1,\"name\":\"Portada\",\"item\":\"https:\/\/digesco.com\/es\/\"},{\"@type\":\"ListItem\",\"position\":2,\"name\":\"Diferencias entre duchas y ba\u00f1eras: \u00bfQu\u00e9 elegir en tu reforma?\"}]},{\"@type\":\"WebSite\",\"@id\":\"https:\/\/digesco.com\/es\/#website\",\"url\":\"https:\/\/digesco.com\/es\/\",\"name\":\"Digesco | Empresa de Reformas\",\"description\":\"Empresa especializada y dedicada al mundo de la construcci\u00f3n, con trabajos tanto en el \u00e1mbito p\u00fablico como privado. En digesco ofrecemos un servicio integral para la construcci\u00f3n\",\"potentialAction\":[{\"@type\":\"SearchAction\",\"target\":{\"@type\":\"EntryPoint\",\"urlTemplate\":\"https:\/\/digesco.com\/es\/?s={search_term_string}\"},\"query-input\":{\"@type\":\"PropertyValueSpecification\",\"valueRequired\":true,\"valueName\":\"search_term_string\"}}],\"inLanguage\":\"ca\"},{\"@type\":\"Person\",\"@id\":\"https:\/\/digesco.com\/es\/#\/schema\/person\/77c24b7959ee8bf38c078c4c9cfd230a\",\"name\":\"antonio\",\"image\":{\"@type\":\"ImageObject\",\"inLanguage\":\"ca\",\"@id\":\"https:\/\/digesco.com\/es\/#\/schema\/person\/image\/\",\"url\":\"https:\/\/secure.gravatar.com\/avatar\/4a975ccc4ed7cba40825aef14a7464195a9371791d71c61abbe22f7854b4ef21?s=96&d=mm&r=g\",\"contentUrl\":\"https:\/\/secure.gravatar.com\/avatar\/4a975ccc4ed7cba40825aef14a7464195a9371791d71c61abbe22f7854b4ef21?s=96&d=mm&r=g\",\"caption\":\"antonio\"},\"url\":\"https:\/\/digesco.com\/ca\/author\/antonio\/\"}]}<\/script>\n<!-- \/ Yoast SEO plugin. -->",
    "yoast_head_json": {
        "title": "Diferencias entre duchas y ba\u00f1eras: \u00bfQu\u00e9 elegir en tu reforma? - Digesco | Empresa de Reformas",
        "description": "Descubre las diferencias entre duchas y ba\u00f1eras para tu reforma de ba\u00f1o en Sabadell y elige la opci\u00f3n que mejor se adapte a ti.",
        "robots": {
            "index": "index",
            "follow": "follow",
            "max-snippet": "max-snippet:-1",
            "max-image-preview": "max-image-preview:large",
            "max-video-preview": "max-video-preview:-1"
        },
        "canonical": "https:\/\/digesco.com\/ca\/diferencias-entre-duchas-y-baneras-que-elegir-en-tu-reforma\/",
        "og_locale": "ca_ES",
        "og_type": "article",
        "og_title": "Diferencias entre duchas y ba\u00f1eras: \u00bfQu\u00e9 elegir en tu reforma? - Digesco | Empresa de Reformas",
        "og_description": "Descubre las diferencias entre duchas y ba\u00f1eras para tu reforma de ba\u00f1o en Sabadell y elige la opci\u00f3n que mejor se adapte a ti.",
        "og_url": "https:\/\/digesco.com\/ca\/diferencias-entre-duchas-y-baneras-que-elegir-en-tu-reforma\/",
        "og_site_name": "Digesco | Empresa de Reformas",
        "article_published_time": "2024-09-18T07:57:09+00:00",
        "og_image": [
            {
                "width": 900,
                "height": 600,
                "url": "https:\/\/digesco.com\/wp-content\/uploads\/2024\/09\/reforma-bano-sabadell-3.jpg",
                "type": "image\/jpeg"
            }
        ],
        "author": "antonio",
        "twitter_card": "summary_large_image",
        "twitter_misc": {
            "Escrit per": "antonio",
            "Temps estimat de lectura": "4 minuts"
        },
        "schema": {
            "@context": "https:\/\/schema.org",
            "@graph": [
                {
                    "@type": "Article",
                    "@id": "https:\/\/digesco.com\/diferencias-entre-duchas-y-baneras-que-elegir-en-tu-reforma\/#article",
                    "isPartOf": {
                        "@id": "https:\/\/digesco.com\/diferencias-entre-duchas-y-baneras-que-elegir-en-tu-reforma\/"
                    },
                    "author": {
                        "name": "antonio",
                        "@id": "https:\/\/digesco.com\/es\/#\/schema\/person\/77c24b7959ee8bf38c078c4c9cfd230a"
                    },
                    "headline": "Diferencias entre duchas y ba\u00f1eras: \u00bfQu\u00e9 elegir en tu reforma?",
                    "datePublished": "2024-09-18T07:57:09+00:00",
                    "mainEntityOfPage": {
                        "@id": "https:\/\/digesco.com\/diferencias-entre-duchas-y-baneras-que-elegir-en-tu-reforma\/"
                    },
                    "wordCount": 828,
                    "commentCount": 0,
                    "image": {
                        "@id": "https:\/\/digesco.com\/diferencias-entre-duchas-y-baneras-que-elegir-en-tu-reforma\/#primaryimage"
                    },
                    "thumbnailUrl": "https:\/\/digesco.com\/wp-content\/uploads\/2024\/09\/reforma-bano-sabadell-3.jpg",
                    "keywords": [
                        "reforma de ba\u00f1o en Sabadell"
                    ],
                    "articleSection": [
                        "reforma ba\u00f1o en Sabadell"
                    ],
                    "inLanguage": "ca",
                    "potentialAction": [
                        {
                            "@type": "CommentAction",
                            "name": "Comment",
                            "target": [
                                "https:\/\/digesco.com\/diferencias-entre-duchas-y-baneras-que-elegir-en-tu-reforma\/#respond"
                            ]
                        }
                    ]
                },
                {
                    "@type": "WebPage",
                    "@id": "https:\/\/digesco.com\/diferencias-entre-duchas-y-baneras-que-elegir-en-tu-reforma\/",
                    "url": "https:\/\/digesco.com\/diferencias-entre-duchas-y-baneras-que-elegir-en-tu-reforma\/",
                    "name": "Diferencias entre duchas y ba\u00f1eras: \u00bfQu\u00e9 elegir en tu reforma? - Digesco | Empresa de Reformas",
                    "isPartOf": {
                        "@id": "https:\/\/digesco.com\/es\/#website"
                    },
                    "primaryImageOfPage": {
                        "@id": "https:\/\/digesco.com\/diferencias-entre-duchas-y-baneras-que-elegir-en-tu-reforma\/#primaryimage"
                    },
                    "image": {
                        "@id": "https:\/\/digesco.com\/diferencias-entre-duchas-y-baneras-que-elegir-en-tu-reforma\/#primaryimage"
                    },
                    "thumbnailUrl": "https:\/\/digesco.com\/wp-content\/uploads\/2024\/09\/reforma-bano-sabadell-3.jpg",
                    "datePublished": "2024-09-18T07:57:09+00:00",
                    "author": {
                        "@id": "https:\/\/digesco.com\/es\/#\/schema\/person\/77c24b7959ee8bf38c078c4c9cfd230a"
                    },
                    "description": "Descubre las diferencias entre duchas y ba\u00f1eras para tu reforma de ba\u00f1o en Sabadell y elige la opci\u00f3n que mejor se adapte a ti.",
                    "breadcrumb": {
                        "@id": "https:\/\/digesco.com\/diferencias-entre-duchas-y-baneras-que-elegir-en-tu-reforma\/#breadcrumb"
                    },
                    "inLanguage": "ca",
                    "potentialAction": [
                        {
                            "@type": "ReadAction",
                            "target": [
                                "https:\/\/digesco.com\/diferencias-entre-duchas-y-baneras-que-elegir-en-tu-reforma\/"
                            ]
                        }
                    ]
                },
                {
                    "@type": "ImageObject",
                    "inLanguage": "ca",
                    "@id": "https:\/\/digesco.com\/diferencias-entre-duchas-y-baneras-que-elegir-en-tu-reforma\/#primaryimage",
                    "url": "https:\/\/digesco.com\/wp-content\/uploads\/2024\/09\/reforma-bano-sabadell-3.jpg",
                    "contentUrl": "https:\/\/digesco.com\/wp-content\/uploads\/2024\/09\/reforma-bano-sabadell-3.jpg",
                    "width": 900,
                    "height": 600
                },
                {
                    "@type": "BreadcrumbList",
                    "@id": "https:\/\/digesco.com\/diferencias-entre-duchas-y-baneras-que-elegir-en-tu-reforma\/#breadcrumb",
                    "itemListElement": [
                        {
                            "@type": "ListItem",
                            "position": 1,
                            "name": "Portada",
                            "item": "https:\/\/digesco.com\/es\/"
                        },
                        {
                            "@type": "ListItem",
                            "position": 2,
                            "name": "Diferencias entre duchas y ba\u00f1eras: \u00bfQu\u00e9 elegir en tu reforma?"
                        }
                    ]
                },
                {
                    "@type": "WebSite",
                    "@id": "https:\/\/digesco.com\/es\/#website",
                    "url": "https:\/\/digesco.com\/es\/",
                    "name": "Digesco | Empresa de Reformas",
                    "description": "Empresa especializada y dedicada al mundo de la construcci\u00f3n, con trabajos tanto en el \u00e1mbito p\u00fablico como privado. En digesco ofrecemos un servicio integral para la construcci\u00f3n",
                    "potentialAction": [
                        {
                            "@type": "SearchAction",
                            "target": {
                                "@type": "EntryPoint",
                                "urlTemplate": "https:\/\/digesco.com\/es\/?s={search_term_string}"
                            },
                            "query-input": {
                                "@type": "PropertyValueSpecification",
                                "valueRequired": true,
                                "valueName": "search_term_string"
                            }
                        }
                    ],
                    "inLanguage": "ca"
                },
                {
                    "@type": "Person",
                    "@id": "https:\/\/digesco.com\/es\/#\/schema\/person\/77c24b7959ee8bf38c078c4c9cfd230a",
                    "name": "antonio",
                    "image": {
                        "@type": "ImageObject",
                        "inLanguage": "ca",
                        "@id": "https:\/\/digesco.com\/es\/#\/schema\/person\/image\/",
                        "url": "https:\/\/secure.gravatar.com\/avatar\/4a975ccc4ed7cba40825aef14a7464195a9371791d71c61abbe22f7854b4ef21?s=96&d=mm&r=g",
                        "contentUrl": "https:\/\/secure.gravatar.com\/avatar\/4a975ccc4ed7cba40825aef14a7464195a9371791d71c61abbe22f7854b4ef21?s=96&d=mm&r=g",
                        "caption": "antonio"
                    },
                    "url": "https:\/\/digesco.com\/ca\/author\/antonio\/"
                }
            ]
        }
    },
    "_links": {
        "self": [
            {
                "href": "https:\/\/digesco.com\/ca\/wp-json\/wp\/v2\/posts\/1244",
                "targetHints": {
                    "allow": [
                        "GET"
                    ]
                }
            }
        ],
        "collection": [
            {
                "href": "https:\/\/digesco.com\/ca\/wp-json\/wp\/v2\/posts"
            }
        ],
        "about": [
            {
                "href": "https:\/\/digesco.com\/ca\/wp-json\/wp\/v2\/types\/post"
            }
        ],
        "author": [
            {
                "embeddable": true,
                "href": "https:\/\/digesco.com\/ca\/wp-json\/wp\/v2\/users\/3"
            }
        ],
        "replies": [
            {
                "embeddable": true,
                "href": "https:\/\/digesco.com\/ca\/wp-json\/wp\/v2\/comments?post=1244"
            }
        ],
        "version-history": [
            {
                "count": 1,
                "href": "https:\/\/digesco.com\/ca\/wp-json\/wp\/v2\/posts\/1244\/revisions"
            }
        ],
        "predecessor-version": [
            {
                "id": 1250,
                "href": "https:\/\/digesco.com\/ca\/wp-json\/wp\/v2\/posts\/1244\/revisions\/1250"
            }
        ],
        "wp:featuredmedia": [
            {
                "embeddable": true,
                "href": "https:\/\/digesco.com\/ca\/wp-json\/wp\/v2\/media\/1249"
            }
        ],
        "wp:attachment": [
            {
                "href": "https:\/\/digesco.com\/ca\/wp-json\/wp\/v2\/media?parent=1244"
            }
        ],
        "wp:term": [
            {
                "taxonomy": "category",
                "embeddable": true,
                "href": "https:\/\/digesco.com\/ca\/wp-json\/wp\/v2\/categories?post=1244"
            },
            {
                "taxonomy": "post_tag",
                "embeddable": true,
                "href": "https:\/\/digesco.com\/ca\/wp-json\/wp\/v2\/tags?post=1244"
            }
        ],
        "curies": [
            {
                "name": "wp",
                "href": "https:\/\/api.w.org\/{rel}",
                "templated": true
            }
        ]
    }
}