{
    "id": 1119,
    "date": "2024-04-23T09:24:55",
    "date_gmt": "2024-04-23T09:24:55",
    "guid": {
        "rendered": "https:\/\/digesco.com\/?p=1119"
    },
    "modified": "2024-04-23T09:25:32",
    "modified_gmt": "2024-04-23T09:25:32",
    "slug": "reformas-integrales-la-eleccion-acertada-con-digesco",
    "status": "publish",
    "type": "post",
    "link": "https:\/\/digesco.com\/ca\/reformas-integrales-la-eleccion-acertada-con-digesco\/",
    "title": {
        "rendered": "Reformas Integrales : La Elecci\u00f3n Acertada con Digesco"
    },
    "content": {
        "rendered": "<h2 style=\"text-align: justify;\">Selecciona a los mejores profesionales para las reformas integrales en Sant Cugat<\/h2>\n<p style=\"text-align: justify;\">\u00bfEst\u00e1s pensando en renovar tu hogar en Sant Cugat del Vall\u00e8s? Las reformas integrales son una excelente manera de transformar tu espacio vital y a\u00f1adir valor a tu propiedad. En medio de esta b\u00fasqueda de renovaci\u00f3n, es crucial encontrar una empresa de confianza que se comprometa con la excelencia en cada paso del proceso. Es ah\u00ed donde entra en juego Digesco, tu aliado de confianza en el mundo de las <a href=\"https:\/\/digesco.com\/es\/reformas-integrales\/\"><strong>reformas integrales en Sant Cugat<\/strong><\/a>.<\/p>\n<h2 style=\"text-align: justify;\">Experiencia y Profesionalismo para las reformas integrales en Sant Cugat<\/h2>\n<p style=\"text-align: justify;\">Con m\u00e1s de tres d\u00e9cadas de experiencia en el sector de la construcci\u00f3n y la renovaci\u00f3n, Digesco se ha ganado una reputaci\u00f3n impecable en Sant Cugat y sus alrededores. Nuestra trayectoria habla por s\u00ed misma: hemos completado con \u00e9xito innumerables proyectos de <strong>reformas integrales en Sant Cugat<\/strong>, satisfaciendo las necesidades y expectativas de nuestros clientes en cada ocasi\u00f3n.<\/p>\n<p><img fetchpriority=\"high\" decoding=\"async\" class=\"aligncenter wp-image-1123 size-large\" src=\"https:\/\/digesco.com\/wp-content\/uploads\/2024\/04\/reformas-integrales-1024x724.jpg\" alt=\"\" width=\"1024\" height=\"724\" srcset=\"https:\/\/digesco.com\/wp-content\/uploads\/2024\/04\/reformas-integrales-1024x724.jpg 1024w, https:\/\/digesco.com\/wp-content\/uploads\/2024\/04\/reformas-integrales-300x212.jpg 300w, https:\/\/digesco.com\/wp-content\/uploads\/2024\/04\/reformas-integrales-768x543.jpg 768w, https:\/\/digesco.com\/wp-content\/uploads\/2024\/04\/reformas-integrales-1536x1086.jpg 1536w, https:\/\/digesco.com\/wp-content\/uploads\/2024\/04\/reformas-integrales-18x12.jpg 18w, https:\/\/digesco.com\/wp-content\/uploads\/2024\/04\/reformas-integrales.jpg 2000w\" sizes=\"(max-width: 1024px) 100vw, 1024px\" \/><\/p>\n<h2 style=\"text-align: justify;\">Compromiso con la Excelencia en las reformas integrales en Sant Cugat<\/h2>\n<p style=\"text-align: justify;\">En Digesco, creemos que cada proyecto es \u00fanico y merece ser tratado con la m\u00e1xima atenci\u00f3n y cuidado. Desde el dise\u00f1o inicial hasta la entrega final, nos comprometemos a ofrecer resultados de primera calidad que superen tus expectativas. Nuestro equipo de profesionales altamente capacitados se esfuerza por alcanzar la excelencia en cada detalle, asegurando que tu visi\u00f3n se convierta en una realidad palpable.<\/p>\n<h2 style=\"text-align: justify;\">Reformas integrales en Sant Cugat: Dise\u00f1o Funcional y Est\u00e9tico<\/h2>\n<p style=\"text-align: justify;\">Entendemos que la funcionalidad y la est\u00e9tica son aspectos fundamentales en cualquier reforma integral. Es por eso que en Digesco, combinamos un dise\u00f1o innovador con materiales de la m\u00e1s alta calidad para crear espacios que no s\u00f3lo sean visualmente impresionantes, sino tambi\u00e9n funcionales y pr\u00e1cticos para el d\u00eda a d\u00eda. Desde cocinas modernas hasta ba\u00f1os relajantes y espacios de vida acogedores, nos aseguramos de que cada rinc\u00f3n de tu hogar refleje tu estilo y personalidad.<\/p>\n<p><img decoding=\"async\" class=\"aligncenter wp-image-1121 size-large\" src=\"https:\/\/digesco.com\/wp-content\/uploads\/2024\/04\/reformas-integrales-sabadell-1024x724.jpg\" alt=\"\" width=\"1024\" height=\"724\" srcset=\"https:\/\/digesco.com\/wp-content\/uploads\/2024\/04\/reformas-integrales-sabadell-1024x724.jpg 1024w, https:\/\/digesco.com\/wp-content\/uploads\/2024\/04\/reformas-integrales-sabadell-300x212.jpg 300w, https:\/\/digesco.com\/wp-content\/uploads\/2024\/04\/reformas-integrales-sabadell-768x543.jpg 768w, https:\/\/digesco.com\/wp-content\/uploads\/2024\/04\/reformas-integrales-sabadell-1536x1086.jpg 1536w, https:\/\/digesco.com\/wp-content\/uploads\/2024\/04\/reformas-integrales-sabadell-18x12.jpg 18w, https:\/\/digesco.com\/wp-content\/uploads\/2024\/04\/reformas-integrales-sabadell.jpg 2000w\" sizes=\"(max-width: 1024px) 100vw, 1024px\" \/><\/p>\n<h2 style=\"text-align: justify;\">Compromiso con el Cliente para las reformas integrales en Sant Cugat<\/h2>\n<p style=\"text-align: justify;\">En Digesco, el cliente siempre est\u00e1 en el centro de todo lo que hacemos. Nos comprometemos a trabajar estrechamente contigo durante todo el proceso de <strong>reformas integrales en Sant Cugat<\/strong>, escuchando tus ideas, respondiendo a tus preguntas y adapt\u00e1ndonos a tus necesidades y preferencias individuales. Tu satisfacci\u00f3n es nuestra m\u00e1xima prioridad, y nos esforzamos por superar tus expectativas en cada paso del camino.<\/p>\n<h2 style=\"text-align: justify;\">Contacta con Nosotros para tus reformas integrales en Sant Cugat<\/h2>\n<p style=\"text-align: justify;\">\u00bfEst\u00e1s listo para comenzar tu proyecto de <strong>reformas integrales en Sant Cugat<\/strong>? \u00a1Entonces no busques m\u00e1s! En Digesco, estamos aqu\u00ed para hacer realidad tus sue\u00f1os de renovaci\u00f3n. Ponte en contacto con nosotros hoy mismo para obtener m\u00e1s informaci\u00f3n sobre nuestros servicios de reformas integrales en Sant Cugat, o para concertar una consulta inicial. \u00a1Estamos ansiosos por trabajar contigo y ayudarte a crear el hogar de tus sue\u00f1os!<\/p>\n<p style=\"text-align: justify;\">Cuando se trata de <strong>reformas integrales en Sant Cugat<\/strong>, Digesco es la elecci\u00f3n acertada. Nuestra experiencia, compromiso con la excelencia, dise\u00f1o innovador y enfoque centrado en el cliente nos convierten en la opci\u00f3n ideal para transformar tu hogar y hacer realidad tus visiones de renovaci\u00f3n.<\/p>\n<p style=\"text-align: justify;\">No dudes en comunicarte con nosotros, nuestro equipo de atenci\u00f3n al cliente se encargar\u00e1 de guiarte en cada paso del proceso para que tomes las mejores decisiones.<\/p>\n<p><img decoding=\"async\" class=\"aligncenter wp-image-1120 size-large\" src=\"https:\/\/digesco.com\/wp-content\/uploads\/2024\/04\/reformas-integrales-barcelona-1024x724.jpg\" alt=\"\" width=\"1024\" height=\"724\" srcset=\"https:\/\/digesco.com\/wp-content\/uploads\/2024\/04\/reformas-integrales-barcelona-1024x724.jpg 1024w, https:\/\/digesco.com\/wp-content\/uploads\/2024\/04\/reformas-integrales-barcelona-300x212.jpg 300w, https:\/\/digesco.com\/wp-content\/uploads\/2024\/04\/reformas-integrales-barcelona-768x543.jpg 768w, https:\/\/digesco.com\/wp-content\/uploads\/2024\/04\/reformas-integrales-barcelona-1536x1086.jpg 1536w, https:\/\/digesco.com\/wp-content\/uploads\/2024\/04\/reformas-integrales-barcelona-18x12.jpg 18w, https:\/\/digesco.com\/wp-content\/uploads\/2024\/04\/reformas-integrales-barcelona.jpg 2000w\" sizes=\"(max-width: 1024px) 100vw, 1024px\" \/><\/p>",
        "protected": false
    },
    "excerpt": {
        "rendered": "<p>Selecciona a los mejores profesionales para las reformas integrales en Sant Cugat \u00bfEst\u00e1s pensando en renovar tu hogar en Sant Cugat del Vall\u00e8s? Las reformas integrales son una excelente manera de transformar tu espacio vital y a\u00f1adir valor a tu propiedad. En medio de esta b\u00fasqueda de renovaci\u00f3n, es crucial encontrar una empresa de confianza&hellip;&nbsp;<a href=\"https:\/\/digesco.com\/ca\/reformas-integrales-la-eleccion-acertada-con-digesco\/\" rel=\"bookmark\"><span class=\"screen-reader-text\">Reformas Integrales : La Elecci\u00f3n Acertada con Digesco<\/span><\/a><\/p>",
        "protected": false
    },
    "author": 3,
    "featured_media": 1122,
    "comment_status": "open",
    "ping_status": "open",
    "sticky": false,
    "template": "",
    "format": "standard",
    "meta": {
        "neve_meta_sidebar": "",
        "neve_meta_container": "",
        "neve_meta_enable_content_width": "off",
        "neve_meta_content_width": 70,
        "neve_meta_title_alignment": "",
        "neve_meta_author_avatar": "",
        "neve_post_elements_order": "",
        "neve_meta_disable_header": "",
        "neve_meta_disable_footer": "",
        "neve_meta_disable_title": "",
        "_joinchat": [],
        "footnotes": ""
    },
    "categories": [
        18
    ],
    "tags": [
        19
    ],
    "class_list": [
        "post-1119",
        "post",
        "type-post",
        "status-publish",
        "format-standard",
        "has-post-thumbnail",
        "hentry",
        "category-reformas-integrales",
        "tag-reformas-integrales"
    ],
    "yoast_head": "<!-- This site is optimized with the Yoast SEO plugin v26.9 - https:\/\/yoast.com\/product\/yoast-seo-wordpress\/ -->\n<title>Reformas Integrales : La Elecci\u00f3n Acertada con Digesco - Digesco | Empresa de Reformas<\/title>\n<meta name=\"robots\" content=\"index, follow, max-snippet:-1, max-image-preview:large, max-video-preview:-1\" \/>\n<link rel=\"canonical\" href=\"https:\/\/digesco.com\/ca\/reformas-integrales-la-eleccion-acertada-con-digesco\/\" \/>\n<meta property=\"og:locale\" content=\"ca_ES\" \/>\n<meta property=\"og:type\" content=\"article\" \/>\n<meta property=\"og:title\" content=\"Reformas Integrales : La Elecci\u00f3n Acertada con Digesco - Digesco | Empresa de Reformas\" \/>\n<meta property=\"og:description\" content=\"Selecciona a los mejores profesionales para las reformas integrales en Sant Cugat \u00bfEst\u00e1s pensando en renovar tu hogar en Sant Cugat del Vall\u00e8s? Las reformas integrales son una excelente manera de transformar tu espacio vital y a\u00f1adir valor a tu propiedad. En medio de esta b\u00fasqueda de renovaci\u00f3n, es crucial encontrar una empresa de confianza&hellip;&nbsp;Reformas Integrales : La Elecci\u00f3n Acertada con Digesco\" \/>\n<meta property=\"og:url\" content=\"https:\/\/digesco.com\/ca\/reformas-integrales-la-eleccion-acertada-con-digesco\/\" \/>\n<meta property=\"og:site_name\" content=\"Digesco | Empresa de Reformas\" \/>\n<meta property=\"article:published_time\" content=\"2024-04-23T09:24:55+00:00\" \/>\n<meta property=\"article:modified_time\" content=\"2024-04-23T09:25:32+00:00\" \/>\n<meta property=\"og:image\" content=\"https:\/\/digesco.com\/wp-content\/uploads\/2024\/04\/reformas-integrales-sant-cugat.jpg\" \/>\n\t<meta property=\"og:image:width\" content=\"2000\" \/>\n\t<meta property=\"og:image:height\" content=\"1414\" \/>\n\t<meta property=\"og:image:type\" content=\"image\/jpeg\" \/>\n<meta name=\"author\" content=\"antonio\" \/>\n<meta name=\"twitter:card\" content=\"summary_large_image\" \/>\n<meta name=\"twitter:label1\" content=\"Escrit per\" \/>\n\t<meta name=\"twitter:data1\" content=\"antonio\" \/>\n\t<meta name=\"twitter:label2\" content=\"Temps estimat de lectura\" \/>\n\t<meta name=\"twitter:data2\" content=\"4 minuts\" \/>\n<script type=\"application\/ld+json\" class=\"yoast-schema-graph\">{\"@context\":\"https:\/\/schema.org\",\"@graph\":[{\"@type\":\"Article\",\"@id\":\"https:\/\/digesco.com\/reformas-integrales-la-eleccion-acertada-con-digesco\/#article\",\"isPartOf\":{\"@id\":\"https:\/\/digesco.com\/reformas-integrales-la-eleccion-acertada-con-digesco\/\"},\"author\":{\"name\":\"antonio\",\"@id\":\"https:\/\/digesco.com\/es\/#\/schema\/person\/77c24b7959ee8bf38c078c4c9cfd230a\"},\"headline\":\"Reformas Integrales : La Elecci\u00f3n Acertada con Digesco\",\"datePublished\":\"2024-04-23T09:24:55+00:00\",\"dateModified\":\"2024-04-23T09:25:32+00:00\",\"mainEntityOfPage\":{\"@id\":\"https:\/\/digesco.com\/reformas-integrales-la-eleccion-acertada-con-digesco\/\"},\"wordCount\":586,\"commentCount\":0,\"image\":{\"@id\":\"https:\/\/digesco.com\/reformas-integrales-la-eleccion-acertada-con-digesco\/#primaryimage\"},\"thumbnailUrl\":\"https:\/\/digesco.com\/wp-content\/uploads\/2024\/04\/reformas-integrales-sant-cugat.jpg\",\"keywords\":[\"reformas integrales\"],\"articleSection\":[\"reformas integrales\"],\"inLanguage\":\"ca\",\"potentialAction\":[{\"@type\":\"CommentAction\",\"name\":\"Comment\",\"target\":[\"https:\/\/digesco.com\/reformas-integrales-la-eleccion-acertada-con-digesco\/#respond\"]}]},{\"@type\":\"WebPage\",\"@id\":\"https:\/\/digesco.com\/reformas-integrales-la-eleccion-acertada-con-digesco\/\",\"url\":\"https:\/\/digesco.com\/reformas-integrales-la-eleccion-acertada-con-digesco\/\",\"name\":\"Reformas Integrales : La Elecci\u00f3n Acertada con Digesco - Digesco | Empresa de Reformas\",\"isPartOf\":{\"@id\":\"https:\/\/digesco.com\/es\/#website\"},\"primaryImageOfPage\":{\"@id\":\"https:\/\/digesco.com\/reformas-integrales-la-eleccion-acertada-con-digesco\/#primaryimage\"},\"image\":{\"@id\":\"https:\/\/digesco.com\/reformas-integrales-la-eleccion-acertada-con-digesco\/#primaryimage\"},\"thumbnailUrl\":\"https:\/\/digesco.com\/wp-content\/uploads\/2024\/04\/reformas-integrales-sant-cugat.jpg\",\"datePublished\":\"2024-04-23T09:24:55+00:00\",\"dateModified\":\"2024-04-23T09:25:32+00:00\",\"author\":{\"@id\":\"https:\/\/digesco.com\/es\/#\/schema\/person\/77c24b7959ee8bf38c078c4c9cfd230a\"},\"breadcrumb\":{\"@id\":\"https:\/\/digesco.com\/reformas-integrales-la-eleccion-acertada-con-digesco\/#breadcrumb\"},\"inLanguage\":\"ca\",\"potentialAction\":[{\"@type\":\"ReadAction\",\"target\":[\"https:\/\/digesco.com\/reformas-integrales-la-eleccion-acertada-con-digesco\/\"]}]},{\"@type\":\"ImageObject\",\"inLanguage\":\"ca\",\"@id\":\"https:\/\/digesco.com\/reformas-integrales-la-eleccion-acertada-con-digesco\/#primaryimage\",\"url\":\"https:\/\/digesco.com\/wp-content\/uploads\/2024\/04\/reformas-integrales-sant-cugat.jpg\",\"contentUrl\":\"https:\/\/digesco.com\/wp-content\/uploads\/2024\/04\/reformas-integrales-sant-cugat.jpg\",\"width\":2000,\"height\":1414},{\"@type\":\"BreadcrumbList\",\"@id\":\"https:\/\/digesco.com\/reformas-integrales-la-eleccion-acertada-con-digesco\/#breadcrumb\",\"itemListElement\":[{\"@type\":\"ListItem\",\"position\":1,\"name\":\"Portada\",\"item\":\"https:\/\/digesco.com\/es\/\"},{\"@type\":\"ListItem\",\"position\":2,\"name\":\"Reformas Integrales : La Elecci\u00f3n Acertada con Digesco\"}]},{\"@type\":\"WebSite\",\"@id\":\"https:\/\/digesco.com\/es\/#website\",\"url\":\"https:\/\/digesco.com\/es\/\",\"name\":\"Digesco | Empresa de Reformas\",\"description\":\"Empresa especializada y dedicada al mundo de la construcci\u00f3n, con trabajos tanto en el \u00e1mbito p\u00fablico como privado. En digesco ofrecemos un servicio integral para la construcci\u00f3n\",\"potentialAction\":[{\"@type\":\"SearchAction\",\"target\":{\"@type\":\"EntryPoint\",\"urlTemplate\":\"https:\/\/digesco.com\/es\/?s={search_term_string}\"},\"query-input\":{\"@type\":\"PropertyValueSpecification\",\"valueRequired\":true,\"valueName\":\"search_term_string\"}}],\"inLanguage\":\"ca\"},{\"@type\":\"Person\",\"@id\":\"https:\/\/digesco.com\/es\/#\/schema\/person\/77c24b7959ee8bf38c078c4c9cfd230a\",\"name\":\"antonio\",\"image\":{\"@type\":\"ImageObject\",\"inLanguage\":\"ca\",\"@id\":\"https:\/\/digesco.com\/es\/#\/schema\/person\/image\/\",\"url\":\"https:\/\/secure.gravatar.com\/avatar\/4a975ccc4ed7cba40825aef14a7464195a9371791d71c61abbe22f7854b4ef21?s=96&d=mm&r=g\",\"contentUrl\":\"https:\/\/secure.gravatar.com\/avatar\/4a975ccc4ed7cba40825aef14a7464195a9371791d71c61abbe22f7854b4ef21?s=96&d=mm&r=g\",\"caption\":\"antonio\"},\"url\":\"https:\/\/digesco.com\/ca\/author\/antonio\/\"}]}<\/script>\n<!-- \/ Yoast SEO plugin. -->",
    "yoast_head_json": {
        "title": "Reformas Integrales : La Elecci\u00f3n Acertada con Digesco - Digesco | Empresa de Reformas",
        "robots": {
            "index": "index",
            "follow": "follow",
            "max-snippet": "max-snippet:-1",
            "max-image-preview": "max-image-preview:large",
            "max-video-preview": "max-video-preview:-1"
        },
        "canonical": "https:\/\/digesco.com\/ca\/reformas-integrales-la-eleccion-acertada-con-digesco\/",
        "og_locale": "ca_ES",
        "og_type": "article",
        "og_title": "Reformas Integrales : La Elecci\u00f3n Acertada con Digesco - Digesco | Empresa de Reformas",
        "og_description": "Selecciona a los mejores profesionales para las reformas integrales en Sant Cugat \u00bfEst\u00e1s pensando en renovar tu hogar en Sant Cugat del Vall\u00e8s? Las reformas integrales son una excelente manera de transformar tu espacio vital y a\u00f1adir valor a tu propiedad. En medio de esta b\u00fasqueda de renovaci\u00f3n, es crucial encontrar una empresa de confianza&hellip;&nbsp;Reformas Integrales : La Elecci\u00f3n Acertada con Digesco",
        "og_url": "https:\/\/digesco.com\/ca\/reformas-integrales-la-eleccion-acertada-con-digesco\/",
        "og_site_name": "Digesco | Empresa de Reformas",
        "article_published_time": "2024-04-23T09:24:55+00:00",
        "article_modified_time": "2024-04-23T09:25:32+00:00",
        "og_image": [
            {
                "width": 2000,
                "height": 1414,
                "url": "https:\/\/digesco.com\/wp-content\/uploads\/2024\/04\/reformas-integrales-sant-cugat.jpg",
                "type": "image\/jpeg"
            }
        ],
        "author": "antonio",
        "twitter_card": "summary_large_image",
        "twitter_misc": {
            "Escrit per": "antonio",
            "Temps estimat de lectura": "4 minuts"
        },
        "schema": {
            "@context": "https:\/\/schema.org",
            "@graph": [
                {
                    "@type": "Article",
                    "@id": "https:\/\/digesco.com\/reformas-integrales-la-eleccion-acertada-con-digesco\/#article",
                    "isPartOf": {
                        "@id": "https:\/\/digesco.com\/reformas-integrales-la-eleccion-acertada-con-digesco\/"
                    },
                    "author": {
                        "name": "antonio",
                        "@id": "https:\/\/digesco.com\/es\/#\/schema\/person\/77c24b7959ee8bf38c078c4c9cfd230a"
                    },
                    "headline": "Reformas Integrales : La Elecci\u00f3n Acertada con Digesco",
                    "datePublished": "2024-04-23T09:24:55+00:00",
                    "dateModified": "2024-04-23T09:25:32+00:00",
                    "mainEntityOfPage": {
                        "@id": "https:\/\/digesco.com\/reformas-integrales-la-eleccion-acertada-con-digesco\/"
                    },
                    "wordCount": 586,
                    "commentCount": 0,
                    "image": {
                        "@id": "https:\/\/digesco.com\/reformas-integrales-la-eleccion-acertada-con-digesco\/#primaryimage"
                    },
                    "thumbnailUrl": "https:\/\/digesco.com\/wp-content\/uploads\/2024\/04\/reformas-integrales-sant-cugat.jpg",
                    "keywords": [
                        "reformas integrales"
                    ],
                    "articleSection": [
                        "reformas integrales"
                    ],
                    "inLanguage": "ca",
                    "potentialAction": [
                        {
                            "@type": "CommentAction",
                            "name": "Comment",
                            "target": [
                                "https:\/\/digesco.com\/reformas-integrales-la-eleccion-acertada-con-digesco\/#respond"
                            ]
                        }
                    ]
                },
                {
                    "@type": "WebPage",
                    "@id": "https:\/\/digesco.com\/reformas-integrales-la-eleccion-acertada-con-digesco\/",
                    "url": "https:\/\/digesco.com\/reformas-integrales-la-eleccion-acertada-con-digesco\/",
                    "name": "Reformas Integrales : La Elecci\u00f3n Acertada con Digesco - Digesco | Empresa de Reformas",
                    "isPartOf": {
                        "@id": "https:\/\/digesco.com\/es\/#website"
                    },
                    "primaryImageOfPage": {
                        "@id": "https:\/\/digesco.com\/reformas-integrales-la-eleccion-acertada-con-digesco\/#primaryimage"
                    },
                    "image": {
                        "@id": "https:\/\/digesco.com\/reformas-integrales-la-eleccion-acertada-con-digesco\/#primaryimage"
                    },
                    "thumbnailUrl": "https:\/\/digesco.com\/wp-content\/uploads\/2024\/04\/reformas-integrales-sant-cugat.jpg",
                    "datePublished": "2024-04-23T09:24:55+00:00",
                    "dateModified": "2024-04-23T09:25:32+00:00",
                    "author": {
                        "@id": "https:\/\/digesco.com\/es\/#\/schema\/person\/77c24b7959ee8bf38c078c4c9cfd230a"
                    },
                    "breadcrumb": {
                        "@id": "https:\/\/digesco.com\/reformas-integrales-la-eleccion-acertada-con-digesco\/#breadcrumb"
                    },
                    "inLanguage": "ca",
                    "potentialAction": [
                        {
                            "@type": "ReadAction",
                            "target": [
                                "https:\/\/digesco.com\/reformas-integrales-la-eleccion-acertada-con-digesco\/"
                            ]
                        }
                    ]
                },
                {
                    "@type": "ImageObject",
                    "inLanguage": "ca",
                    "@id": "https:\/\/digesco.com\/reformas-integrales-la-eleccion-acertada-con-digesco\/#primaryimage",
                    "url": "https:\/\/digesco.com\/wp-content\/uploads\/2024\/04\/reformas-integrales-sant-cugat.jpg",
                    "contentUrl": "https:\/\/digesco.com\/wp-content\/uploads\/2024\/04\/reformas-integrales-sant-cugat.jpg",
                    "width": 2000,
                    "height": 1414
                },
                {
                    "@type": "BreadcrumbList",
                    "@id": "https:\/\/digesco.com\/reformas-integrales-la-eleccion-acertada-con-digesco\/#breadcrumb",
                    "itemListElement": [
                        {
                            "@type": "ListItem",
                            "position": 1,
                            "name": "Portada",
                            "item": "https:\/\/digesco.com\/es\/"
                        },
                        {
                            "@type": "ListItem",
                            "position": 2,
                            "name": "Reformas Integrales : La Elecci\u00f3n Acertada con Digesco"
                        }
                    ]
                },
                {
                    "@type": "WebSite",
                    "@id": "https:\/\/digesco.com\/es\/#website",
                    "url": "https:\/\/digesco.com\/es\/",
                    "name": "Digesco | Empresa de Reformas",
                    "description": "Empresa especializada y dedicada al mundo de la construcci\u00f3n, con trabajos tanto en el \u00e1mbito p\u00fablico como privado. En digesco ofrecemos un servicio integral para la construcci\u00f3n",
                    "potentialAction": [
                        {
                            "@type": "SearchAction",
                            "target": {
                                "@type": "EntryPoint",
                                "urlTemplate": "https:\/\/digesco.com\/es\/?s={search_term_string}"
                            },
                            "query-input": {
                                "@type": "PropertyValueSpecification",
                                "valueRequired": true,
                                "valueName": "search_term_string"
                            }
                        }
                    ],
                    "inLanguage": "ca"
                },
                {
                    "@type": "Person",
                    "@id": "https:\/\/digesco.com\/es\/#\/schema\/person\/77c24b7959ee8bf38c078c4c9cfd230a",
                    "name": "antonio",
                    "image": {
                        "@type": "ImageObject",
                        "inLanguage": "ca",
                        "@id": "https:\/\/digesco.com\/es\/#\/schema\/person\/image\/",
                        "url": "https:\/\/secure.gravatar.com\/avatar\/4a975ccc4ed7cba40825aef14a7464195a9371791d71c61abbe22f7854b4ef21?s=96&d=mm&r=g",
                        "contentUrl": "https:\/\/secure.gravatar.com\/avatar\/4a975ccc4ed7cba40825aef14a7464195a9371791d71c61abbe22f7854b4ef21?s=96&d=mm&r=g",
                        "caption": "antonio"
                    },
                    "url": "https:\/\/digesco.com\/ca\/author\/antonio\/"
                }
            ]
        }
    },
    "_links": {
        "self": [
            {
                "href": "https:\/\/digesco.com\/ca\/wp-json\/wp\/v2\/posts\/1119",
                "targetHints": {
                    "allow": [
                        "GET"
                    ]
                }
            }
        ],
        "collection": [
            {
                "href": "https:\/\/digesco.com\/ca\/wp-json\/wp\/v2\/posts"
            }
        ],
        "about": [
            {
                "href": "https:\/\/digesco.com\/ca\/wp-json\/wp\/v2\/types\/post"
            }
        ],
        "author": [
            {
                "embeddable": true,
                "href": "https:\/\/digesco.com\/ca\/wp-json\/wp\/v2\/users\/3"
            }
        ],
        "replies": [
            {
                "embeddable": true,
                "href": "https:\/\/digesco.com\/ca\/wp-json\/wp\/v2\/comments?post=1119"
            }
        ],
        "version-history": [
            {
                "count": 2,
                "href": "https:\/\/digesco.com\/ca\/wp-json\/wp\/v2\/posts\/1119\/revisions"
            }
        ],
        "predecessor-version": [
            {
                "id": 1125,
                "href": "https:\/\/digesco.com\/ca\/wp-json\/wp\/v2\/posts\/1119\/revisions\/1125"
            }
        ],
        "wp:featuredmedia": [
            {
                "embeddable": true,
                "href": "https:\/\/digesco.com\/ca\/wp-json\/wp\/v2\/media\/1122"
            }
        ],
        "wp:attachment": [
            {
                "href": "https:\/\/digesco.com\/ca\/wp-json\/wp\/v2\/media?parent=1119"
            }
        ],
        "wp:term": [
            {
                "taxonomy": "category",
                "embeddable": true,
                "href": "https:\/\/digesco.com\/ca\/wp-json\/wp\/v2\/categories?post=1119"
            },
            {
                "taxonomy": "post_tag",
                "embeddable": true,
                "href": "https:\/\/digesco.com\/ca\/wp-json\/wp\/v2\/tags?post=1119"
            }
        ],
        "curies": [
            {
                "name": "wp",
                "href": "https:\/\/api.w.org\/{rel}",
                "templated": true
            }
        ]
    }
}