{
    "id": 1077,
    "date": "2024-03-26T10:05:11",
    "date_gmt": "2024-03-26T10:05:11",
    "guid": {
        "rendered": "https:\/\/digesco.com\/?p=1077"
    },
    "modified": "2024-03-26T10:05:11",
    "modified_gmt": "2024-03-26T10:05:11",
    "slug": "reformes-de-cuina-en-espais-petits-consells-per-optimitzar-lespai",
    "status": "publish",
    "type": "post",
    "link": "https:\/\/digesco.com\/ca\/reformes-de-cuina-en-espais-petits-consells-per-optimitzar-lespai\/",
    "title": {
        "rendered": "Reformes de cuina en espais petits: Consells per optimitzar l&#8217;espai"
    },
    "content": {
        "rendered": "<h2>Maximitza el potencial de la teva cuina petita a Sabadell<\/h2>\n<p>La reforma d&#8217;una cuina petita pot semblar un repte, per\u00f2 amb les estrat\u00e8gies adequades, pots transformar aquest espai en un ambient funcional i acollidor. A Sabadell, una ciutat coneguda pel seu encant, l&#8217;optimitzaci\u00f3 de l&#8217;espai a les cuines \u00e9s essencial per aprofitar al m\u00e0xim cada metre quadrat. Des de solucions d&#8217;emmagatzematge intel\u00b7ligents fins a dissenys que creen amplitud visual, aqu\u00ed et presentem consells clau per aconseguir una bona <a href=\"https:\/\/digesco.com\/es\/reforma-cocina-sabadell\/\"><strong>reforma de cuina a Sabadell<\/strong><\/a>.<\/p>\n<p><img fetchpriority=\"high\" decoding=\"async\" class=\"alignnone wp-image-1081 size-full\" src=\"https:\/\/digesco.com\/wp-content\/uploads\/2024\/03\/reformes-de-cuina-a-Sabadell.jpg\" alt=\"\" width=\"2000\" height=\"1414\" srcset=\"https:\/\/digesco.com\/wp-content\/uploads\/2024\/03\/reformes-de-cuina-a-Sabadell.jpg 2000w, https:\/\/digesco.com\/wp-content\/uploads\/2024\/03\/reformes-de-cuina-a-Sabadell-300x212.jpg 300w, https:\/\/digesco.com\/wp-content\/uploads\/2024\/03\/reformes-de-cuina-a-Sabadell-1024x724.jpg 1024w, https:\/\/digesco.com\/wp-content\/uploads\/2024\/03\/reformes-de-cuina-a-Sabadell-768x543.jpg 768w, https:\/\/digesco.com\/wp-content\/uploads\/2024\/03\/reformes-de-cuina-a-Sabadell-1536x1086.jpg 1536w, https:\/\/digesco.com\/wp-content\/uploads\/2024\/03\/reformes-de-cuina-a-Sabadell-18x12.jpg 18w\" sizes=\"(max-width: 2000px) 100vw, 2000px\" \/><\/p>\n<h3>Maximitzant l&#8217;espai a la teva cuina petita<\/h3>\n<p>A l&#8217;hora de reformar una cuina petita, \u00e9s crucial aprofitar cada rac\u00f3 disponible. Aqu\u00ed tens algunes suggeriments per maximitzar l&#8217;espai de la teva cuina a Sabadell:<\/p>\n<ul>\n<li><strong>Armaris a mida:<\/strong> Els armaris a mida s\u00f3n fonamentals en una cuina petita. A Sabadell, pots optar per dissenyar armaris que s&#8217;ajustin a les dimensions exactes de la teva cuina, maximitzant aix\u00ed l&#8217;espai d&#8217;emmagatzematge disponible. Els armaris encastats fins al sostre s\u00f3n una excel\u00b7lent manera d&#8217;aprofitar al m\u00e0xim l&#8217;altura de l&#8217;habitaci\u00f3.<\/li>\n<li><strong>Electrodom\u00e8stics compactes:<\/strong> En una cuina petita, els electrodom\u00e8stics compactes s\u00f3n els teus millors aliats. Busca opcions d&#8217;electrodom\u00e8stics m\u00e9s petits que encara ofereixin un rendiment \u00f2ptim. Aix\u00f2 no nom\u00e9s maximitzar\u00e0 l&#8217;espai disponible, sin\u00f3 que tamb\u00e9 afegir\u00e0 un toc modern a la teva cuina a Sabadell.<\/li>\n<li><strong>Organitzaci\u00f3 eficient:<\/strong> Utilitza organitzadors de calaixos i prestatges desllissants per mantenir l&#8217;espai ordenat i facilitar l&#8217;acc\u00e9s als teus utensilis de cuina. A Sabadell, trobar\u00e0s una varietat d&#8217;opcions que s&#8217;adapten a les dimensions de la teva cuina.<\/li>\n<\/ul>\n<h3>Creant la il\u00b7lusi\u00f3 amplitud<\/h3>\n<p>La sensaci\u00f3 d&#8217;amplitud \u00e9s essencial en una cuina petita. Aqu\u00ed et presentem alguns trucs per crear la il\u00b7lusi\u00f3 d&#8217;un espai m\u00e9s gran a la teva <strong>reforma de cuina a Sabadell<\/strong>:<\/p>\n<ul>\n<li><strong>Colors clars i lluminosos:<\/strong> Opta per colors clars en les parets i els mobles perqu\u00e8 la llum es reflecteixi, donant la sensaci\u00f3 de major amplitud. A Sabadell, els tons blancs, crema o gris clar s\u00f3n populars per a cuines petites.<\/li>\n<li><strong>Utilitza miralls:<\/strong> Afegir miralls estrat\u00e8gicament pot fer que una cuina petita es senti m\u00e9s espaiosa i lluminosa. Considera instal\u00b7lar un panell de mirall en una paret o a la part posterior d&#8217;una vitrina per multiplicar visualment l&#8217;espai.<\/li>\n<li><strong>Il\u00b7luminaci\u00f3 intel\u00b7ligent:<\/strong> Una il\u00b7luminaci\u00f3 ben planificada pot fer meravelles en una cuina petita. Combina la il\u00b7luminaci\u00f3 general amb llums LED sota els armaris per afegir profunditat i crear un ambient acollidor a la teva cuina.<\/li>\n<\/ul>\n<p><img decoding=\"async\" class=\"alignnone wp-image-1079 size-full\" src=\"https:\/\/digesco.com\/wp-content\/uploads\/2024\/03\/reformes-de-cuina-a-Sabadell-2.jpg\" alt=\"\" width=\"2000\" height=\"1414\" srcset=\"https:\/\/digesco.com\/wp-content\/uploads\/2024\/03\/reformes-de-cuina-a-Sabadell-2.jpg 2000w, https:\/\/digesco.com\/wp-content\/uploads\/2024\/03\/reformes-de-cuina-a-Sabadell-2-300x212.jpg 300w, https:\/\/digesco.com\/wp-content\/uploads\/2024\/03\/reformes-de-cuina-a-Sabadell-2-1024x724.jpg 1024w, https:\/\/digesco.com\/wp-content\/uploads\/2024\/03\/reformes-de-cuina-a-Sabadell-2-768x543.jpg 768w, https:\/\/digesco.com\/wp-content\/uploads\/2024\/03\/reformes-de-cuina-a-Sabadell-2-1536x1086.jpg 1536w, https:\/\/digesco.com\/wp-content\/uploads\/2024\/03\/reformes-de-cuina-a-Sabadell-2-18x12.jpg 18w\" sizes=\"(max-width: 2000px) 100vw, 2000px\" \/><\/p>\n<h3>Reforma de cuina a Sabadell: Enfocament pr\u00e0ctic i est\u00e8tic<\/h3>\n<p>En abordar la <strong>reforma d&#8217;una cuina a Sabadell<\/strong>, \u00e9s important equilibrar la funcionalitat amb l&#8217;atractiu est\u00e8tic. Aqu\u00ed \u00e9s on la creativitat juga un paper crucial.<br \/>\nAlgunes idees addicionals per aconseguir una reforma exitosa inclouen:<\/p>\n<ul>\n<li><strong>Taulells vers\u00e0tils:<\/strong> Els taulells multifuncionals, com els que incorporen taules de tallar o superf\u00edcies desllisants, s\u00f3n ideals per a cuines petites. A Sabadell, pots trobar una varietat d&#8217;opcions que s&#8217;adapten a les teves necessitats espec\u00edfiques.<\/li>\n<li><strong>Disseny obert:<\/strong> Si \u00e9s possible, considera integrar la cuina amb l&#8217;\u00e0rea de menjador o sala d&#8217;estar per crear un espai obert que ofereixi una sensaci\u00f3 d&#8217;amplitud. Aquest enfocament \u00e9s especialment efectiu en apartaments i habitatges petits a Sabadell.<\/li>\n<\/ul>\n<p><img decoding=\"async\" class=\"alignnone wp-image-1080 size-full\" src=\"https:\/\/digesco.com\/wp-content\/uploads\/2024\/03\/reformes-de-cuina-a-Sabadell-3.jpg\" alt=\"\" width=\"2000\" height=\"1414\" srcset=\"https:\/\/digesco.com\/wp-content\/uploads\/2024\/03\/reformes-de-cuina-a-Sabadell-3.jpg 2000w, https:\/\/digesco.com\/wp-content\/uploads\/2024\/03\/reformes-de-cuina-a-Sabadell-3-300x212.jpg 300w, https:\/\/digesco.com\/wp-content\/uploads\/2024\/03\/reformes-de-cuina-a-Sabadell-3-1024x724.jpg 1024w, https:\/\/digesco.com\/wp-content\/uploads\/2024\/03\/reformes-de-cuina-a-Sabadell-3-768x543.jpg 768w, https:\/\/digesco.com\/wp-content\/uploads\/2024\/03\/reformes-de-cuina-a-Sabadell-3-1536x1086.jpg 1536w, https:\/\/digesco.com\/wp-content\/uploads\/2024\/03\/reformes-de-cuina-a-Sabadell-3-18x12.jpg 18w\" sizes=\"(max-width: 2000px) 100vw, 2000px\" \/><\/p>\n<p>Amb aquests consells en ment, est\u00e0s llest per abordar la reforma de la teva cuina petita amb confian\u00e7a, maximitzant l&#8217;espai disponible i creant un ambient que reflecteixi el teu estil personal i les necessitats del teu llar.<\/p>\n<p>La reforma d&#8217;una cuina petita pot ser una experi\u00e8ncia emocionant amb l&#8217;enfocament adequat. En implementar solucions d&#8217;emmagatzematge intel\u00b7ligents, estrat\u00e8gies de disseny i trucs visuals, podr\u00e0s transformar la teva cuina en un espai funcional i est\u00e8ticament atractiu, adaptat a les dimensions del teu llar.<\/p>\n<p>A Digesco, estem compromesos a ajudar-te a convertir la teva cuina petita en un espai que compleixi totes les teves expectatives. Amb anys d&#8217;experi\u00e8ncia en el sector de les <strong>reformes de cuina a Sabadell<\/strong>, estem aqu\u00ed per proporcionar-te solucions innovadores i serveis de qualitat que transformaran la teva cuina en el cor del teu llar. Contacta&#8217;ns avui mateix per comen\u00e7ar el teu viatge cap a una cuina petita perfectament reformada.<\/p>",
        "protected": false
    },
    "excerpt": {
        "rendered": "<p>Maximitza el potencial de la teva cuina petita a Sabadell La reforma d&#8217;una cuina petita pot semblar un repte, per\u00f2 amb les estrat\u00e8gies adequades, pots transformar aquest espai en un ambient funcional i acollidor. A Sabadell, una ciutat coneguda pel seu encant, l&#8217;optimitzaci\u00f3 de l&#8217;espai a les cuines \u00e9s essencial per aprofitar al m\u00e0xim cada&hellip;&nbsp;<a href=\"https:\/\/digesco.com\/ca\/reformes-de-cuina-en-espais-petits-consells-per-optimitzar-lespai\/\" rel=\"bookmark\"><span class=\"screen-reader-text\">Reformes de cuina en espais petits: Consells per optimitzar l&#8217;espai<\/span><\/a><\/p>",
        "protected": false
    },
    "author": 2,
    "featured_media": 1078,
    "comment_status": "open",
    "ping_status": "open",
    "sticky": false,
    "template": "",
    "format": "standard",
    "meta": {
        "neve_meta_sidebar": "",
        "neve_meta_container": "",
        "neve_meta_enable_content_width": "off",
        "neve_meta_content_width": 70,
        "neve_meta_title_alignment": "",
        "neve_meta_author_avatar": "",
        "neve_post_elements_order": "",
        "neve_meta_disable_header": "",
        "neve_meta_disable_footer": "",
        "neve_meta_disable_title": "",
        "_joinchat": [],
        "footnotes": ""
    },
    "categories": [
        11
    ],
    "tags": [
        16
    ],
    "class_list": [
        "post-1077",
        "post",
        "type-post",
        "status-publish",
        "format-standard",
        "has-post-thumbnail",
        "hentry",
        "category-reformas-cocina",
        "tag-reforma-duna-cuina-a-sabadell"
    ],
    "yoast_head": "<!-- This site is optimized with the Yoast SEO plugin v26.9 - https:\/\/yoast.com\/product\/yoast-seo-wordpress\/ -->\n<title>Reformes de cuina en espais petits: Consells per optimitzar l&#039;espai - Digesco | Empresa de Reformas<\/title>\n<meta name=\"description\" content=\"Optimitza la teva petita cuina a Sabadell amb Digesco. Transforma l&#039;espai amb solucions de disseny intel\u00b7ligents.\" \/>\n<meta name=\"robots\" content=\"index, follow, max-snippet:-1, max-image-preview:large, max-video-preview:-1\" \/>\n<link rel=\"canonical\" href=\"https:\/\/digesco.com\/ca\/reformes-de-cuina-en-espais-petits-consells-per-optimitzar-lespai\/\" \/>\n<meta property=\"og:locale\" content=\"ca_ES\" \/>\n<meta property=\"og:type\" content=\"article\" \/>\n<meta property=\"og:title\" content=\"Reformes de cuina en espais petits: Consells per optimitzar l&#039;espai - Digesco | Empresa de Reformas\" \/>\n<meta property=\"og:description\" content=\"Optimitza la teva petita cuina a Sabadell amb Digesco. Transforma l&#039;espai amb solucions de disseny intel\u00b7ligents.\" \/>\n<meta property=\"og:url\" content=\"https:\/\/digesco.com\/ca\/reformes-de-cuina-en-espais-petits-consells-per-optimitzar-lespai\/\" \/>\n<meta property=\"og:site_name\" content=\"Digesco | Empresa de Reformas\" \/>\n<meta property=\"article:published_time\" content=\"2024-03-26T10:05:11+00:00\" \/>\n<meta property=\"og:image\" content=\"https:\/\/digesco.com\/wp-content\/uploads\/2024\/03\/reformes-de-cuina-a-Sabadell-1.jpg\" \/>\n\t<meta property=\"og:image:width\" content=\"2000\" \/>\n\t<meta property=\"og:image:height\" content=\"1414\" \/>\n\t<meta property=\"og:image:type\" content=\"image\/jpeg\" \/>\n<meta name=\"author\" content=\"carlos\" \/>\n<meta name=\"twitter:card\" content=\"summary_large_image\" \/>\n<meta name=\"twitter:label1\" content=\"Escrit per\" \/>\n\t<meta name=\"twitter:data1\" content=\"carlos\" \/>\n\t<meta name=\"twitter:label2\" content=\"Temps estimat de lectura\" \/>\n\t<meta name=\"twitter:data2\" content=\"4 minuts\" \/>\n<script type=\"application\/ld+json\" class=\"yoast-schema-graph\">{\"@context\":\"https:\/\/schema.org\",\"@graph\":[{\"@type\":\"Article\",\"@id\":\"https:\/\/digesco.com\/reformes-de-cuina-en-espais-petits-consells-per-optimitzar-lespai\/#article\",\"isPartOf\":{\"@id\":\"https:\/\/digesco.com\/reformes-de-cuina-en-espais-petits-consells-per-optimitzar-lespai\/\"},\"author\":{\"name\":\"carlos\",\"@id\":\"https:\/\/digesco.com\/es\/#\/schema\/person\/ea6fbf2c71e22aef72d5e9db0cdc34e3\"},\"headline\":\"Reformes de cuina en espais petits: Consells per optimitzar l&#8217;espai\",\"datePublished\":\"2024-03-26T10:05:11+00:00\",\"mainEntityOfPage\":{\"@id\":\"https:\/\/digesco.com\/reformes-de-cuina-en-espais-petits-consells-per-optimitzar-lespai\/\"},\"wordCount\":748,\"commentCount\":0,\"image\":{\"@id\":\"https:\/\/digesco.com\/reformes-de-cuina-en-espais-petits-consells-per-optimitzar-lespai\/#primaryimage\"},\"thumbnailUrl\":\"https:\/\/digesco.com\/wp-content\/uploads\/2024\/03\/reformes-de-cuina-a-Sabadell-1.jpg\",\"keywords\":[\"reforma d'una cuina a Sabadell\"],\"articleSection\":[\"reformas cocina\"],\"inLanguage\":\"ca\",\"potentialAction\":[{\"@type\":\"CommentAction\",\"name\":\"Comment\",\"target\":[\"https:\/\/digesco.com\/reformes-de-cuina-en-espais-petits-consells-per-optimitzar-lespai\/#respond\"]}]},{\"@type\":\"WebPage\",\"@id\":\"https:\/\/digesco.com\/reformes-de-cuina-en-espais-petits-consells-per-optimitzar-lespai\/\",\"url\":\"https:\/\/digesco.com\/reformes-de-cuina-en-espais-petits-consells-per-optimitzar-lespai\/\",\"name\":\"Reformes de cuina en espais petits: Consells per optimitzar l'espai - Digesco | Empresa de Reformas\",\"isPartOf\":{\"@id\":\"https:\/\/digesco.com\/es\/#website\"},\"primaryImageOfPage\":{\"@id\":\"https:\/\/digesco.com\/reformes-de-cuina-en-espais-petits-consells-per-optimitzar-lespai\/#primaryimage\"},\"image\":{\"@id\":\"https:\/\/digesco.com\/reformes-de-cuina-en-espais-petits-consells-per-optimitzar-lespai\/#primaryimage\"},\"thumbnailUrl\":\"https:\/\/digesco.com\/wp-content\/uploads\/2024\/03\/reformes-de-cuina-a-Sabadell-1.jpg\",\"datePublished\":\"2024-03-26T10:05:11+00:00\",\"author\":{\"@id\":\"https:\/\/digesco.com\/es\/#\/schema\/person\/ea6fbf2c71e22aef72d5e9db0cdc34e3\"},\"description\":\"Optimitza la teva petita cuina a Sabadell amb Digesco. Transforma l'espai amb solucions de disseny intel\u00b7ligents.\",\"breadcrumb\":{\"@id\":\"https:\/\/digesco.com\/reformes-de-cuina-en-espais-petits-consells-per-optimitzar-lespai\/#breadcrumb\"},\"inLanguage\":\"ca\",\"potentialAction\":[{\"@type\":\"ReadAction\",\"target\":[\"https:\/\/digesco.com\/reformes-de-cuina-en-espais-petits-consells-per-optimitzar-lespai\/\"]}]},{\"@type\":\"ImageObject\",\"inLanguage\":\"ca\",\"@id\":\"https:\/\/digesco.com\/reformes-de-cuina-en-espais-petits-consells-per-optimitzar-lespai\/#primaryimage\",\"url\":\"https:\/\/digesco.com\/wp-content\/uploads\/2024\/03\/reformes-de-cuina-a-Sabadell-1.jpg\",\"contentUrl\":\"https:\/\/digesco.com\/wp-content\/uploads\/2024\/03\/reformes-de-cuina-a-Sabadell-1.jpg\",\"width\":2000,\"height\":1414},{\"@type\":\"BreadcrumbList\",\"@id\":\"https:\/\/digesco.com\/reformes-de-cuina-en-espais-petits-consells-per-optimitzar-lespai\/#breadcrumb\",\"itemListElement\":[{\"@type\":\"ListItem\",\"position\":1,\"name\":\"Portada\",\"item\":\"https:\/\/digesco.com\/es\/\"},{\"@type\":\"ListItem\",\"position\":2,\"name\":\"Reformes de cuina en espais petits: Consells per optimitzar l&#8217;espai\"}]},{\"@type\":\"WebSite\",\"@id\":\"https:\/\/digesco.com\/es\/#website\",\"url\":\"https:\/\/digesco.com\/es\/\",\"name\":\"Digesco | Empresa de Reformas\",\"description\":\"Empresa especializada y dedicada al mundo de la construcci\u00f3n, con trabajos tanto en el \u00e1mbito p\u00fablico como privado. En digesco ofrecemos un servicio integral para la construcci\u00f3n\",\"potentialAction\":[{\"@type\":\"SearchAction\",\"target\":{\"@type\":\"EntryPoint\",\"urlTemplate\":\"https:\/\/digesco.com\/es\/?s={search_term_string}\"},\"query-input\":{\"@type\":\"PropertyValueSpecification\",\"valueRequired\":true,\"valueName\":\"search_term_string\"}}],\"inLanguage\":\"ca\"},{\"@type\":\"Person\",\"@id\":\"https:\/\/digesco.com\/es\/#\/schema\/person\/ea6fbf2c71e22aef72d5e9db0cdc34e3\",\"name\":\"carlos\",\"image\":{\"@type\":\"ImageObject\",\"inLanguage\":\"ca\",\"@id\":\"https:\/\/digesco.com\/es\/#\/schema\/person\/image\/\",\"url\":\"https:\/\/secure.gravatar.com\/avatar\/ab10b60551e807f6b37d54bb09e40bc41b08e3828d46504634ad6f35da1b46dc?s=96&d=mm&r=g\",\"contentUrl\":\"https:\/\/secure.gravatar.com\/avatar\/ab10b60551e807f6b37d54bb09e40bc41b08e3828d46504634ad6f35da1b46dc?s=96&d=mm&r=g\",\"caption\":\"carlos\"},\"url\":\"https:\/\/digesco.com\/ca\/author\/carlos\/\"}]}<\/script>\n<!-- \/ Yoast SEO plugin. -->",
    "yoast_head_json": {
        "title": "Reformes de cuina en espais petits: Consells per optimitzar l'espai - Digesco | Empresa de Reformas",
        "description": "Optimitza la teva petita cuina a Sabadell amb Digesco. Transforma l'espai amb solucions de disseny intel\u00b7ligents.",
        "robots": {
            "index": "index",
            "follow": "follow",
            "max-snippet": "max-snippet:-1",
            "max-image-preview": "max-image-preview:large",
            "max-video-preview": "max-video-preview:-1"
        },
        "canonical": "https:\/\/digesco.com\/ca\/reformes-de-cuina-en-espais-petits-consells-per-optimitzar-lespai\/",
        "og_locale": "ca_ES",
        "og_type": "article",
        "og_title": "Reformes de cuina en espais petits: Consells per optimitzar l'espai - Digesco | Empresa de Reformas",
        "og_description": "Optimitza la teva petita cuina a Sabadell amb Digesco. Transforma l'espai amb solucions de disseny intel\u00b7ligents.",
        "og_url": "https:\/\/digesco.com\/ca\/reformes-de-cuina-en-espais-petits-consells-per-optimitzar-lespai\/",
        "og_site_name": "Digesco | Empresa de Reformas",
        "article_published_time": "2024-03-26T10:05:11+00:00",
        "og_image": [
            {
                "width": 2000,
                "height": 1414,
                "url": "https:\/\/digesco.com\/wp-content\/uploads\/2024\/03\/reformes-de-cuina-a-Sabadell-1.jpg",
                "type": "image\/jpeg"
            }
        ],
        "author": "carlos",
        "twitter_card": "summary_large_image",
        "twitter_misc": {
            "Escrit per": "carlos",
            "Temps estimat de lectura": "4 minuts"
        },
        "schema": {
            "@context": "https:\/\/schema.org",
            "@graph": [
                {
                    "@type": "Article",
                    "@id": "https:\/\/digesco.com\/reformes-de-cuina-en-espais-petits-consells-per-optimitzar-lespai\/#article",
                    "isPartOf": {
                        "@id": "https:\/\/digesco.com\/reformes-de-cuina-en-espais-petits-consells-per-optimitzar-lespai\/"
                    },
                    "author": {
                        "name": "carlos",
                        "@id": "https:\/\/digesco.com\/es\/#\/schema\/person\/ea6fbf2c71e22aef72d5e9db0cdc34e3"
                    },
                    "headline": "Reformes de cuina en espais petits: Consells per optimitzar l&#8217;espai",
                    "datePublished": "2024-03-26T10:05:11+00:00",
                    "mainEntityOfPage": {
                        "@id": "https:\/\/digesco.com\/reformes-de-cuina-en-espais-petits-consells-per-optimitzar-lespai\/"
                    },
                    "wordCount": 748,
                    "commentCount": 0,
                    "image": {
                        "@id": "https:\/\/digesco.com\/reformes-de-cuina-en-espais-petits-consells-per-optimitzar-lespai\/#primaryimage"
                    },
                    "thumbnailUrl": "https:\/\/digesco.com\/wp-content\/uploads\/2024\/03\/reformes-de-cuina-a-Sabadell-1.jpg",
                    "keywords": [
                        "reforma d'una cuina a Sabadell"
                    ],
                    "articleSection": [
                        "reformas cocina"
                    ],
                    "inLanguage": "ca",
                    "potentialAction": [
                        {
                            "@type": "CommentAction",
                            "name": "Comment",
                            "target": [
                                "https:\/\/digesco.com\/reformes-de-cuina-en-espais-petits-consells-per-optimitzar-lespai\/#respond"
                            ]
                        }
                    ]
                },
                {
                    "@type": "WebPage",
                    "@id": "https:\/\/digesco.com\/reformes-de-cuina-en-espais-petits-consells-per-optimitzar-lespai\/",
                    "url": "https:\/\/digesco.com\/reformes-de-cuina-en-espais-petits-consells-per-optimitzar-lespai\/",
                    "name": "Reformes de cuina en espais petits: Consells per optimitzar l'espai - Digesco | Empresa de Reformas",
                    "isPartOf": {
                        "@id": "https:\/\/digesco.com\/es\/#website"
                    },
                    "primaryImageOfPage": {
                        "@id": "https:\/\/digesco.com\/reformes-de-cuina-en-espais-petits-consells-per-optimitzar-lespai\/#primaryimage"
                    },
                    "image": {
                        "@id": "https:\/\/digesco.com\/reformes-de-cuina-en-espais-petits-consells-per-optimitzar-lespai\/#primaryimage"
                    },
                    "thumbnailUrl": "https:\/\/digesco.com\/wp-content\/uploads\/2024\/03\/reformes-de-cuina-a-Sabadell-1.jpg",
                    "datePublished": "2024-03-26T10:05:11+00:00",
                    "author": {
                        "@id": "https:\/\/digesco.com\/es\/#\/schema\/person\/ea6fbf2c71e22aef72d5e9db0cdc34e3"
                    },
                    "description": "Optimitza la teva petita cuina a Sabadell amb Digesco. Transforma l'espai amb solucions de disseny intel\u00b7ligents.",
                    "breadcrumb": {
                        "@id": "https:\/\/digesco.com\/reformes-de-cuina-en-espais-petits-consells-per-optimitzar-lespai\/#breadcrumb"
                    },
                    "inLanguage": "ca",
                    "potentialAction": [
                        {
                            "@type": "ReadAction",
                            "target": [
                                "https:\/\/digesco.com\/reformes-de-cuina-en-espais-petits-consells-per-optimitzar-lespai\/"
                            ]
                        }
                    ]
                },
                {
                    "@type": "ImageObject",
                    "inLanguage": "ca",
                    "@id": "https:\/\/digesco.com\/reformes-de-cuina-en-espais-petits-consells-per-optimitzar-lespai\/#primaryimage",
                    "url": "https:\/\/digesco.com\/wp-content\/uploads\/2024\/03\/reformes-de-cuina-a-Sabadell-1.jpg",
                    "contentUrl": "https:\/\/digesco.com\/wp-content\/uploads\/2024\/03\/reformes-de-cuina-a-Sabadell-1.jpg",
                    "width": 2000,
                    "height": 1414
                },
                {
                    "@type": "BreadcrumbList",
                    "@id": "https:\/\/digesco.com\/reformes-de-cuina-en-espais-petits-consells-per-optimitzar-lespai\/#breadcrumb",
                    "itemListElement": [
                        {
                            "@type": "ListItem",
                            "position": 1,
                            "name": "Portada",
                            "item": "https:\/\/digesco.com\/es\/"
                        },
                        {
                            "@type": "ListItem",
                            "position": 2,
                            "name": "Reformes de cuina en espais petits: Consells per optimitzar l&#8217;espai"
                        }
                    ]
                },
                {
                    "@type": "WebSite",
                    "@id": "https:\/\/digesco.com\/es\/#website",
                    "url": "https:\/\/digesco.com\/es\/",
                    "name": "Digesco | Empresa de Reformas",
                    "description": "Empresa especializada y dedicada al mundo de la construcci\u00f3n, con trabajos tanto en el \u00e1mbito p\u00fablico como privado. En digesco ofrecemos un servicio integral para la construcci\u00f3n",
                    "potentialAction": [
                        {
                            "@type": "SearchAction",
                            "target": {
                                "@type": "EntryPoint",
                                "urlTemplate": "https:\/\/digesco.com\/es\/?s={search_term_string}"
                            },
                            "query-input": {
                                "@type": "PropertyValueSpecification",
                                "valueRequired": true,
                                "valueName": "search_term_string"
                            }
                        }
                    ],
                    "inLanguage": "ca"
                },
                {
                    "@type": "Person",
                    "@id": "https:\/\/digesco.com\/es\/#\/schema\/person\/ea6fbf2c71e22aef72d5e9db0cdc34e3",
                    "name": "carlos",
                    "image": {
                        "@type": "ImageObject",
                        "inLanguage": "ca",
                        "@id": "https:\/\/digesco.com\/es\/#\/schema\/person\/image\/",
                        "url": "https:\/\/secure.gravatar.com\/avatar\/ab10b60551e807f6b37d54bb09e40bc41b08e3828d46504634ad6f35da1b46dc?s=96&d=mm&r=g",
                        "contentUrl": "https:\/\/secure.gravatar.com\/avatar\/ab10b60551e807f6b37d54bb09e40bc41b08e3828d46504634ad6f35da1b46dc?s=96&d=mm&r=g",
                        "caption": "carlos"
                    },
                    "url": "https:\/\/digesco.com\/ca\/author\/carlos\/"
                }
            ]
        }
    },
    "_links": {
        "self": [
            {
                "href": "https:\/\/digesco.com\/ca\/wp-json\/wp\/v2\/posts\/1077",
                "targetHints": {
                    "allow": [
                        "GET"
                    ]
                }
            }
        ],
        "collection": [
            {
                "href": "https:\/\/digesco.com\/ca\/wp-json\/wp\/v2\/posts"
            }
        ],
        "about": [
            {
                "href": "https:\/\/digesco.com\/ca\/wp-json\/wp\/v2\/types\/post"
            }
        ],
        "author": [
            {
                "embeddable": true,
                "href": "https:\/\/digesco.com\/ca\/wp-json\/wp\/v2\/users\/2"
            }
        ],
        "replies": [
            {
                "embeddable": true,
                "href": "https:\/\/digesco.com\/ca\/wp-json\/wp\/v2\/comments?post=1077"
            }
        ],
        "version-history": [
            {
                "count": 1,
                "href": "https:\/\/digesco.com\/ca\/wp-json\/wp\/v2\/posts\/1077\/revisions"
            }
        ],
        "predecessor-version": [
            {
                "id": 1082,
                "href": "https:\/\/digesco.com\/ca\/wp-json\/wp\/v2\/posts\/1077\/revisions\/1082"
            }
        ],
        "wp:featuredmedia": [
            {
                "embeddable": true,
                "href": "https:\/\/digesco.com\/ca\/wp-json\/wp\/v2\/media\/1078"
            }
        ],
        "wp:attachment": [
            {
                "href": "https:\/\/digesco.com\/ca\/wp-json\/wp\/v2\/media?parent=1077"
            }
        ],
        "wp:term": [
            {
                "taxonomy": "category",
                "embeddable": true,
                "href": "https:\/\/digesco.com\/ca\/wp-json\/wp\/v2\/categories?post=1077"
            },
            {
                "taxonomy": "post_tag",
                "embeddable": true,
                "href": "https:\/\/digesco.com\/ca\/wp-json\/wp\/v2\/tags?post=1077"
            }
        ],
        "curies": [
            {
                "name": "wp",
                "href": "https:\/\/api.w.org\/{rel}",
                "templated": true
            }
        ]
    }
}