{
    "id": 1059,
    "date": "2024-02-29T10:45:34",
    "date_gmt": "2024-02-29T10:45:34",
    "guid": {
        "rendered": "https:\/\/digesco.com\/?p=1059"
    },
    "modified": "2024-03-04T11:44:48",
    "modified_gmt": "2024-03-04T11:44:48",
    "slug": "por-que-tener-en-cuenta-el-feng-shui-si-vas-a-hacer-reformas-integrales",
    "status": "publish",
    "type": "post",
    "link": "https:\/\/digesco.com\/ca\/por-que-tener-en-cuenta-el-feng-shui-si-vas-a-hacer-reformas-integrales\/",
    "title": {
        "rendered": "\u00bfPor qu\u00e9 tener en cuenta el Feng-Shui si vas a hacer reformas integrales?"
    },
    "content": {
        "rendered": "<div class=\"flex-1 overflow-hidden\">\n<div class=\"react-scroll-to-bottom--css-obrxa-79elbk h-full\">\n<div class=\"react-scroll-to-bottom--css-obrxa-1n7m0yu\">\n<div class=\"flex flex-col text-sm pb-9\">\n<div class=\"w-full text-token-text-primary\" data-testid=\"conversation-turn-85\">\n<div class=\"px-4 py-2 justify-center text-base md:gap-6 m-auto\">\n<div class=\"flex flex-1 text-base mx-auto gap-3 md:px-5 lg:px-1 xl:px-5 md:max-w-3xl lg:max-w-[40rem] xl:max-w-[48rem] group final-completion\">\n<div class=\"relative flex w-full flex-col agent-turn\">\n<div class=\"flex-col gap-1 md:gap-3\">\n<div class=\"flex flex-grow flex-col max-w-full\">\n<div class=\"min-h-[20px] text-message flex flex-col items-start gap-3 whitespace-pre-wrap break-words [.text-message+&amp;]:mt-5 overflow-x-auto\" data-message-author-role=\"assistant\" data-message-id=\"6444696c-791a-48a2-9aad-5abf7b6a5c81\">\n<div class=\"markdown prose w-full break-words dark:prose-invert light\">\n<h2>Distribuci\u00f3n de los elementos; Una decisi\u00f3n importante en cualquier reforma<\/h2>\n<p style=\"text-align: justify;\">La distribuci\u00f3n de elementos en cada espacio es fundamental para conseguir una energ\u00eda m\u00e1s tranquila o m\u00e1s estresante y eso es, precisamente, de lo que habla Feng-Shui, de conseguir un equilibrio perfecto en cada espacio. Al tener en cuenta esta t\u00e9cnica en tus <a href=\"https:\/\/digesco.com\/es\/reformas-integrales-sabadell\/\"><strong>reformas integrales en Sabadell<\/strong><\/a>, podr\u00e1s marcar la diferencia en la energ\u00eda y est\u00e9tica de tu hogar.<\/p>\n<p style=\"text-align: justify;\">Comienza con una planificaci\u00f3n enfocada en tus objetivos y aspiraciones, aprovechando la intenci\u00f3n consciente del Feng Shui. Aseg\u00farate de facilitar un flujo armonioso de energ\u00eda chi en los espacios, eliminando obst\u00e1culos y maximizando la luz natural. La elecci\u00f3n cuidadosa de colores, materiales y texturas naturales crea una conexi\u00f3n con la naturaleza y promueve la calma. Busca distribuir muebles de manera equilibrada, evitando la acumulaci\u00f3n para permitir que la energ\u00eda fluya sin obstrucciones y utiliza iluminaci\u00f3n estrat\u00e9gica para una atm\u00f3sfera acogedora. Conf\u00eda en el equipo de Digesco para dejarte asesorar y conseguir un dise\u00f1o de espacios multifuncionales, equilibrando los elementos Feng Shui y, si es posible, busca la orientaci\u00f3n de un consultor experto. Al incorporar el Feng Shui en tus <strong>reformas integrales en Sabadell<\/strong>, no solo transformar\u00e1s visualmente tu hogar, sino que tambi\u00e9n crear\u00e1s un espacio lleno de energ\u00eda positiva y equilibrio.<\/p>\n<p><img fetchpriority=\"high\" decoding=\"async\" class=\"aligncenter wp-image-1063 size-full\" src=\"https:\/\/digesco.com\/wp-content\/uploads\/2024\/02\/reformas-integrales-en-Sabadell.jpg\" alt=\"espacio di\u00e1fano y con mucha iluminaci\u00f3n natural\" width=\"900\" height=\"600\" srcset=\"https:\/\/digesco.com\/wp-content\/uploads\/2024\/02\/reformas-integrales-en-Sabadell.jpg 900w, https:\/\/digesco.com\/wp-content\/uploads\/2024\/02\/reformas-integrales-en-Sabadell-300x200.jpg 300w, https:\/\/digesco.com\/wp-content\/uploads\/2024\/02\/reformas-integrales-en-Sabadell-768x512.jpg 768w, https:\/\/digesco.com\/wp-content\/uploads\/2024\/02\/reformas-integrales-en-Sabadell-18x12.jpg 18w\" sizes=\"(max-width: 900px) 100vw, 900px\" \/><\/p>\n<\/div>\n<\/div>\n<\/div>\n<\/div>\n<\/div>\n<\/div>\n<\/div>\n<\/div>\n<\/div>\n<\/div>\n<\/div>\n<\/div>\n<h2 style=\"text-align: justify;\">Dise\u00f1a tu nuevo hogar con un servicio de reformas integrales especializado<\/h2>\n<p style=\"text-align: justify;\">Uno de los principales beneficios de las <strong>reformas integrales en Sabadell<\/strong>, sin duda, es la capacidad de adaptar la vivienda a tus necesidades espec\u00edficas y estilo de vida. Al comprar una propiedad, es probable que encuentres elementos que no se ajusten completamente a tus preferencias. Las reformas integrales te ofrecen la oportunidad de personalizar cada detalle, desde la distribuci\u00f3n hasta los acabados, creando un espacio que refleje verdaderamente tu personalidad y gustos.<\/p>\n<h2 style=\"text-align: justify;\"><strong>Modernizaci\u00f3n y Eficiencia Energ\u00e9tica:<\/strong><\/h2>\n<p style=\"text-align: justify;\">Muchas propiedades m\u00e1s antiguas pueden carecer de las comodidades modernas y eficiencia energ\u00e9tica. Las <strong>reformas integrales en Sabadell<\/strong>, te permiten actualizar sistemas el\u00e9ctricos, fontaner\u00eda y utilizar tecnolog\u00edas actuales para mejorar la eficiencia energ\u00e9tica de tu hogar. Esto no solo reduce los costos a largo plazo, sino que tambi\u00e9n contribuye al bienestar ambiental.<\/p>\n<p><img decoding=\"async\" class=\"wp-image-1062 size-full aligncenter\" src=\"https:\/\/digesco.com\/wp-content\/uploads\/2024\/02\/reformas-integrales-en-Sabadell-1.jpg\" alt=\"vivienda con estilo n\u00f3rdico\" width=\"900\" height=\"600\" srcset=\"https:\/\/digesco.com\/wp-content\/uploads\/2024\/02\/reformas-integrales-en-Sabadell-1.jpg 900w, https:\/\/digesco.com\/wp-content\/uploads\/2024\/02\/reformas-integrales-en-Sabadell-1-300x200.jpg 300w, https:\/\/digesco.com\/wp-content\/uploads\/2024\/02\/reformas-integrales-en-Sabadell-1-768x512.jpg 768w, https:\/\/digesco.com\/wp-content\/uploads\/2024\/02\/reformas-integrales-en-Sabadell-1-18x12.jpg 18w\" sizes=\"(max-width: 900px) 100vw, 900px\" \/><\/p>\n<h2 style=\"text-align: justify;\">Sentirte en tu casa<\/h2>\n<p style=\"text-align: justify;\">Vivir en un espacio dise\u00f1ado por ti te ofrecer\u00e1 una sensaci\u00f3n de bienestar y confort incomparable. Las <strong>reformas integrales<\/strong> no solo mejoran la funcionalidad de tu hogar, ya que tambi\u00e9n te ayudan a sentirte en un hogar y, por tanto, aumentan tu calidad de vida y tu sensaci\u00f3n de felicidad.<\/p>\n<p><img decoding=\"async\" class=\"aligncenter wp-image-1061 size-full\" src=\"https:\/\/digesco.com\/wp-content\/uploads\/2024\/02\/reformas-integrales-en-Sabadell-2.jpg\" alt=\"dormitorio con estilo n\u00f3rdico\" width=\"900\" height=\"600\" srcset=\"https:\/\/digesco.com\/wp-content\/uploads\/2024\/02\/reformas-integrales-en-Sabadell-2.jpg 900w, https:\/\/digesco.com\/wp-content\/uploads\/2024\/02\/reformas-integrales-en-Sabadell-2-300x200.jpg 300w, https:\/\/digesco.com\/wp-content\/uploads\/2024\/02\/reformas-integrales-en-Sabadell-2-768x512.jpg 768w, https:\/\/digesco.com\/wp-content\/uploads\/2024\/02\/reformas-integrales-en-Sabadell-2-18x12.jpg 18w\" sizes=\"(max-width: 900px) 100vw, 900px\" \/><\/p>\n<h2 style=\"text-align: justify;\"><strong>Asesoramiento Profesional en Reformas Integrales en Sabadell<\/strong><\/h2>\n<p style=\"text-align: justify;\">Apostar por <strong>reformas integrales en Sabadell<\/strong> es una decisi\u00f3n inteligente para maximizar los beneficios mencionados. Contar con profesionales especializados no solo garantiza la ejecuci\u00f3n eficiente del proyecto, sino que tambi\u00e9n proporciona asesoramiento experto para optimizar el dise\u00f1o y la funcionalidad de tu nuevo hogar. Las reformas integrales son la clave para convertir una propiedad reci\u00e9n adquirida en un hogar que se alinee perfectamente con tus expectativas y necesidades y si, adem\u00e1s, quieres buscar una energ\u00eda limpia y tranquila, conseguir\u00e1s un ambiente completamente c\u00e1lido y acogedor que te har\u00e1 sentir una gran plenitud.<\/p>",
        "protected": false
    },
    "excerpt": {
        "rendered": "<p>Distribuci\u00f3n de los elementos; Una decisi\u00f3n importante en cualquier reforma La distribuci\u00f3n de elementos en cada espacio es fundamental para conseguir una energ\u00eda m\u00e1s tranquila o m\u00e1s estresante y eso es, precisamente, de lo que habla Feng-Shui, de conseguir un equilibrio perfecto en cada espacio. Al tener en cuenta esta t\u00e9cnica en tus reformas integrales&hellip;&nbsp;<a href=\"https:\/\/digesco.com\/ca\/por-que-tener-en-cuenta-el-feng-shui-si-vas-a-hacer-reformas-integrales\/\" rel=\"bookmark\"><span class=\"screen-reader-text\">\u00bfPor qu\u00e9 tener en cuenta el Feng-Shui si vas a hacer reformas integrales?<\/span><\/a><\/p>",
        "protected": false
    },
    "author": 3,
    "featured_media": 1064,
    "comment_status": "open",
    "ping_status": "open",
    "sticky": false,
    "template": "",
    "format": "standard",
    "meta": {
        "neve_meta_sidebar": "",
        "neve_meta_container": "",
        "neve_meta_enable_content_width": "off",
        "neve_meta_content_width": 70,
        "neve_meta_title_alignment": "",
        "neve_meta_author_avatar": "",
        "neve_post_elements_order": "",
        "neve_meta_disable_header": "",
        "neve_meta_disable_footer": "",
        "neve_meta_disable_title": "",
        "_joinchat": [],
        "footnotes": ""
    },
    "categories": [
        1
    ],
    "tags": [
        14
    ],
    "class_list": [
        "post-1059",
        "post",
        "type-post",
        "status-publish",
        "format-standard",
        "has-post-thumbnail",
        "hentry",
        "category-uncategorized",
        "tag-reformas-integrales-en-sabadell"
    ],
    "yoast_head": "<!-- This site is optimized with the Yoast SEO plugin v26.9 - https:\/\/yoast.com\/product\/yoast-seo-wordpress\/ -->\n<title>\u00bfPor qu\u00e9 tener en cuenta el Feng-Shui si vas a hacer reformas integrales? - Digesco | Empresa de Reformas<\/title>\n<meta name=\"description\" content=\"Considera el Feng Shui al realizar reformas integrales para lograr armon\u00eda y bienestar en tu espacio. Descubre la importancia de esta pr\u00e1ctica milenaria.\" \/>\n<meta name=\"robots\" content=\"index, follow, max-snippet:-1, max-image-preview:large, max-video-preview:-1\" \/>\n<link rel=\"canonical\" href=\"https:\/\/digesco.com\/ca\/por-que-tener-en-cuenta-el-feng-shui-si-vas-a-hacer-reformas-integrales\/\" \/>\n<meta property=\"og:locale\" content=\"ca_ES\" \/>\n<meta property=\"og:type\" content=\"article\" \/>\n<meta property=\"og:title\" content=\"\u00bfPor qu\u00e9 tener en cuenta el Feng-Shui si vas a hacer reformas integrales? - Digesco | Empresa de Reformas\" \/>\n<meta property=\"og:description\" content=\"Considera el Feng Shui al realizar reformas integrales para lograr armon\u00eda y bienestar en tu espacio. Descubre la importancia de esta pr\u00e1ctica milenaria.\" \/>\n<meta property=\"og:url\" content=\"https:\/\/digesco.com\/ca\/por-que-tener-en-cuenta-el-feng-shui-si-vas-a-hacer-reformas-integrales\/\" \/>\n<meta property=\"og:site_name\" content=\"Digesco | Empresa de Reformas\" \/>\n<meta property=\"article:published_time\" content=\"2024-02-29T10:45:34+00:00\" \/>\n<meta property=\"article:modified_time\" content=\"2024-03-04T11:44:48+00:00\" \/>\n<meta property=\"og:image\" content=\"https:\/\/digesco.com\/wp-content\/uploads\/2024\/02\/reformas-integrales-Sabadell.jpg\" \/>\n\t<meta property=\"og:image:width\" content=\"900\" \/>\n\t<meta property=\"og:image:height\" content=\"600\" \/>\n\t<meta property=\"og:image:type\" content=\"image\/jpeg\" \/>\n<meta name=\"author\" content=\"antonio\" \/>\n<meta name=\"twitter:card\" content=\"summary_large_image\" \/>\n<meta name=\"twitter:label1\" content=\"Escrit per\" \/>\n\t<meta name=\"twitter:data1\" content=\"antonio\" \/>\n\t<meta name=\"twitter:label2\" content=\"Temps estimat de lectura\" \/>\n\t<meta name=\"twitter:data2\" content=\"3 minuts\" \/>\n<script type=\"application\/ld+json\" class=\"yoast-schema-graph\">{\"@context\":\"https:\/\/schema.org\",\"@graph\":[{\"@type\":\"Article\",\"@id\":\"https:\/\/digesco.com\/por-que-tener-en-cuenta-el-feng-shui-si-vas-a-hacer-reformas-integrales\/#article\",\"isPartOf\":{\"@id\":\"https:\/\/digesco.com\/por-que-tener-en-cuenta-el-feng-shui-si-vas-a-hacer-reformas-integrales\/\"},\"author\":{\"name\":\"antonio\",\"@id\":\"https:\/\/digesco.com\/es\/#\/schema\/person\/77c24b7959ee8bf38c078c4c9cfd230a\"},\"headline\":\"\u00bfPor qu\u00e9 tener en cuenta el Feng-Shui si vas a hacer reformas integrales?\",\"datePublished\":\"2024-02-29T10:45:34+00:00\",\"dateModified\":\"2024-03-04T11:44:48+00:00\",\"mainEntityOfPage\":{\"@id\":\"https:\/\/digesco.com\/por-que-tener-en-cuenta-el-feng-shui-si-vas-a-hacer-reformas-integrales\/\"},\"wordCount\":569,\"commentCount\":0,\"image\":{\"@id\":\"https:\/\/digesco.com\/por-que-tener-en-cuenta-el-feng-shui-si-vas-a-hacer-reformas-integrales\/#primaryimage\"},\"thumbnailUrl\":\"https:\/\/digesco.com\/wp-content\/uploads\/2024\/02\/reformas-integrales-Sabadell.jpg\",\"keywords\":[\"reformas integrales en Sabadell\"],\"articleSection\":[\"Uncategorized\"],\"inLanguage\":\"ca\",\"potentialAction\":[{\"@type\":\"CommentAction\",\"name\":\"Comment\",\"target\":[\"https:\/\/digesco.com\/por-que-tener-en-cuenta-el-feng-shui-si-vas-a-hacer-reformas-integrales\/#respond\"]}]},{\"@type\":\"WebPage\",\"@id\":\"https:\/\/digesco.com\/por-que-tener-en-cuenta-el-feng-shui-si-vas-a-hacer-reformas-integrales\/\",\"url\":\"https:\/\/digesco.com\/por-que-tener-en-cuenta-el-feng-shui-si-vas-a-hacer-reformas-integrales\/\",\"name\":\"\u00bfPor qu\u00e9 tener en cuenta el Feng-Shui si vas a hacer reformas integrales? - Digesco | Empresa de Reformas\",\"isPartOf\":{\"@id\":\"https:\/\/digesco.com\/es\/#website\"},\"primaryImageOfPage\":{\"@id\":\"https:\/\/digesco.com\/por-que-tener-en-cuenta-el-feng-shui-si-vas-a-hacer-reformas-integrales\/#primaryimage\"},\"image\":{\"@id\":\"https:\/\/digesco.com\/por-que-tener-en-cuenta-el-feng-shui-si-vas-a-hacer-reformas-integrales\/#primaryimage\"},\"thumbnailUrl\":\"https:\/\/digesco.com\/wp-content\/uploads\/2024\/02\/reformas-integrales-Sabadell.jpg\",\"datePublished\":\"2024-02-29T10:45:34+00:00\",\"dateModified\":\"2024-03-04T11:44:48+00:00\",\"author\":{\"@id\":\"https:\/\/digesco.com\/es\/#\/schema\/person\/77c24b7959ee8bf38c078c4c9cfd230a\"},\"description\":\"Considera el Feng Shui al realizar reformas integrales para lograr armon\u00eda y bienestar en tu espacio. Descubre la importancia de esta pr\u00e1ctica milenaria.\",\"breadcrumb\":{\"@id\":\"https:\/\/digesco.com\/por-que-tener-en-cuenta-el-feng-shui-si-vas-a-hacer-reformas-integrales\/#breadcrumb\"},\"inLanguage\":\"ca\",\"potentialAction\":[{\"@type\":\"ReadAction\",\"target\":[\"https:\/\/digesco.com\/por-que-tener-en-cuenta-el-feng-shui-si-vas-a-hacer-reformas-integrales\/\"]}]},{\"@type\":\"ImageObject\",\"inLanguage\":\"ca\",\"@id\":\"https:\/\/digesco.com\/por-que-tener-en-cuenta-el-feng-shui-si-vas-a-hacer-reformas-integrales\/#primaryimage\",\"url\":\"https:\/\/digesco.com\/wp-content\/uploads\/2024\/02\/reformas-integrales-Sabadell.jpg\",\"contentUrl\":\"https:\/\/digesco.com\/wp-content\/uploads\/2024\/02\/reformas-integrales-Sabadell.jpg\",\"width\":900,\"height\":600,\"caption\":\"cocina reformada\"},{\"@type\":\"BreadcrumbList\",\"@id\":\"https:\/\/digesco.com\/por-que-tener-en-cuenta-el-feng-shui-si-vas-a-hacer-reformas-integrales\/#breadcrumb\",\"itemListElement\":[{\"@type\":\"ListItem\",\"position\":1,\"name\":\"Portada\",\"item\":\"https:\/\/digesco.com\/es\/\"},{\"@type\":\"ListItem\",\"position\":2,\"name\":\"\u00bfPor qu\u00e9 tener en cuenta el Feng-Shui si vas a hacer reformas integrales?\"}]},{\"@type\":\"WebSite\",\"@id\":\"https:\/\/digesco.com\/es\/#website\",\"url\":\"https:\/\/digesco.com\/es\/\",\"name\":\"Digesco | Empresa de Reformas\",\"description\":\"Empresa especializada y dedicada al mundo de la construcci\u00f3n, con trabajos tanto en el \u00e1mbito p\u00fablico como privado. En digesco ofrecemos un servicio integral para la construcci\u00f3n\",\"potentialAction\":[{\"@type\":\"SearchAction\",\"target\":{\"@type\":\"EntryPoint\",\"urlTemplate\":\"https:\/\/digesco.com\/es\/?s={search_term_string}\"},\"query-input\":{\"@type\":\"PropertyValueSpecification\",\"valueRequired\":true,\"valueName\":\"search_term_string\"}}],\"inLanguage\":\"ca\"},{\"@type\":\"Person\",\"@id\":\"https:\/\/digesco.com\/es\/#\/schema\/person\/77c24b7959ee8bf38c078c4c9cfd230a\",\"name\":\"antonio\",\"image\":{\"@type\":\"ImageObject\",\"inLanguage\":\"ca\",\"@id\":\"https:\/\/digesco.com\/es\/#\/schema\/person\/image\/\",\"url\":\"https:\/\/secure.gravatar.com\/avatar\/4a975ccc4ed7cba40825aef14a7464195a9371791d71c61abbe22f7854b4ef21?s=96&d=mm&r=g\",\"contentUrl\":\"https:\/\/secure.gravatar.com\/avatar\/4a975ccc4ed7cba40825aef14a7464195a9371791d71c61abbe22f7854b4ef21?s=96&d=mm&r=g\",\"caption\":\"antonio\"},\"url\":\"https:\/\/digesco.com\/ca\/author\/antonio\/\"}]}<\/script>\n<!-- \/ Yoast SEO plugin. -->",
    "yoast_head_json": {
        "title": "\u00bfPor qu\u00e9 tener en cuenta el Feng-Shui si vas a hacer reformas integrales? - Digesco | Empresa de Reformas",
        "description": "Considera el Feng Shui al realizar reformas integrales para lograr armon\u00eda y bienestar en tu espacio. Descubre la importancia de esta pr\u00e1ctica milenaria.",
        "robots": {
            "index": "index",
            "follow": "follow",
            "max-snippet": "max-snippet:-1",
            "max-image-preview": "max-image-preview:large",
            "max-video-preview": "max-video-preview:-1"
        },
        "canonical": "https:\/\/digesco.com\/ca\/por-que-tener-en-cuenta-el-feng-shui-si-vas-a-hacer-reformas-integrales\/",
        "og_locale": "ca_ES",
        "og_type": "article",
        "og_title": "\u00bfPor qu\u00e9 tener en cuenta el Feng-Shui si vas a hacer reformas integrales? - Digesco | Empresa de Reformas",
        "og_description": "Considera el Feng Shui al realizar reformas integrales para lograr armon\u00eda y bienestar en tu espacio. Descubre la importancia de esta pr\u00e1ctica milenaria.",
        "og_url": "https:\/\/digesco.com\/ca\/por-que-tener-en-cuenta-el-feng-shui-si-vas-a-hacer-reformas-integrales\/",
        "og_site_name": "Digesco | Empresa de Reformas",
        "article_published_time": "2024-02-29T10:45:34+00:00",
        "article_modified_time": "2024-03-04T11:44:48+00:00",
        "og_image": [
            {
                "width": 900,
                "height": 600,
                "url": "https:\/\/digesco.com\/wp-content\/uploads\/2024\/02\/reformas-integrales-Sabadell.jpg",
                "type": "image\/jpeg"
            }
        ],
        "author": "antonio",
        "twitter_card": "summary_large_image",
        "twitter_misc": {
            "Escrit per": "antonio",
            "Temps estimat de lectura": "3 minuts"
        },
        "schema": {
            "@context": "https:\/\/schema.org",
            "@graph": [
                {
                    "@type": "Article",
                    "@id": "https:\/\/digesco.com\/por-que-tener-en-cuenta-el-feng-shui-si-vas-a-hacer-reformas-integrales\/#article",
                    "isPartOf": {
                        "@id": "https:\/\/digesco.com\/por-que-tener-en-cuenta-el-feng-shui-si-vas-a-hacer-reformas-integrales\/"
                    },
                    "author": {
                        "name": "antonio",
                        "@id": "https:\/\/digesco.com\/es\/#\/schema\/person\/77c24b7959ee8bf38c078c4c9cfd230a"
                    },
                    "headline": "\u00bfPor qu\u00e9 tener en cuenta el Feng-Shui si vas a hacer reformas integrales?",
                    "datePublished": "2024-02-29T10:45:34+00:00",
                    "dateModified": "2024-03-04T11:44:48+00:00",
                    "mainEntityOfPage": {
                        "@id": "https:\/\/digesco.com\/por-que-tener-en-cuenta-el-feng-shui-si-vas-a-hacer-reformas-integrales\/"
                    },
                    "wordCount": 569,
                    "commentCount": 0,
                    "image": {
                        "@id": "https:\/\/digesco.com\/por-que-tener-en-cuenta-el-feng-shui-si-vas-a-hacer-reformas-integrales\/#primaryimage"
                    },
                    "thumbnailUrl": "https:\/\/digesco.com\/wp-content\/uploads\/2024\/02\/reformas-integrales-Sabadell.jpg",
                    "keywords": [
                        "reformas integrales en Sabadell"
                    ],
                    "articleSection": [
                        "Uncategorized"
                    ],
                    "inLanguage": "ca",
                    "potentialAction": [
                        {
                            "@type": "CommentAction",
                            "name": "Comment",
                            "target": [
                                "https:\/\/digesco.com\/por-que-tener-en-cuenta-el-feng-shui-si-vas-a-hacer-reformas-integrales\/#respond"
                            ]
                        }
                    ]
                },
                {
                    "@type": "WebPage",
                    "@id": "https:\/\/digesco.com\/por-que-tener-en-cuenta-el-feng-shui-si-vas-a-hacer-reformas-integrales\/",
                    "url": "https:\/\/digesco.com\/por-que-tener-en-cuenta-el-feng-shui-si-vas-a-hacer-reformas-integrales\/",
                    "name": "\u00bfPor qu\u00e9 tener en cuenta el Feng-Shui si vas a hacer reformas integrales? - Digesco | Empresa de Reformas",
                    "isPartOf": {
                        "@id": "https:\/\/digesco.com\/es\/#website"
                    },
                    "primaryImageOfPage": {
                        "@id": "https:\/\/digesco.com\/por-que-tener-en-cuenta-el-feng-shui-si-vas-a-hacer-reformas-integrales\/#primaryimage"
                    },
                    "image": {
                        "@id": "https:\/\/digesco.com\/por-que-tener-en-cuenta-el-feng-shui-si-vas-a-hacer-reformas-integrales\/#primaryimage"
                    },
                    "thumbnailUrl": "https:\/\/digesco.com\/wp-content\/uploads\/2024\/02\/reformas-integrales-Sabadell.jpg",
                    "datePublished": "2024-02-29T10:45:34+00:00",
                    "dateModified": "2024-03-04T11:44:48+00:00",
                    "author": {
                        "@id": "https:\/\/digesco.com\/es\/#\/schema\/person\/77c24b7959ee8bf38c078c4c9cfd230a"
                    },
                    "description": "Considera el Feng Shui al realizar reformas integrales para lograr armon\u00eda y bienestar en tu espacio. Descubre la importancia de esta pr\u00e1ctica milenaria.",
                    "breadcrumb": {
                        "@id": "https:\/\/digesco.com\/por-que-tener-en-cuenta-el-feng-shui-si-vas-a-hacer-reformas-integrales\/#breadcrumb"
                    },
                    "inLanguage": "ca",
                    "potentialAction": [
                        {
                            "@type": "ReadAction",
                            "target": [
                                "https:\/\/digesco.com\/por-que-tener-en-cuenta-el-feng-shui-si-vas-a-hacer-reformas-integrales\/"
                            ]
                        }
                    ]
                },
                {
                    "@type": "ImageObject",
                    "inLanguage": "ca",
                    "@id": "https:\/\/digesco.com\/por-que-tener-en-cuenta-el-feng-shui-si-vas-a-hacer-reformas-integrales\/#primaryimage",
                    "url": "https:\/\/digesco.com\/wp-content\/uploads\/2024\/02\/reformas-integrales-Sabadell.jpg",
                    "contentUrl": "https:\/\/digesco.com\/wp-content\/uploads\/2024\/02\/reformas-integrales-Sabadell.jpg",
                    "width": 900,
                    "height": 600,
                    "caption": "cocina reformada"
                },
                {
                    "@type": "BreadcrumbList",
                    "@id": "https:\/\/digesco.com\/por-que-tener-en-cuenta-el-feng-shui-si-vas-a-hacer-reformas-integrales\/#breadcrumb",
                    "itemListElement": [
                        {
                            "@type": "ListItem",
                            "position": 1,
                            "name": "Portada",
                            "item": "https:\/\/digesco.com\/es\/"
                        },
                        {
                            "@type": "ListItem",
                            "position": 2,
                            "name": "\u00bfPor qu\u00e9 tener en cuenta el Feng-Shui si vas a hacer reformas integrales?"
                        }
                    ]
                },
                {
                    "@type": "WebSite",
                    "@id": "https:\/\/digesco.com\/es\/#website",
                    "url": "https:\/\/digesco.com\/es\/",
                    "name": "Digesco | Empresa de Reformas",
                    "description": "Empresa especializada y dedicada al mundo de la construcci\u00f3n, con trabajos tanto en el \u00e1mbito p\u00fablico como privado. En digesco ofrecemos un servicio integral para la construcci\u00f3n",
                    "potentialAction": [
                        {
                            "@type": "SearchAction",
                            "target": {
                                "@type": "EntryPoint",
                                "urlTemplate": "https:\/\/digesco.com\/es\/?s={search_term_string}"
                            },
                            "query-input": {
                                "@type": "PropertyValueSpecification",
                                "valueRequired": true,
                                "valueName": "search_term_string"
                            }
                        }
                    ],
                    "inLanguage": "ca"
                },
                {
                    "@type": "Person",
                    "@id": "https:\/\/digesco.com\/es\/#\/schema\/person\/77c24b7959ee8bf38c078c4c9cfd230a",
                    "name": "antonio",
                    "image": {
                        "@type": "ImageObject",
                        "inLanguage": "ca",
                        "@id": "https:\/\/digesco.com\/es\/#\/schema\/person\/image\/",
                        "url": "https:\/\/secure.gravatar.com\/avatar\/4a975ccc4ed7cba40825aef14a7464195a9371791d71c61abbe22f7854b4ef21?s=96&d=mm&r=g",
                        "contentUrl": "https:\/\/secure.gravatar.com\/avatar\/4a975ccc4ed7cba40825aef14a7464195a9371791d71c61abbe22f7854b4ef21?s=96&d=mm&r=g",
                        "caption": "antonio"
                    },
                    "url": "https:\/\/digesco.com\/ca\/author\/antonio\/"
                }
            ]
        }
    },
    "_links": {
        "self": [
            {
                "href": "https:\/\/digesco.com\/ca\/wp-json\/wp\/v2\/posts\/1059",
                "targetHints": {
                    "allow": [
                        "GET"
                    ]
                }
            }
        ],
        "collection": [
            {
                "href": "https:\/\/digesco.com\/ca\/wp-json\/wp\/v2\/posts"
            }
        ],
        "about": [
            {
                "href": "https:\/\/digesco.com\/ca\/wp-json\/wp\/v2\/types\/post"
            }
        ],
        "author": [
            {
                "embeddable": true,
                "href": "https:\/\/digesco.com\/ca\/wp-json\/wp\/v2\/users\/3"
            }
        ],
        "replies": [
            {
                "embeddable": true,
                "href": "https:\/\/digesco.com\/ca\/wp-json\/wp\/v2\/comments?post=1059"
            }
        ],
        "version-history": [
            {
                "count": 2,
                "href": "https:\/\/digesco.com\/ca\/wp-json\/wp\/v2\/posts\/1059\/revisions"
            }
        ],
        "predecessor-version": [
            {
                "id": 1065,
                "href": "https:\/\/digesco.com\/ca\/wp-json\/wp\/v2\/posts\/1059\/revisions\/1065"
            }
        ],
        "wp:featuredmedia": [
            {
                "embeddable": true,
                "href": "https:\/\/digesco.com\/ca\/wp-json\/wp\/v2\/media\/1064"
            }
        ],
        "wp:attachment": [
            {
                "href": "https:\/\/digesco.com\/ca\/wp-json\/wp\/v2\/media?parent=1059"
            }
        ],
        "wp:term": [
            {
                "taxonomy": "category",
                "embeddable": true,
                "href": "https:\/\/digesco.com\/ca\/wp-json\/wp\/v2\/categories?post=1059"
            },
            {
                "taxonomy": "post_tag",
                "embeddable": true,
                "href": "https:\/\/digesco.com\/ca\/wp-json\/wp\/v2\/tags?post=1059"
            }
        ],
        "curies": [
            {
                "name": "wp",
                "href": "https:\/\/api.w.org\/{rel}",
                "templated": true
            }
        ]
    }
}