{
    "id": 1052,
    "date": "2024-02-22T13:11:45",
    "date_gmt": "2024-02-22T13:11:45",
    "guid": {
        "rendered": "https:\/\/digesco.com\/?p=1052"
    },
    "modified": "2024-02-22T13:11:45",
    "modified_gmt": "2024-02-22T13:11:45",
    "slug": "reformes-integrals-en-cuines-per-guanyar-amplada-i-funcionalitat",
    "status": "publish",
    "type": "post",
    "link": "https:\/\/digesco.com\/ca\/reformes-integrals-en-cuines-per-guanyar-amplada-i-funcionalitat\/",
    "title": {
        "rendered": "Reformes integrals en cuines per guanyar amplada i funcionalitat"
    },
    "content": {
        "rendered": "<div class=\"flex-1 overflow-hidden\">\n<div class=\"react-scroll-to-bottom--css-pzund-79elbk h-full\">\n<div class=\"react-scroll-to-bottom--css-pzund-1n7m0yu\">\n<div class=\"flex flex-col pb-9 text-sm\">\n<div class=\"w-full text-token-text-primary\" data-testid=\"conversation-turn-31\">\n<div class=\"px-4 py-2 justify-center text-base md:gap-6 m-auto\">\n<div class=\"flex flex-1 text-base mx-auto gap-3 md:px-5 lg:px-1 xl:px-5 md:max-w-3xl lg:max-w-[40rem] xl:max-w-[48rem] group final-completion\">\n<div class=\"relative flex w-full flex-col agent-turn\">\n<div class=\"flex-col gap-1 md:gap-3\">\n<div class=\"flex flex-grow flex-col max-w-full\">\n<div class=\"min-h-[20px] text-message flex flex-col items-start gap-3 whitespace-pre-wrap break-words [.text-message+&amp;]:mt-5 overflow-x-auto\" data-message-author-role=\"assistant\" data-message-id=\"59d72a7b-f77f-4a8f-a856-4e66987e3c9c\">\n<div class=\"markdown prose w-full break-words dark:prose-invert light\">\n<h2 style=\"text-align: justify;\">\u00bfCom optimitzar l&#8217;espai en les reformes de cuina?<\/h2>\n<p style=\"text-align: justify;\">En les <a href=\"https:\/\/digesco.com\/es\/reforma-cocina-sabadell\/\"><strong>reformes<\/strong> integrals de <strong>cuina<\/strong> <strong>a Sabadell<\/strong><\/a>, la distribuci\u00f3 \u00e9s clau per crear un ambient \u00e0mpli i funcional. Una disposici\u00f3 adequada d&#8217;elements com electrodom\u00e8stics, mobles i zones de treball pot transformar completament la percepci\u00f3 de l&#8217;espai. La distribuci\u00f3 adequada no nom\u00e9s maximitza l&#8217;amplitud, sin\u00f3 que tamb\u00e9 millora la funcionalitat, facilitant el flux de treball i l&#8217;accessibilitat. Centra&#8217;t en la planificaci\u00f3 intel\u00b7ligent durant les reformes integrals de cuina per aconseguir un ambient que no nom\u00e9s sigui est\u00e8ticament agradable sin\u00f3 tamb\u00e9 pr\u00e0ctic i eficient.<\/p>\n<\/div>\n<\/div>\n<\/div>\n<\/div>\n<\/div>\n<\/div>\n<\/div>\n<\/div>\n<\/div>\n<\/div>\n<\/div>\n<\/div>\n<p style=\"text-align: justify;\"><img fetchpriority=\"high\" decoding=\"async\" class=\"aligncenter wp-image-1057 size-full\" src=\"https:\/\/digesco.com\/wp-content\/uploads\/2024\/02\/reforma-cocinas-Sabadell.jpg\" alt=\"cuina estil n\u00f2rdic\" width=\"900\" height=\"600\" srcset=\"https:\/\/digesco.com\/wp-content\/uploads\/2024\/02\/reforma-cocinas-Sabadell.jpg 900w, https:\/\/digesco.com\/wp-content\/uploads\/2024\/02\/reforma-cocinas-Sabadell-300x200.jpg 300w, https:\/\/digesco.com\/wp-content\/uploads\/2024\/02\/reforma-cocinas-Sabadell-768x512.jpg 768w, https:\/\/digesco.com\/wp-content\/uploads\/2024\/02\/reforma-cocinas-Sabadell-18x12.jpg 18w\" sizes=\"(max-width: 900px) 100vw, 900px\" \/><\/p>\n<div class=\"w-full text-token-text-primary\" data-testid=\"conversation-turn-23\">\n<div class=\"px-4 py-2 justify-center text-base md:gap-6 m-auto\">\n<div class=\"flex flex-1 text-base mx-auto gap-3 md:px-5 lg:px-1 xl:px-5 md:max-w-3xl lg:max-w-[40rem] xl:max-w-[48rem] group\">\n<div class=\"relative flex w-full flex-col agent-turn\">\n<div class=\"flex-col gap-1 md:gap-3\">\n<div class=\"flex flex-grow flex-col max-w-full\">\n<div class=\"min-h-[20px] text-message flex flex-col items-start gap-3 whitespace-pre-wrap break-words [.text-message+&amp;]:mt-5 overflow-x-auto\" data-message-author-role=\"assistant\" data-message-id=\"6206dde1-67cc-47a6-8558-e56702a35f8e\">\n<div class=\"markdown prose w-full break-words dark:prose-invert light\">\n<div class=\"flex-1 overflow-hidden\" style=\"text-align: justify;\">\n<div class=\"react-scroll-to-bottom--css-pzund-79elbk h-full\">\n<div class=\"react-scroll-to-bottom--css-pzund-1n7m0yu\">\n<div class=\"flex flex-col pb-9 text-sm\">\n<div class=\"w-full text-token-text-primary\" data-testid=\"conversation-turn-33\">\n<div class=\"px-4 py-2 justify-center text-base md:gap-6 m-auto\">\n<div class=\"flex flex-1 text-base mx-auto gap-3 md:px-5 lg:px-1 xl:px-5 md:max-w-3xl lg:max-w-[40rem] xl:max-w-[48rem] group final-completion\">\n<div class=\"relative flex w-full flex-col agent-turn\">\n<div class=\"flex-col gap-1 md:gap-3\">\n<div class=\"flex flex-grow flex-col max-w-full\">\n<div class=\"min-h-[20px] text-message flex flex-col items-start gap-3 whitespace-pre-wrap break-words [.text-message+&amp;]:mt-5 overflow-x-auto\" data-message-author-role=\"assistant\" data-message-id=\"086e7f6a-a68e-4acf-b1a3-7a1e45dff459\">\n<div class=\"markdown prose w-full break-words dark:prose-invert light\">\n<h2>Disseny personalitzat: La clau de la transformaci\u00f3<\/h2>\n<p>L&#8217;ess\u00e8ncia d&#8217;una <strong>reforma <\/strong>integral de <strong>cuina a Sabadell<\/strong> resideix en la personalitzaci\u00f3. Cada fam\u00edlia, cada llar, t\u00e9 el seu propi ritme i estil de vida. Un dels factors principals a tenir en compte \u00e9s l&#8217;\u00fas que se li donar\u00e0 a l&#8217;estan\u00e7a, havent de ser funcional i eficient. Els dissenyadors, en crear solucions a mida, optimitzen l&#8217;espai, considerant la distribuci\u00f3 d&#8217;electrodom\u00e8stics, \u00e0rees de treball i emmagatzematge per crear una simfonia de practicitat. Pel que fa a l&#8217;estil, pots triar entre m\u00faltiples opcions, des de cuines cl\u00e0ssiques a cuines r\u00fastiques o minimalistes. La reforma integral permet seleccionar materials, colors i acabats que reflecteixin la identitat de la fam\u00edlia. El fet de comen\u00e7ar de zero, permet crear acabats completament personalitzats per a cada projecte.<\/p>\n<\/div>\n<\/div>\n<\/div>\n<\/div>\n<\/div>\n<\/div>\n<\/div>\n<\/div>\n<\/div>\n<\/div>\n<\/div>\n<\/div>\n<p style=\"text-align: justify;\"><img decoding=\"async\" class=\"aligncenter wp-image-1055 size-full\" src=\"https:\/\/digesco.com\/wp-content\/uploads\/2024\/02\/reforma-cocinas-Sabadell-2.jpg\" alt=\"cuina reformada\" width=\"900\" height=\"600\" srcset=\"https:\/\/digesco.com\/wp-content\/uploads\/2024\/02\/reforma-cocinas-Sabadell-2.jpg 900w, https:\/\/digesco.com\/wp-content\/uploads\/2024\/02\/reforma-cocinas-Sabadell-2-300x200.jpg 300w, https:\/\/digesco.com\/wp-content\/uploads\/2024\/02\/reforma-cocinas-Sabadell-2-768x512.jpg 768w, https:\/\/digesco.com\/wp-content\/uploads\/2024\/02\/reforma-cocinas-Sabadell-2-18x12.jpg 18w\" sizes=\"(max-width: 900px) 100vw, 900px\" \/><\/p>\n<div class=\"flex-1 overflow-hidden\" style=\"text-align: justify;\">\n<div class=\"react-scroll-to-bottom--css-pzund-79elbk h-full\">\n<div class=\"react-scroll-to-bottom--css-pzund-1n7m0yu\">\n<div class=\"flex flex-col pb-9 text-sm\">\n<div class=\"w-full text-token-text-primary\" data-testid=\"conversation-turn-35\">\n<div class=\"px-4 py-2 justify-center text-base md:gap-6 m-auto\">\n<div class=\"flex flex-1 text-base mx-auto gap-3 md:px-5 lg:px-1 xl:px-5 md:max-w-3xl lg:max-w-[40rem] xl:max-w-[48rem] group final-completion\">\n<div class=\"relative flex w-full flex-col agent-turn\">\n<div class=\"flex-col gap-1 md:gap-3\">\n<div class=\"flex flex-grow flex-col max-w-full\">\n<div class=\"min-h-[20px] text-message flex flex-col items-start gap-3 whitespace-pre-wrap break-words [.text-message+&amp;]:mt-5 overflow-x-auto\" data-message-author-role=\"assistant\" data-message-id=\"75e6cc7b-6c39-4bf7-9ca8-1aeeedd542b7\">\n<div class=\"markdown prose w-full break-words dark:prose-invert light\">\n<h3>Una cuina preparada per als reptes del futur<\/h3>\n<p>\u00c9s important considerar opcions intel\u00b7ligents pel que fa als equips de les cuines, ja que la tecnologia ja forma part de totes les \u00e0rees de la nostra vida, inclosos els nostres llars. La integraci\u00f3 d&#8217;electrodom\u00e8stics intel\u00b7ligents proporciona un toc modern i funcional, i molts d&#8217;ells s\u00f3n programables, per aconseguir una cuina adaptada a les nostres necessitats i ritme de vida. Des de neveres amb connexi\u00f3 fins a forns controlats per veu, la tecnologia es fusiona harmoniosament amb el disseny personalitzat.<\/p>\n<p>La consci\u00e8ncia ambiental \u00e9s un altre dels punts que marca tend\u00e8ncia en les reformes integrals de cuines. La elecci\u00f3 de materials sostenibles, sistemes d&#8217;il\u00b7luminaci\u00f3 eficients i electrodom\u00e8stics de baix consum energ\u00e8tic reflecteixen un comprom\u00eds amb l&#8217;eco responsabilitat sense renunciar a l&#8217;estil.<\/p>\n<\/div>\n<\/div>\n<\/div>\n<\/div>\n<\/div>\n<\/div>\n<\/div>\n<\/div>\n<\/div>\n<\/div>\n<\/div>\n<\/div>\n<p style=\"text-align: justify;\"><img decoding=\"async\" class=\"aligncenter wp-image-1056 size-full\" src=\"https:\/\/digesco.com\/wp-content\/uploads\/2024\/02\/reforma-cocinas-Sabadell-1.jpg\" alt=\"cuina reformada\" width=\"900\" height=\"600\" srcset=\"https:\/\/digesco.com\/wp-content\/uploads\/2024\/02\/reforma-cocinas-Sabadell-1.jpg 900w, https:\/\/digesco.com\/wp-content\/uploads\/2024\/02\/reforma-cocinas-Sabadell-1-300x200.jpg 300w, https:\/\/digesco.com\/wp-content\/uploads\/2024\/02\/reforma-cocinas-Sabadell-1-768x512.jpg 768w, https:\/\/digesco.com\/wp-content\/uploads\/2024\/02\/reforma-cocinas-Sabadell-1-18x12.jpg 18w\" sizes=\"(max-width: 900px) 100vw, 900px\" \/><\/p>\n<div class=\"flex-1 overflow-hidden\">\n<div class=\"react-scroll-to-bottom--css-pzund-79elbk h-full\">\n<div class=\"react-scroll-to-bottom--css-pzund-1n7m0yu\">\n<div class=\"flex flex-col pb-9 text-sm\">\n<div class=\"w-full text-token-text-primary\" data-testid=\"conversation-turn-37\">\n<div class=\"px-4 py-2 justify-center text-base md:gap-6 m-auto\">\n<div class=\"flex flex-1 text-base mx-auto gap-3 md:px-5 lg:px-1 xl:px-5 md:max-w-3xl lg:max-w-[40rem] xl:max-w-[48rem] group final-completion\">\n<div class=\"relative flex w-full flex-col agent-turn\">\n<div class=\"flex-col gap-1 md:gap-3\">\n<div class=\"flex flex-grow flex-col max-w-full\">\n<div class=\"min-h-[20px] text-message flex flex-col items-start gap-3 whitespace-pre-wrap break-words [.text-message+&amp;]:mt-5 overflow-x-auto\" data-message-author-role=\"assistant\" data-message-id=\"b413336e-d30f-4256-b579-6817fc34f4a6\">\n<div class=\"markdown prose w-full break-words dark:prose-invert light\">\n<h2 style=\"text-align: justify;\">El proc\u00e9s transformador d&#8217;una reforma integral de cuines<\/h2>\n<p style=\"text-align: justify;\">El primer pas cap a la cuina de somni comen\u00e7a amb una planificaci\u00f3 detallada i meticulosa. Des de la disposici\u00f3 dels elements fins a la elecci\u00f3 de materials, cada detall s&#8217;analitza i defineix per garantir que la visi\u00f3 es converteixi en realitat. Ser\u00e0 clau comptar amb dissenyadors especialitzats en obra nova i reformes integrals, com els que trobar\u00e0s a Digesco. El nostre equip comprendr\u00e0 a la perfecci\u00f3 les teves prefer\u00e8ncies i necessitats, tant a nivell est\u00e8tic com de funcionalitat, i es mant\u00e9 al corrent de les \u00faltimes tend\u00e8ncies, assegurant que la reforma integral sigui una experi\u00e8ncia sense contratemps. La implementaci\u00f3 del disseny \u00e9s la fase culminant. L&#8217;equip expert de Digesco s&#8217;encarregar\u00e0 de dur a terme cada detall, des de la demolici\u00f3 fins a la instal\u00b7laci\u00f3, assegurant que la transformaci\u00f3 sigui impecable i compleixi les expectatives m\u00e9s altes.<\/p>\n<\/div>\n<\/div>\n<\/div>\n<\/div>\n<\/div>\n<\/div>\n<\/div>\n<\/div>\n<\/div>\n<\/div>\n<\/div>\n<\/div>\n<\/div>\n<\/div>\n<\/div>\n<\/div>\n<\/div>\n<\/div>\n<\/div>\n<\/div>",
        "protected": false
    },
    "excerpt": {
        "rendered": "<p>\u00bfCom optimitzar l&#8217;espai en les reformes de cuina? En les reformes integrals de cuina a Sabadell, la distribuci\u00f3 \u00e9s clau per crear un ambient \u00e0mpli i funcional. Una disposici\u00f3 adequada d&#8217;elements com electrodom\u00e8stics, mobles i zones de treball pot transformar completament la percepci\u00f3 de l&#8217;espai. La distribuci\u00f3 adequada no nom\u00e9s maximitza l&#8217;amplitud, sin\u00f3 que tamb\u00e9&hellip;&nbsp;<a href=\"https:\/\/digesco.com\/ca\/reformes-integrals-en-cuines-per-guanyar-amplada-i-funcionalitat\/\" rel=\"bookmark\"><span class=\"screen-reader-text\">Reformes integrals en cuines per guanyar amplada i funcionalitat<\/span><\/a><\/p>",
        "protected": false
    },
    "author": 3,
    "featured_media": 1054,
    "comment_status": "open",
    "ping_status": "open",
    "sticky": false,
    "template": "",
    "format": "standard",
    "meta": {
        "neve_meta_sidebar": "",
        "neve_meta_container": "",
        "neve_meta_enable_content_width": "off",
        "neve_meta_content_width": 70,
        "neve_meta_title_alignment": "",
        "neve_meta_author_avatar": "",
        "neve_post_elements_order": "",
        "neve_meta_disable_header": "",
        "neve_meta_disable_footer": "",
        "neve_meta_disable_title": "",
        "_joinchat": [],
        "footnotes": ""
    },
    "categories": [
        11
    ],
    "tags": [
        13
    ],
    "class_list": [
        "post-1052",
        "post",
        "type-post",
        "status-publish",
        "format-standard",
        "has-post-thumbnail",
        "hentry",
        "category-reformas-cocina",
        "tag-reformes-cuina-sabadell"
    ],
    "yoast_head": "<!-- This site is optimized with the Yoast SEO plugin v26.9 - https:\/\/yoast.com\/product\/yoast-seo-wordpress\/ -->\n<title>Reformes integrals en cuines per guanyar amplada i funcionalitat - Digesco | Empresa de Reformas<\/title>\n<meta name=\"description\" content=\"Transforma la teva cuina amb reformes integrals, optimitzant la distribuci\u00f3 per aconseguir amplitud i funcionalitat. Dissenyos pr\u00e0ctics per a una experi\u00e8ncia culin\u00e0ria eficient.\" \/>\n<meta name=\"robots\" content=\"index, follow, max-snippet:-1, max-image-preview:large, max-video-preview:-1\" \/>\n<link rel=\"canonical\" href=\"https:\/\/digesco.com\/ca\/reformes-integrals-en-cuines-per-guanyar-amplada-i-funcionalitat\/\" \/>\n<meta property=\"og:locale\" content=\"ca_ES\" \/>\n<meta property=\"og:type\" content=\"article\" \/>\n<meta property=\"og:title\" content=\"Reformes integrals en cuines per guanyar amplada i funcionalitat - Digesco | Empresa de Reformas\" \/>\n<meta property=\"og:description\" content=\"Transforma la teva cuina amb reformes integrals, optimitzant la distribuci\u00f3 per aconseguir amplitud i funcionalitat. Dissenyos pr\u00e0ctics per a una experi\u00e8ncia culin\u00e0ria eficient.\" \/>\n<meta property=\"og:url\" content=\"https:\/\/digesco.com\/ca\/reformes-integrals-en-cuines-per-guanyar-amplada-i-funcionalitat\/\" \/>\n<meta property=\"og:site_name\" content=\"Digesco | Empresa de Reformas\" \/>\n<meta property=\"article:published_time\" content=\"2024-02-22T13:11:45+00:00\" \/>\n<meta property=\"og:image\" content=\"https:\/\/digesco.com\/wp-content\/uploads\/2024\/02\/reforma-cocinas-Sabadell-3.jpg\" \/>\n\t<meta property=\"og:image:width\" content=\"900\" \/>\n\t<meta property=\"og:image:height\" content=\"600\" \/>\n\t<meta property=\"og:image:type\" content=\"image\/jpeg\" \/>\n<meta name=\"author\" content=\"antonio\" \/>\n<meta name=\"twitter:card\" content=\"summary_large_image\" \/>\n<meta name=\"twitter:label1\" content=\"Escrit per\" \/>\n\t<meta name=\"twitter:data1\" content=\"antonio\" \/>\n\t<meta name=\"twitter:label2\" content=\"Temps estimat de lectura\" \/>\n\t<meta name=\"twitter:data2\" content=\"3 minuts\" \/>\n<script type=\"application\/ld+json\" class=\"yoast-schema-graph\">{\"@context\":\"https:\/\/schema.org\",\"@graph\":[{\"@type\":\"Article\",\"@id\":\"https:\/\/digesco.com\/reformes-integrals-en-cuines-per-guanyar-amplada-i-funcionalitat\/#article\",\"isPartOf\":{\"@id\":\"https:\/\/digesco.com\/reformes-integrals-en-cuines-per-guanyar-amplada-i-funcionalitat\/\"},\"author\":{\"name\":\"antonio\",\"@id\":\"https:\/\/digesco.com\/es\/#\/schema\/person\/77c24b7959ee8bf38c078c4c9cfd230a\"},\"headline\":\"Reformes integrals en cuines per guanyar amplada i funcionalitat\",\"datePublished\":\"2024-02-22T13:11:45+00:00\",\"mainEntityOfPage\":{\"@id\":\"https:\/\/digesco.com\/reformes-integrals-en-cuines-per-guanyar-amplada-i-funcionalitat\/\"},\"wordCount\":558,\"commentCount\":0,\"image\":{\"@id\":\"https:\/\/digesco.com\/reformes-integrals-en-cuines-per-guanyar-amplada-i-funcionalitat\/#primaryimage\"},\"thumbnailUrl\":\"https:\/\/digesco.com\/wp-content\/uploads\/2024\/02\/reforma-cocinas-Sabadell-3.jpg\",\"keywords\":[\"reformes cuina Sabadell\"],\"articleSection\":[\"reformas cocina\"],\"inLanguage\":\"ca\",\"potentialAction\":[{\"@type\":\"CommentAction\",\"name\":\"Comment\",\"target\":[\"https:\/\/digesco.com\/reformes-integrals-en-cuines-per-guanyar-amplada-i-funcionalitat\/#respond\"]}]},{\"@type\":\"WebPage\",\"@id\":\"https:\/\/digesco.com\/reformes-integrals-en-cuines-per-guanyar-amplada-i-funcionalitat\/\",\"url\":\"https:\/\/digesco.com\/reformes-integrals-en-cuines-per-guanyar-amplada-i-funcionalitat\/\",\"name\":\"Reformes integrals en cuines per guanyar amplada i funcionalitat - Digesco | Empresa de Reformas\",\"isPartOf\":{\"@id\":\"https:\/\/digesco.com\/es\/#website\"},\"primaryImageOfPage\":{\"@id\":\"https:\/\/digesco.com\/reformes-integrals-en-cuines-per-guanyar-amplada-i-funcionalitat\/#primaryimage\"},\"image\":{\"@id\":\"https:\/\/digesco.com\/reformes-integrals-en-cuines-per-guanyar-amplada-i-funcionalitat\/#primaryimage\"},\"thumbnailUrl\":\"https:\/\/digesco.com\/wp-content\/uploads\/2024\/02\/reforma-cocinas-Sabadell-3.jpg\",\"datePublished\":\"2024-02-22T13:11:45+00:00\",\"author\":{\"@id\":\"https:\/\/digesco.com\/es\/#\/schema\/person\/77c24b7959ee8bf38c078c4c9cfd230a\"},\"description\":\"Transforma la teva cuina amb reformes integrals, optimitzant la distribuci\u00f3 per aconseguir amplitud i funcionalitat. Dissenyos pr\u00e0ctics per a una experi\u00e8ncia culin\u00e0ria eficient.\",\"breadcrumb\":{\"@id\":\"https:\/\/digesco.com\/reformes-integrals-en-cuines-per-guanyar-amplada-i-funcionalitat\/#breadcrumb\"},\"inLanguage\":\"ca\",\"potentialAction\":[{\"@type\":\"ReadAction\",\"target\":[\"https:\/\/digesco.com\/reformes-integrals-en-cuines-per-guanyar-amplada-i-funcionalitat\/\"]}]},{\"@type\":\"ImageObject\",\"inLanguage\":\"ca\",\"@id\":\"https:\/\/digesco.com\/reformes-integrals-en-cuines-per-guanyar-amplada-i-funcionalitat\/#primaryimage\",\"url\":\"https:\/\/digesco.com\/wp-content\/uploads\/2024\/02\/reforma-cocinas-Sabadell-3.jpg\",\"contentUrl\":\"https:\/\/digesco.com\/wp-content\/uploads\/2024\/02\/reforma-cocinas-Sabadell-3.jpg\",\"width\":900,\"height\":600},{\"@type\":\"BreadcrumbList\",\"@id\":\"https:\/\/digesco.com\/reformes-integrals-en-cuines-per-guanyar-amplada-i-funcionalitat\/#breadcrumb\",\"itemListElement\":[{\"@type\":\"ListItem\",\"position\":1,\"name\":\"Portada\",\"item\":\"https:\/\/digesco.com\/es\/\"},{\"@type\":\"ListItem\",\"position\":2,\"name\":\"Reformes integrals en cuines per guanyar amplada i funcionalitat\"}]},{\"@type\":\"WebSite\",\"@id\":\"https:\/\/digesco.com\/es\/#website\",\"url\":\"https:\/\/digesco.com\/es\/\",\"name\":\"Digesco | Empresa de Reformas\",\"description\":\"Empresa especializada y dedicada al mundo de la construcci\u00f3n, con trabajos tanto en el \u00e1mbito p\u00fablico como privado. En digesco ofrecemos un servicio integral para la construcci\u00f3n\",\"potentialAction\":[{\"@type\":\"SearchAction\",\"target\":{\"@type\":\"EntryPoint\",\"urlTemplate\":\"https:\/\/digesco.com\/es\/?s={search_term_string}\"},\"query-input\":{\"@type\":\"PropertyValueSpecification\",\"valueRequired\":true,\"valueName\":\"search_term_string\"}}],\"inLanguage\":\"ca\"},{\"@type\":\"Person\",\"@id\":\"https:\/\/digesco.com\/es\/#\/schema\/person\/77c24b7959ee8bf38c078c4c9cfd230a\",\"name\":\"antonio\",\"image\":{\"@type\":\"ImageObject\",\"inLanguage\":\"ca\",\"@id\":\"https:\/\/digesco.com\/es\/#\/schema\/person\/image\/\",\"url\":\"https:\/\/secure.gravatar.com\/avatar\/4a975ccc4ed7cba40825aef14a7464195a9371791d71c61abbe22f7854b4ef21?s=96&d=mm&r=g\",\"contentUrl\":\"https:\/\/secure.gravatar.com\/avatar\/4a975ccc4ed7cba40825aef14a7464195a9371791d71c61abbe22f7854b4ef21?s=96&d=mm&r=g\",\"caption\":\"antonio\"},\"url\":\"https:\/\/digesco.com\/ca\/author\/antonio\/\"}]}<\/script>\n<!-- \/ Yoast SEO plugin. -->",
    "yoast_head_json": {
        "title": "Reformes integrals en cuines per guanyar amplada i funcionalitat - Digesco | Empresa de Reformas",
        "description": "Transforma la teva cuina amb reformes integrals, optimitzant la distribuci\u00f3 per aconseguir amplitud i funcionalitat. Dissenyos pr\u00e0ctics per a una experi\u00e8ncia culin\u00e0ria eficient.",
        "robots": {
            "index": "index",
            "follow": "follow",
            "max-snippet": "max-snippet:-1",
            "max-image-preview": "max-image-preview:large",
            "max-video-preview": "max-video-preview:-1"
        },
        "canonical": "https:\/\/digesco.com\/ca\/reformes-integrals-en-cuines-per-guanyar-amplada-i-funcionalitat\/",
        "og_locale": "ca_ES",
        "og_type": "article",
        "og_title": "Reformes integrals en cuines per guanyar amplada i funcionalitat - Digesco | Empresa de Reformas",
        "og_description": "Transforma la teva cuina amb reformes integrals, optimitzant la distribuci\u00f3 per aconseguir amplitud i funcionalitat. Dissenyos pr\u00e0ctics per a una experi\u00e8ncia culin\u00e0ria eficient.",
        "og_url": "https:\/\/digesco.com\/ca\/reformes-integrals-en-cuines-per-guanyar-amplada-i-funcionalitat\/",
        "og_site_name": "Digesco | Empresa de Reformas",
        "article_published_time": "2024-02-22T13:11:45+00:00",
        "og_image": [
            {
                "width": 900,
                "height": 600,
                "url": "https:\/\/digesco.com\/wp-content\/uploads\/2024\/02\/reforma-cocinas-Sabadell-3.jpg",
                "type": "image\/jpeg"
            }
        ],
        "author": "antonio",
        "twitter_card": "summary_large_image",
        "twitter_misc": {
            "Escrit per": "antonio",
            "Temps estimat de lectura": "3 minuts"
        },
        "schema": {
            "@context": "https:\/\/schema.org",
            "@graph": [
                {
                    "@type": "Article",
                    "@id": "https:\/\/digesco.com\/reformes-integrals-en-cuines-per-guanyar-amplada-i-funcionalitat\/#article",
                    "isPartOf": {
                        "@id": "https:\/\/digesco.com\/reformes-integrals-en-cuines-per-guanyar-amplada-i-funcionalitat\/"
                    },
                    "author": {
                        "name": "antonio",
                        "@id": "https:\/\/digesco.com\/es\/#\/schema\/person\/77c24b7959ee8bf38c078c4c9cfd230a"
                    },
                    "headline": "Reformes integrals en cuines per guanyar amplada i funcionalitat",
                    "datePublished": "2024-02-22T13:11:45+00:00",
                    "mainEntityOfPage": {
                        "@id": "https:\/\/digesco.com\/reformes-integrals-en-cuines-per-guanyar-amplada-i-funcionalitat\/"
                    },
                    "wordCount": 558,
                    "commentCount": 0,
                    "image": {
                        "@id": "https:\/\/digesco.com\/reformes-integrals-en-cuines-per-guanyar-amplada-i-funcionalitat\/#primaryimage"
                    },
                    "thumbnailUrl": "https:\/\/digesco.com\/wp-content\/uploads\/2024\/02\/reforma-cocinas-Sabadell-3.jpg",
                    "keywords": [
                        "reformes cuina Sabadell"
                    ],
                    "articleSection": [
                        "reformas cocina"
                    ],
                    "inLanguage": "ca",
                    "potentialAction": [
                        {
                            "@type": "CommentAction",
                            "name": "Comment",
                            "target": [
                                "https:\/\/digesco.com\/reformes-integrals-en-cuines-per-guanyar-amplada-i-funcionalitat\/#respond"
                            ]
                        }
                    ]
                },
                {
                    "@type": "WebPage",
                    "@id": "https:\/\/digesco.com\/reformes-integrals-en-cuines-per-guanyar-amplada-i-funcionalitat\/",
                    "url": "https:\/\/digesco.com\/reformes-integrals-en-cuines-per-guanyar-amplada-i-funcionalitat\/",
                    "name": "Reformes integrals en cuines per guanyar amplada i funcionalitat - Digesco | Empresa de Reformas",
                    "isPartOf": {
                        "@id": "https:\/\/digesco.com\/es\/#website"
                    },
                    "primaryImageOfPage": {
                        "@id": "https:\/\/digesco.com\/reformes-integrals-en-cuines-per-guanyar-amplada-i-funcionalitat\/#primaryimage"
                    },
                    "image": {
                        "@id": "https:\/\/digesco.com\/reformes-integrals-en-cuines-per-guanyar-amplada-i-funcionalitat\/#primaryimage"
                    },
                    "thumbnailUrl": "https:\/\/digesco.com\/wp-content\/uploads\/2024\/02\/reforma-cocinas-Sabadell-3.jpg",
                    "datePublished": "2024-02-22T13:11:45+00:00",
                    "author": {
                        "@id": "https:\/\/digesco.com\/es\/#\/schema\/person\/77c24b7959ee8bf38c078c4c9cfd230a"
                    },
                    "description": "Transforma la teva cuina amb reformes integrals, optimitzant la distribuci\u00f3 per aconseguir amplitud i funcionalitat. Dissenyos pr\u00e0ctics per a una experi\u00e8ncia culin\u00e0ria eficient.",
                    "breadcrumb": {
                        "@id": "https:\/\/digesco.com\/reformes-integrals-en-cuines-per-guanyar-amplada-i-funcionalitat\/#breadcrumb"
                    },
                    "inLanguage": "ca",
                    "potentialAction": [
                        {
                            "@type": "ReadAction",
                            "target": [
                                "https:\/\/digesco.com\/reformes-integrals-en-cuines-per-guanyar-amplada-i-funcionalitat\/"
                            ]
                        }
                    ]
                },
                {
                    "@type": "ImageObject",
                    "inLanguage": "ca",
                    "@id": "https:\/\/digesco.com\/reformes-integrals-en-cuines-per-guanyar-amplada-i-funcionalitat\/#primaryimage",
                    "url": "https:\/\/digesco.com\/wp-content\/uploads\/2024\/02\/reforma-cocinas-Sabadell-3.jpg",
                    "contentUrl": "https:\/\/digesco.com\/wp-content\/uploads\/2024\/02\/reforma-cocinas-Sabadell-3.jpg",
                    "width": 900,
                    "height": 600
                },
                {
                    "@type": "BreadcrumbList",
                    "@id": "https:\/\/digesco.com\/reformes-integrals-en-cuines-per-guanyar-amplada-i-funcionalitat\/#breadcrumb",
                    "itemListElement": [
                        {
                            "@type": "ListItem",
                            "position": 1,
                            "name": "Portada",
                            "item": "https:\/\/digesco.com\/es\/"
                        },
                        {
                            "@type": "ListItem",
                            "position": 2,
                            "name": "Reformes integrals en cuines per guanyar amplada i funcionalitat"
                        }
                    ]
                },
                {
                    "@type": "WebSite",
                    "@id": "https:\/\/digesco.com\/es\/#website",
                    "url": "https:\/\/digesco.com\/es\/",
                    "name": "Digesco | Empresa de Reformas",
                    "description": "Empresa especializada y dedicada al mundo de la construcci\u00f3n, con trabajos tanto en el \u00e1mbito p\u00fablico como privado. En digesco ofrecemos un servicio integral para la construcci\u00f3n",
                    "potentialAction": [
                        {
                            "@type": "SearchAction",
                            "target": {
                                "@type": "EntryPoint",
                                "urlTemplate": "https:\/\/digesco.com\/es\/?s={search_term_string}"
                            },
                            "query-input": {
                                "@type": "PropertyValueSpecification",
                                "valueRequired": true,
                                "valueName": "search_term_string"
                            }
                        }
                    ],
                    "inLanguage": "ca"
                },
                {
                    "@type": "Person",
                    "@id": "https:\/\/digesco.com\/es\/#\/schema\/person\/77c24b7959ee8bf38c078c4c9cfd230a",
                    "name": "antonio",
                    "image": {
                        "@type": "ImageObject",
                        "inLanguage": "ca",
                        "@id": "https:\/\/digesco.com\/es\/#\/schema\/person\/image\/",
                        "url": "https:\/\/secure.gravatar.com\/avatar\/4a975ccc4ed7cba40825aef14a7464195a9371791d71c61abbe22f7854b4ef21?s=96&d=mm&r=g",
                        "contentUrl": "https:\/\/secure.gravatar.com\/avatar\/4a975ccc4ed7cba40825aef14a7464195a9371791d71c61abbe22f7854b4ef21?s=96&d=mm&r=g",
                        "caption": "antonio"
                    },
                    "url": "https:\/\/digesco.com\/ca\/author\/antonio\/"
                }
            ]
        }
    },
    "_links": {
        "self": [
            {
                "href": "https:\/\/digesco.com\/ca\/wp-json\/wp\/v2\/posts\/1052",
                "targetHints": {
                    "allow": [
                        "GET"
                    ]
                }
            }
        ],
        "collection": [
            {
                "href": "https:\/\/digesco.com\/ca\/wp-json\/wp\/v2\/posts"
            }
        ],
        "about": [
            {
                "href": "https:\/\/digesco.com\/ca\/wp-json\/wp\/v2\/types\/post"
            }
        ],
        "author": [
            {
                "embeddable": true,
                "href": "https:\/\/digesco.com\/ca\/wp-json\/wp\/v2\/users\/3"
            }
        ],
        "replies": [
            {
                "embeddable": true,
                "href": "https:\/\/digesco.com\/ca\/wp-json\/wp\/v2\/comments?post=1052"
            }
        ],
        "version-history": [
            {
                "count": 2,
                "href": "https:\/\/digesco.com\/ca\/wp-json\/wp\/v2\/posts\/1052\/revisions"
            }
        ],
        "predecessor-version": [
            {
                "id": 1058,
                "href": "https:\/\/digesco.com\/ca\/wp-json\/wp\/v2\/posts\/1052\/revisions\/1058"
            }
        ],
        "wp:featuredmedia": [
            {
                "embeddable": true,
                "href": "https:\/\/digesco.com\/ca\/wp-json\/wp\/v2\/media\/1054"
            }
        ],
        "wp:attachment": [
            {
                "href": "https:\/\/digesco.com\/ca\/wp-json\/wp\/v2\/media?parent=1052"
            }
        ],
        "wp:term": [
            {
                "taxonomy": "category",
                "embeddable": true,
                "href": "https:\/\/digesco.com\/ca\/wp-json\/wp\/v2\/categories?post=1052"
            },
            {
                "taxonomy": "post_tag",
                "embeddable": true,
                "href": "https:\/\/digesco.com\/ca\/wp-json\/wp\/v2\/tags?post=1052"
            }
        ],
        "curies": [
            {
                "name": "wp",
                "href": "https:\/\/api.w.org\/{rel}",
                "templated": true
            }
        ]
    }
}