{
    "id": 1024,
    "date": "2024-02-08T11:53:33",
    "date_gmt": "2024-02-08T11:53:33",
    "guid": {
        "rendered": "https:\/\/digesco.com\/?p=1024"
    },
    "modified": "2024-02-21T09:58:54",
    "modified_gmt": "2024-02-21T09:58:54",
    "slug": "banys-adaptats-per-a-persones-grans-reformes-que-milloren-laccessibilitat-seguretat-funcionalitat-i-estil",
    "status": "publish",
    "type": "post",
    "link": "https:\/\/digesco.com\/ca\/banys-adaptats-per-a-persones-grans-reformes-que-milloren-laccessibilitat-seguretat-funcionalitat-i-estil\/",
    "title": {
        "rendered": "Banys adaptats per a persones grans; reformes que milloren l&#8217;accessibilitat. Seguretat, funcionalitat i estil"
    },
    "content": {
        "rendered": "<p style=\"text-align: justify;\">A mesura que avancem en la vida, la import\u00e0ncia de tenir un bany adaptat per a persones grans esdev\u00e9 essencial. A Digesco, entenem la necessitat de crear espais que no nom\u00e9s siguin funcionals, sin\u00f3 que tamb\u00e9 proporcionin comoditat i accessibilitat a aquells que busquen una major seguretat en el seu dia a dia. Quan et proposes <a href=\"https:\/\/digesco.com\/es\/reforma-banos-sabadell\/\">reformar el teu bany a Sabadell<\/a> amb Digesco, aconseguir\u00e0s un espai personalitzat que satisf\u00e0 les teves necessitats a cada etapa de la vida. A Digesco ens centrem en la funcionalitat, la seguretat i l&#8217;estil, per aconseguir un acabat excel\u00b7lent en la transformaci\u00f3 de qualsevol espai.<\/p>\n<p><img fetchpriority=\"high\" decoding=\"async\" class=\"aligncenter wp-image-1026 size-full\" src=\"https:\/\/digesco.com\/wp-content\/uploads\/2024\/02\/reformar-bano-Sabadell-1.jpg\" alt=\"bany reformat\" width=\"900\" height=\"600\" srcset=\"https:\/\/digesco.com\/wp-content\/uploads\/2024\/02\/reformar-bano-Sabadell-1.jpg 900w, https:\/\/digesco.com\/wp-content\/uploads\/2024\/02\/reformar-bano-Sabadell-1-300x200.jpg 300w, https:\/\/digesco.com\/wp-content\/uploads\/2024\/02\/reformar-bano-Sabadell-1-768x512.jpg 768w, https:\/\/digesco.com\/wp-content\/uploads\/2024\/02\/reformar-bano-Sabadell-1-18x12.jpg 18w\" sizes=\"(max-width: 900px) 100vw, 900px\" \/><\/p>\n<h2 style=\"text-align: justify;\"><strong>Plat de dutxa o banyera: adaptabilitat a prefer\u00e8ncies individuals<\/strong><\/h2>\n<p style=\"text-align: justify;\">Per aconseguir la m\u00e0xima accessibilitat en <strong>reformar un bany a Sabadell<\/strong>, es poden emprar diferents elements de disseny; barres d&#8217;ajuda estrat\u00e8gicament situades, paviments antilliscants i una distribuci\u00f3 pensada per facilitar el moviment s\u00f3n nom\u00e9s alguns dels detalls que marquen la difer\u00e8ncia. Des de plats de dutxa amb acc\u00e9s directe i sense obstacles fins a banyeres amb portes, ens assegurem que la elecci\u00f3 s&#8217;adapti a les necessitats i prefer\u00e8ncies individuals, garantint una experi\u00e8ncia de bany segura i plaent.<\/p>\n<p><img decoding=\"async\" class=\"aligncenter wp-image-1028 size-full\" src=\"https:\/\/digesco.com\/wp-content\/uploads\/2024\/02\/reformar-bano-Sabadell-3.jpg\" alt=\"banyera adaptada\" width=\"900\" height=\"600\" srcset=\"https:\/\/digesco.com\/wp-content\/uploads\/2024\/02\/reformar-bano-Sabadell-3.jpg 900w, https:\/\/digesco.com\/wp-content\/uploads\/2024\/02\/reformar-bano-Sabadell-3-300x200.jpg 300w, https:\/\/digesco.com\/wp-content\/uploads\/2024\/02\/reformar-bano-Sabadell-3-768x512.jpg 768w, https:\/\/digesco.com\/wp-content\/uploads\/2024\/02\/reformar-bano-Sabadell-3-18x12.jpg 18w\" sizes=\"(max-width: 900px) 100vw, 900px\" \/><\/p>\n<h2 style=\"text-align: justify;\">Altura ajustada i aixetes accessibles: detalls que marquen la difer\u00e8ncia<\/h2>\n<p style=\"text-align: justify;\">En la creaci\u00f3 de banys adaptats, cuidem els detalls. Ajustem l&#8217;al\u00e7ada de lavabos i inodors per facilitar-ne l&#8217;acc\u00e9s i seleccionem aixetes de f\u00e0cil maneig. Aquests petits detalls marquen una gran difer\u00e8ncia en la comoditat di\u00e0ria, permetent-ne un \u00fas sense esfor\u00e7.<\/p>\n<h3 style=\"text-align: justify;\"><strong>Espais amplis i zones de descans<\/strong><\/h3>\n<p style=\"text-align: justify;\">En reformar banys, contemplem tots aquells factors que permeten ampliar l&#8217;espai i fer-lo m\u00e9s confortable. Des de Digesco, t&#8217;assessorem perqu\u00e8 aconsegueixis un espai que s&#8217;adapti a les teves necessitats, ja sigui la renovaci\u00f3 completa del teu espai, la reconfiguraci\u00f3 de la distribuci\u00f3 o la millora est\u00e8tica, les nostres reformes de banys garanteixen resultats excepcionals.<\/p>\n<p><img decoding=\"async\" class=\"aligncenter wp-image-1029 size-full\" src=\"https:\/\/digesco.com\/wp-content\/uploads\/2024\/02\/reformar-bano-Sabadell-4.jpg\" alt=\"lavabo reformat\" width=\"900\" height=\"600\" srcset=\"https:\/\/digesco.com\/wp-content\/uploads\/2024\/02\/reformar-bano-Sabadell-4.jpg 900w, https:\/\/digesco.com\/wp-content\/uploads\/2024\/02\/reformar-bano-Sabadell-4-300x200.jpg 300w, https:\/\/digesco.com\/wp-content\/uploads\/2024\/02\/reformar-bano-Sabadell-4-768x512.jpg 768w, https:\/\/digesco.com\/wp-content\/uploads\/2024\/02\/reformar-bano-Sabadell-4-18x12.jpg 18w\" sizes=\"(max-width: 900px) 100vw, 900px\" \/><\/p>\n<h2 style=\"text-align: justify;\"><strong>Pladur; una soluci\u00f3 efica\u00e7 per a la divisi\u00f3 d&#8217;espais<\/strong><\/h2>\n<p style=\"text-align: justify;\">El pladur \u00e9s una soluci\u00f3 coneguda per la seva flexibilitat i f\u00e0cil instal\u00b7laci\u00f3, per garantir una transformaci\u00f3 sense complicacions. Aquesta elecci\u00f3 ens permet adaptar cada detall del teu bany de manera efectiva, des de la creaci\u00f3 de nous espais fins a la renovaci\u00f3 de parets existents. Gr\u00e0cies a la versatilitat del Pladur, podem adaptar i dividir el teu espai segons els teus requeriments espec\u00edfics. Ja sigui per crear noves \u00e0rees, renovar parets existents o millorar l&#8217;est\u00e8tica interior, les nostres solucions en Pladur ofereixen infinites possibilitats. El nostre equip d&#8217;experts treballa amb efici\u00e8ncia per garantir una execuci\u00f3 impecable en <strong>reformar el teu bany a Sabadell<\/strong>.<\/p>",
        "protected": false
    },
    "excerpt": {
        "rendered": "<p>A mesura que avancem en la vida, la import\u00e0ncia de tenir un bany adaptat per a persones grans esdev\u00e9 essencial. A Digesco, entenem la necessitat de crear espais que no nom\u00e9s siguin funcionals, sin\u00f3 que tamb\u00e9 proporcionin comoditat i accessibilitat a aquells que busquen una major seguretat en el seu dia a dia. Quan et&hellip;&nbsp;<a href=\"https:\/\/digesco.com\/ca\/banys-adaptats-per-a-persones-grans-reformes-que-milloren-laccessibilitat-seguretat-funcionalitat-i-estil\/\" rel=\"bookmark\"><span class=\"screen-reader-text\">Banys adaptats per a persones grans; reformes que milloren l&#8217;accessibilitat. Seguretat, funcionalitat i estil<\/span><\/a><\/p>",
        "protected": false
    },
    "author": 3,
    "featured_media": 1027,
    "comment_status": "open",
    "ping_status": "open",
    "sticky": false,
    "template": "",
    "format": "standard",
    "meta": {
        "neve_meta_sidebar": "",
        "neve_meta_container": "",
        "neve_meta_enable_content_width": "off",
        "neve_meta_content_width": 70,
        "neve_meta_title_alignment": "",
        "neve_meta_author_avatar": "",
        "neve_post_elements_order": "",
        "neve_meta_disable_header": "",
        "neve_meta_disable_footer": "",
        "neve_meta_disable_title": "",
        "_joinchat": [],
        "footnotes": ""
    },
    "categories": [
        8
    ],
    "tags": [
        10
    ],
    "class_list": [
        "post-1024",
        "post",
        "type-post",
        "status-publish",
        "format-standard",
        "has-post-thumbnail",
        "hentry",
        "category-reformas-hogar",
        "tag-reformar-banos-sabadell"
    ],
    "yoast_head": "<!-- This site is optimized with the Yoast SEO plugin v26.9 - https:\/\/yoast.com\/product\/yoast-seo-wordpress\/ -->\n<title>Banys adaptats per a persones grans; reformes que milloren l&#039;accessibilitat. Seguretat, funcionalitat i estil - Digesco | Empresa de Reformas<\/title>\n<meta name=\"description\" content=\"Experimenta la comoditat i l&#039;accessibilitat en cada detall amb els nostres banys adaptats per a persones majors. Descobreix solucions dissenyades per oferir comfort i seguretat sense comprometre l&#039;estil.\" \/>\n<meta name=\"robots\" content=\"index, follow, max-snippet:-1, max-image-preview:large, max-video-preview:-1\" \/>\n<link rel=\"canonical\" href=\"https:\/\/digesco.com\/ca\/banys-adaptats-per-a-persones-grans-reformes-que-milloren-laccessibilitat-seguretat-funcionalitat-i-estil\/\" \/>\n<meta property=\"og:locale\" content=\"ca_ES\" \/>\n<meta property=\"og:type\" content=\"article\" \/>\n<meta property=\"og:title\" content=\"Banys adaptats per a persones grans; reformes que milloren l&#039;accessibilitat. Seguretat, funcionalitat i estil - Digesco | Empresa de Reformas\" \/>\n<meta property=\"og:description\" content=\"Experimenta la comoditat i l&#039;accessibilitat en cada detall amb els nostres banys adaptats per a persones majors. Descobreix solucions dissenyades per oferir comfort i seguretat sense comprometre l&#039;estil.\" \/>\n<meta property=\"og:url\" content=\"https:\/\/digesco.com\/ca\/banys-adaptats-per-a-persones-grans-reformes-que-milloren-laccessibilitat-seguretat-funcionalitat-i-estil\/\" \/>\n<meta property=\"og:site_name\" content=\"Digesco | Empresa de Reformas\" \/>\n<meta property=\"article:published_time\" content=\"2024-02-08T11:53:33+00:00\" \/>\n<meta property=\"article:modified_time\" content=\"2024-02-21T09:58:54+00:00\" \/>\n<meta property=\"og:image\" content=\"https:\/\/digesco.com\/wp-content\/uploads\/2024\/02\/reformar-bano-Sabadell.jpg\" \/>\n\t<meta property=\"og:image:width\" content=\"900\" \/>\n\t<meta property=\"og:image:height\" content=\"600\" \/>\n\t<meta property=\"og:image:type\" content=\"image\/jpeg\" \/>\n<meta name=\"author\" content=\"antonio\" \/>\n<meta name=\"twitter:card\" content=\"summary_large_image\" \/>\n<meta name=\"twitter:label1\" content=\"Escrit per\" \/>\n\t<meta name=\"twitter:data1\" content=\"antonio\" \/>\n\t<meta name=\"twitter:label2\" content=\"Temps estimat de lectura\" \/>\n\t<meta name=\"twitter:data2\" content=\"3 minuts\" \/>\n<script type=\"application\/ld+json\" class=\"yoast-schema-graph\">{\"@context\":\"https:\/\/schema.org\",\"@graph\":[{\"@type\":\"Article\",\"@id\":\"https:\/\/digesco.com\/banys-adaptats-per-a-persones-grans-reformes-que-milloren-laccessibilitat-seguretat-funcionalitat-i-estil\/#article\",\"isPartOf\":{\"@id\":\"https:\/\/digesco.com\/banys-adaptats-per-a-persones-grans-reformes-que-milloren-laccessibilitat-seguretat-funcionalitat-i-estil\/\"},\"author\":{\"name\":\"antonio\",\"@id\":\"https:\/\/digesco.com\/es\/#\/schema\/person\/77c24b7959ee8bf38c078c4c9cfd230a\"},\"headline\":\"Banys adaptats per a persones grans; reformes que milloren l&#8217;accessibilitat. Seguretat, funcionalitat i estil\",\"datePublished\":\"2024-02-08T11:53:33+00:00\",\"dateModified\":\"2024-02-21T09:58:54+00:00\",\"mainEntityOfPage\":{\"@id\":\"https:\/\/digesco.com\/banys-adaptats-per-a-persones-grans-reformes-que-milloren-laccessibilitat-seguretat-funcionalitat-i-estil\/\"},\"wordCount\":463,\"commentCount\":0,\"image\":{\"@id\":\"https:\/\/digesco.com\/banys-adaptats-per-a-persones-grans-reformes-que-milloren-laccessibilitat-seguretat-funcionalitat-i-estil\/#primaryimage\"},\"thumbnailUrl\":\"https:\/\/digesco.com\/wp-content\/uploads\/2024\/02\/reformar-bano-Sabadell.jpg\",\"keywords\":[\"reformar ba\u00f1os Sabadell\"],\"articleSection\":[\"reformas hogar\"],\"inLanguage\":\"ca\",\"potentialAction\":[{\"@type\":\"CommentAction\",\"name\":\"Comment\",\"target\":[\"https:\/\/digesco.com\/banys-adaptats-per-a-persones-grans-reformes-que-milloren-laccessibilitat-seguretat-funcionalitat-i-estil\/#respond\"]}]},{\"@type\":\"WebPage\",\"@id\":\"https:\/\/digesco.com\/banys-adaptats-per-a-persones-grans-reformes-que-milloren-laccessibilitat-seguretat-funcionalitat-i-estil\/\",\"url\":\"https:\/\/digesco.com\/banys-adaptats-per-a-persones-grans-reformes-que-milloren-laccessibilitat-seguretat-funcionalitat-i-estil\/\",\"name\":\"Banys adaptats per a persones grans; reformes que milloren l'accessibilitat. Seguretat, funcionalitat i estil - Digesco | Empresa de Reformas\",\"isPartOf\":{\"@id\":\"https:\/\/digesco.com\/es\/#website\"},\"primaryImageOfPage\":{\"@id\":\"https:\/\/digesco.com\/banys-adaptats-per-a-persones-grans-reformes-que-milloren-laccessibilitat-seguretat-funcionalitat-i-estil\/#primaryimage\"},\"image\":{\"@id\":\"https:\/\/digesco.com\/banys-adaptats-per-a-persones-grans-reformes-que-milloren-laccessibilitat-seguretat-funcionalitat-i-estil\/#primaryimage\"},\"thumbnailUrl\":\"https:\/\/digesco.com\/wp-content\/uploads\/2024\/02\/reformar-bano-Sabadell.jpg\",\"datePublished\":\"2024-02-08T11:53:33+00:00\",\"dateModified\":\"2024-02-21T09:58:54+00:00\",\"author\":{\"@id\":\"https:\/\/digesco.com\/es\/#\/schema\/person\/77c24b7959ee8bf38c078c4c9cfd230a\"},\"description\":\"Experimenta la comoditat i l'accessibilitat en cada detall amb els nostres banys adaptats per a persones majors. Descobreix solucions dissenyades per oferir comfort i seguretat sense comprometre l'estil.\",\"breadcrumb\":{\"@id\":\"https:\/\/digesco.com\/banys-adaptats-per-a-persones-grans-reformes-que-milloren-laccessibilitat-seguretat-funcionalitat-i-estil\/#breadcrumb\"},\"inLanguage\":\"ca\",\"potentialAction\":[{\"@type\":\"ReadAction\",\"target\":[\"https:\/\/digesco.com\/banys-adaptats-per-a-persones-grans-reformes-que-milloren-laccessibilitat-seguretat-funcionalitat-i-estil\/\"]}]},{\"@type\":\"ImageObject\",\"inLanguage\":\"ca\",\"@id\":\"https:\/\/digesco.com\/banys-adaptats-per-a-persones-grans-reformes-que-milloren-laccessibilitat-seguretat-funcionalitat-i-estil\/#primaryimage\",\"url\":\"https:\/\/digesco.com\/wp-content\/uploads\/2024\/02\/reformar-bano-Sabadell.jpg\",\"contentUrl\":\"https:\/\/digesco.com\/wp-content\/uploads\/2024\/02\/reformar-bano-Sabadell.jpg\",\"width\":900,\"height\":600,\"caption\":\"bany reformat\"},{\"@type\":\"BreadcrumbList\",\"@id\":\"https:\/\/digesco.com\/banys-adaptats-per-a-persones-grans-reformes-que-milloren-laccessibilitat-seguretat-funcionalitat-i-estil\/#breadcrumb\",\"itemListElement\":[{\"@type\":\"ListItem\",\"position\":1,\"name\":\"Portada\",\"item\":\"https:\/\/digesco.com\/es\/\"},{\"@type\":\"ListItem\",\"position\":2,\"name\":\"Banys adaptats per a persones grans; reformes que milloren l&#8217;accessibilitat. Seguretat, funcionalitat i estil\"}]},{\"@type\":\"WebSite\",\"@id\":\"https:\/\/digesco.com\/es\/#website\",\"url\":\"https:\/\/digesco.com\/es\/\",\"name\":\"Digesco | Empresa de Reformas\",\"description\":\"Empresa especializada y dedicada al mundo de la construcci\u00f3n, con trabajos tanto en el \u00e1mbito p\u00fablico como privado. En digesco ofrecemos un servicio integral para la construcci\u00f3n\",\"potentialAction\":[{\"@type\":\"SearchAction\",\"target\":{\"@type\":\"EntryPoint\",\"urlTemplate\":\"https:\/\/digesco.com\/es\/?s={search_term_string}\"},\"query-input\":{\"@type\":\"PropertyValueSpecification\",\"valueRequired\":true,\"valueName\":\"search_term_string\"}}],\"inLanguage\":\"ca\"},{\"@type\":\"Person\",\"@id\":\"https:\/\/digesco.com\/es\/#\/schema\/person\/77c24b7959ee8bf38c078c4c9cfd230a\",\"name\":\"antonio\",\"image\":{\"@type\":\"ImageObject\",\"inLanguage\":\"ca\",\"@id\":\"https:\/\/digesco.com\/es\/#\/schema\/person\/image\/\",\"url\":\"https:\/\/secure.gravatar.com\/avatar\/4a975ccc4ed7cba40825aef14a7464195a9371791d71c61abbe22f7854b4ef21?s=96&d=mm&r=g\",\"contentUrl\":\"https:\/\/secure.gravatar.com\/avatar\/4a975ccc4ed7cba40825aef14a7464195a9371791d71c61abbe22f7854b4ef21?s=96&d=mm&r=g\",\"caption\":\"antonio\"},\"url\":\"https:\/\/digesco.com\/ca\/author\/antonio\/\"}]}<\/script>\n<!-- \/ Yoast SEO plugin. -->",
    "yoast_head_json": {
        "title": "Banys adaptats per a persones grans; reformes que milloren l'accessibilitat. Seguretat, funcionalitat i estil - Digesco | Empresa de Reformas",
        "description": "Experimenta la comoditat i l'accessibilitat en cada detall amb els nostres banys adaptats per a persones majors. Descobreix solucions dissenyades per oferir comfort i seguretat sense comprometre l'estil.",
        "robots": {
            "index": "index",
            "follow": "follow",
            "max-snippet": "max-snippet:-1",
            "max-image-preview": "max-image-preview:large",
            "max-video-preview": "max-video-preview:-1"
        },
        "canonical": "https:\/\/digesco.com\/ca\/banys-adaptats-per-a-persones-grans-reformes-que-milloren-laccessibilitat-seguretat-funcionalitat-i-estil\/",
        "og_locale": "ca_ES",
        "og_type": "article",
        "og_title": "Banys adaptats per a persones grans; reformes que milloren l'accessibilitat. Seguretat, funcionalitat i estil - Digesco | Empresa de Reformas",
        "og_description": "Experimenta la comoditat i l'accessibilitat en cada detall amb els nostres banys adaptats per a persones majors. Descobreix solucions dissenyades per oferir comfort i seguretat sense comprometre l'estil.",
        "og_url": "https:\/\/digesco.com\/ca\/banys-adaptats-per-a-persones-grans-reformes-que-milloren-laccessibilitat-seguretat-funcionalitat-i-estil\/",
        "og_site_name": "Digesco | Empresa de Reformas",
        "article_published_time": "2024-02-08T11:53:33+00:00",
        "article_modified_time": "2024-02-21T09:58:54+00:00",
        "og_image": [
            {
                "width": 900,
                "height": 600,
                "url": "https:\/\/digesco.com\/wp-content\/uploads\/2024\/02\/reformar-bano-Sabadell.jpg",
                "type": "image\/jpeg"
            }
        ],
        "author": "antonio",
        "twitter_card": "summary_large_image",
        "twitter_misc": {
            "Escrit per": "antonio",
            "Temps estimat de lectura": "3 minuts"
        },
        "schema": {
            "@context": "https:\/\/schema.org",
            "@graph": [
                {
                    "@type": "Article",
                    "@id": "https:\/\/digesco.com\/banys-adaptats-per-a-persones-grans-reformes-que-milloren-laccessibilitat-seguretat-funcionalitat-i-estil\/#article",
                    "isPartOf": {
                        "@id": "https:\/\/digesco.com\/banys-adaptats-per-a-persones-grans-reformes-que-milloren-laccessibilitat-seguretat-funcionalitat-i-estil\/"
                    },
                    "author": {
                        "name": "antonio",
                        "@id": "https:\/\/digesco.com\/es\/#\/schema\/person\/77c24b7959ee8bf38c078c4c9cfd230a"
                    },
                    "headline": "Banys adaptats per a persones grans; reformes que milloren l&#8217;accessibilitat. Seguretat, funcionalitat i estil",
                    "datePublished": "2024-02-08T11:53:33+00:00",
                    "dateModified": "2024-02-21T09:58:54+00:00",
                    "mainEntityOfPage": {
                        "@id": "https:\/\/digesco.com\/banys-adaptats-per-a-persones-grans-reformes-que-milloren-laccessibilitat-seguretat-funcionalitat-i-estil\/"
                    },
                    "wordCount": 463,
                    "commentCount": 0,
                    "image": {
                        "@id": "https:\/\/digesco.com\/banys-adaptats-per-a-persones-grans-reformes-que-milloren-laccessibilitat-seguretat-funcionalitat-i-estil\/#primaryimage"
                    },
                    "thumbnailUrl": "https:\/\/digesco.com\/wp-content\/uploads\/2024\/02\/reformar-bano-Sabadell.jpg",
                    "keywords": [
                        "reformar ba\u00f1os Sabadell"
                    ],
                    "articleSection": [
                        "reformas hogar"
                    ],
                    "inLanguage": "ca",
                    "potentialAction": [
                        {
                            "@type": "CommentAction",
                            "name": "Comment",
                            "target": [
                                "https:\/\/digesco.com\/banys-adaptats-per-a-persones-grans-reformes-que-milloren-laccessibilitat-seguretat-funcionalitat-i-estil\/#respond"
                            ]
                        }
                    ]
                },
                {
                    "@type": "WebPage",
                    "@id": "https:\/\/digesco.com\/banys-adaptats-per-a-persones-grans-reformes-que-milloren-laccessibilitat-seguretat-funcionalitat-i-estil\/",
                    "url": "https:\/\/digesco.com\/banys-adaptats-per-a-persones-grans-reformes-que-milloren-laccessibilitat-seguretat-funcionalitat-i-estil\/",
                    "name": "Banys adaptats per a persones grans; reformes que milloren l'accessibilitat. Seguretat, funcionalitat i estil - Digesco | Empresa de Reformas",
                    "isPartOf": {
                        "@id": "https:\/\/digesco.com\/es\/#website"
                    },
                    "primaryImageOfPage": {
                        "@id": "https:\/\/digesco.com\/banys-adaptats-per-a-persones-grans-reformes-que-milloren-laccessibilitat-seguretat-funcionalitat-i-estil\/#primaryimage"
                    },
                    "image": {
                        "@id": "https:\/\/digesco.com\/banys-adaptats-per-a-persones-grans-reformes-que-milloren-laccessibilitat-seguretat-funcionalitat-i-estil\/#primaryimage"
                    },
                    "thumbnailUrl": "https:\/\/digesco.com\/wp-content\/uploads\/2024\/02\/reformar-bano-Sabadell.jpg",
                    "datePublished": "2024-02-08T11:53:33+00:00",
                    "dateModified": "2024-02-21T09:58:54+00:00",
                    "author": {
                        "@id": "https:\/\/digesco.com\/es\/#\/schema\/person\/77c24b7959ee8bf38c078c4c9cfd230a"
                    },
                    "description": "Experimenta la comoditat i l'accessibilitat en cada detall amb els nostres banys adaptats per a persones majors. Descobreix solucions dissenyades per oferir comfort i seguretat sense comprometre l'estil.",
                    "breadcrumb": {
                        "@id": "https:\/\/digesco.com\/banys-adaptats-per-a-persones-grans-reformes-que-milloren-laccessibilitat-seguretat-funcionalitat-i-estil\/#breadcrumb"
                    },
                    "inLanguage": "ca",
                    "potentialAction": [
                        {
                            "@type": "ReadAction",
                            "target": [
                                "https:\/\/digesco.com\/banys-adaptats-per-a-persones-grans-reformes-que-milloren-laccessibilitat-seguretat-funcionalitat-i-estil\/"
                            ]
                        }
                    ]
                },
                {
                    "@type": "ImageObject",
                    "inLanguage": "ca",
                    "@id": "https:\/\/digesco.com\/banys-adaptats-per-a-persones-grans-reformes-que-milloren-laccessibilitat-seguretat-funcionalitat-i-estil\/#primaryimage",
                    "url": "https:\/\/digesco.com\/wp-content\/uploads\/2024\/02\/reformar-bano-Sabadell.jpg",
                    "contentUrl": "https:\/\/digesco.com\/wp-content\/uploads\/2024\/02\/reformar-bano-Sabadell.jpg",
                    "width": 900,
                    "height": 600,
                    "caption": "bany reformat"
                },
                {
                    "@type": "BreadcrumbList",
                    "@id": "https:\/\/digesco.com\/banys-adaptats-per-a-persones-grans-reformes-que-milloren-laccessibilitat-seguretat-funcionalitat-i-estil\/#breadcrumb",
                    "itemListElement": [
                        {
                            "@type": "ListItem",
                            "position": 1,
                            "name": "Portada",
                            "item": "https:\/\/digesco.com\/es\/"
                        },
                        {
                            "@type": "ListItem",
                            "position": 2,
                            "name": "Banys adaptats per a persones grans; reformes que milloren l&#8217;accessibilitat. Seguretat, funcionalitat i estil"
                        }
                    ]
                },
                {
                    "@type": "WebSite",
                    "@id": "https:\/\/digesco.com\/es\/#website",
                    "url": "https:\/\/digesco.com\/es\/",
                    "name": "Digesco | Empresa de Reformas",
                    "description": "Empresa especializada y dedicada al mundo de la construcci\u00f3n, con trabajos tanto en el \u00e1mbito p\u00fablico como privado. En digesco ofrecemos un servicio integral para la construcci\u00f3n",
                    "potentialAction": [
                        {
                            "@type": "SearchAction",
                            "target": {
                                "@type": "EntryPoint",
                                "urlTemplate": "https:\/\/digesco.com\/es\/?s={search_term_string}"
                            },
                            "query-input": {
                                "@type": "PropertyValueSpecification",
                                "valueRequired": true,
                                "valueName": "search_term_string"
                            }
                        }
                    ],
                    "inLanguage": "ca"
                },
                {
                    "@type": "Person",
                    "@id": "https:\/\/digesco.com\/es\/#\/schema\/person\/77c24b7959ee8bf38c078c4c9cfd230a",
                    "name": "antonio",
                    "image": {
                        "@type": "ImageObject",
                        "inLanguage": "ca",
                        "@id": "https:\/\/digesco.com\/es\/#\/schema\/person\/image\/",
                        "url": "https:\/\/secure.gravatar.com\/avatar\/4a975ccc4ed7cba40825aef14a7464195a9371791d71c61abbe22f7854b4ef21?s=96&d=mm&r=g",
                        "contentUrl": "https:\/\/secure.gravatar.com\/avatar\/4a975ccc4ed7cba40825aef14a7464195a9371791d71c61abbe22f7854b4ef21?s=96&d=mm&r=g",
                        "caption": "antonio"
                    },
                    "url": "https:\/\/digesco.com\/ca\/author\/antonio\/"
                }
            ]
        }
    },
    "_links": {
        "self": [
            {
                "href": "https:\/\/digesco.com\/ca\/wp-json\/wp\/v2\/posts\/1024",
                "targetHints": {
                    "allow": [
                        "GET"
                    ]
                }
            }
        ],
        "collection": [
            {
                "href": "https:\/\/digesco.com\/ca\/wp-json\/wp\/v2\/posts"
            }
        ],
        "about": [
            {
                "href": "https:\/\/digesco.com\/ca\/wp-json\/wp\/v2\/types\/post"
            }
        ],
        "author": [
            {
                "embeddable": true,
                "href": "https:\/\/digesco.com\/ca\/wp-json\/wp\/v2\/users\/3"
            }
        ],
        "replies": [
            {
                "embeddable": true,
                "href": "https:\/\/digesco.com\/ca\/wp-json\/wp\/v2\/comments?post=1024"
            }
        ],
        "version-history": [
            {
                "count": 7,
                "href": "https:\/\/digesco.com\/ca\/wp-json\/wp\/v2\/posts\/1024\/revisions"
            }
        ],
        "predecessor-version": [
            {
                "id": 1047,
                "href": "https:\/\/digesco.com\/ca\/wp-json\/wp\/v2\/posts\/1024\/revisions\/1047"
            }
        ],
        "wp:featuredmedia": [
            {
                "embeddable": true,
                "href": "https:\/\/digesco.com\/ca\/wp-json\/wp\/v2\/media\/1027"
            }
        ],
        "wp:attachment": [
            {
                "href": "https:\/\/digesco.com\/ca\/wp-json\/wp\/v2\/media?parent=1024"
            }
        ],
        "wp:term": [
            {
                "taxonomy": "category",
                "embeddable": true,
                "href": "https:\/\/digesco.com\/ca\/wp-json\/wp\/v2\/categories?post=1024"
            },
            {
                "taxonomy": "post_tag",
                "embeddable": true,
                "href": "https:\/\/digesco.com\/ca\/wp-json\/wp\/v2\/tags?post=1024"
            }
        ],
        "curies": [
            {
                "name": "wp",
                "href": "https:\/\/api.w.org\/{rel}",
                "templated": true
            }
        ]
    }
}