{
    "id": 1019,
    "date": "2024-02-16T11:50:04",
    "date_gmt": "2024-02-16T11:50:04",
    "guid": {
        "rendered": "https:\/\/digesco.com\/?p=1019"
    },
    "modified": "2024-02-21T10:07:25",
    "modified_gmt": "2024-02-21T10:07:25",
    "slug": "reformes-integrals-a-mida-transforma-la-teva-llar-amb-digesco",
    "status": "publish",
    "type": "post",
    "link": "https:\/\/digesco.com\/ca\/reformes-integrals-a-mida-transforma-la-teva-llar-amb-digesco\/",
    "title": {
        "rendered": "Reformes integrals a mida; transforma la teva llar amb Digesco"
    },
    "content": {
        "rendered": "<h2 style=\"text-align: justify;\"><strong>Disfruta d&#8217;un espai a mida<\/strong><\/h2>\n<p style=\"text-align: justify;\">Sempre pot ser un bon moment per fer una <a href=\"https:\/\/digesco.com\/es\/reformas-integrales-a-medida-transforma-tu-hogar-con-digesco\/\"><strong>reforma integral al teu habitatge a Sabadell<\/strong><\/a>, per\u00f2 de vegades, m\u00e9s un desig es converteix en una necessitat urgent. Quan adquireixes una nova propietat que no est\u00e0 en bon estat o no s&#8217;adapta als teus gustos i necessitats, per exemple, les reformes integrals de la teva llar et permeten personalitzar cada espai fins a convertir-lo en la casa dels teus somnis.<\/p>\n<p style=\"text-align: justify;\">Un altre dels motius m\u00e9s comuns per fer una reforma integral pot ser l&#8217;arribada d&#8217;un nou membre de la fam\u00edlia, ja que necessitar\u00e0s una major ampliaci\u00f3 d&#8217;espais o adaptar \u00e0rees comunes. Sigui quin sigui el motiu, des de Digesco t&#8217;ajudem a dur a terme la <strong>reforma del teu habitatge a Sabadell<\/strong> de forma integral, des de l&#8217;inici fins al final.<\/p>\n<p><img fetchpriority=\"high\" decoding=\"async\" class=\"aligncenter wp-image-1022 size-full\" src=\"https:\/\/digesco.com\/wp-content\/uploads\/2024\/02\/reformas-hogar-Sabadell-1.jpg\" alt=\"dues persones mirant pl\u00e0nols\" width=\"900\" height=\"600\" srcset=\"https:\/\/digesco.com\/wp-content\/uploads\/2024\/02\/reformas-hogar-Sabadell-1.jpg 900w, https:\/\/digesco.com\/wp-content\/uploads\/2024\/02\/reformas-hogar-Sabadell-1-300x200.jpg 300w, https:\/\/digesco.com\/wp-content\/uploads\/2024\/02\/reformas-hogar-Sabadell-1-768x512.jpg 768w, https:\/\/digesco.com\/wp-content\/uploads\/2024\/02\/reformas-hogar-Sabadell-1-18x12.jpg 18w\" sizes=\"(max-width: 900px) 100vw, 900px\" \/><\/p>\n<h3 style=\"text-align: justify;\">Solucions completes i personalitzades per al teu habitatge a Sabadell<\/h3>\n<p style=\"text-align: justify;\">Ens encarreguem de tots els aspectes del teu projecte, des de la planificaci\u00f3 inicial fins a la selecci\u00f3 de materials d&#8217;alta qualitat, garantint resultats duradors i satisfactoris. Per aconseguir els millors resultats combinem disseny i funcionalitat, perqu\u00e8 cada espai sigui visualment atractiu i altament pr\u00e0ctic. Cada detall es cuida amb atenci\u00f3 meticulosa, adaptant cada projecte a les teves necessitats i gustos espec\u00edfics. A Digesco, creem espais \u00fanics i a mida que reflecteixen el teu estil de vida.<\/p>\n<p><img decoding=\"async\" class=\"aligncenter wp-image-1020 size-full\" src=\"https:\/\/digesco.com\/wp-content\/uploads\/2024\/02\/reformas-hogar-Sabadell.jpg\" alt=\"pl\u00e0nols habitatge\" width=\"900\" height=\"600\" srcset=\"https:\/\/digesco.com\/wp-content\/uploads\/2024\/02\/reformas-hogar-Sabadell.jpg 900w, https:\/\/digesco.com\/wp-content\/uploads\/2024\/02\/reformas-hogar-Sabadell-300x200.jpg 300w, https:\/\/digesco.com\/wp-content\/uploads\/2024\/02\/reformas-hogar-Sabadell-768x512.jpg 768w, https:\/\/digesco.com\/wp-content\/uploads\/2024\/02\/reformas-hogar-Sabadell-18x12.jpg 18w\" sizes=\"(max-width: 900px) 100vw, 900px\" \/><\/p>\n<h2 style=\"text-align: justify;\">Reformes integrals per augmentar el valor del teu habitatge<\/h2>\n<p style=\"text-align: justify;\">La <strong>reforma integral del teu habitatge a Sabadell<\/strong> suposa una transformaci\u00f3 que no nom\u00e9s impulsa la funcionalitat i el disseny, sin\u00f3 que tamb\u00e9 impacta significativament en la qualitat de vida i el valor de la propietat. De fet, permeten modernitzar tecnol\u00f2gicament l&#8217;habitatge, incorporant sistemes intel\u00b7ligents per millorar l&#8217;efici\u00e8ncia energ\u00e8tica i la comoditat. Les millores en l&#8217;est\u00e8tica i la funcionalitat resulten atractives per a possibles compradors o llogaters, convertint la inversi\u00f3 en una decisi\u00f3 estrat\u00e8gica. Les <strong>reformes integrals<\/strong> poden reconfigurar la distribuci\u00f3 per crear ambients m\u00e9s amplis i vers\u00e0tils, millorant la utilitat de cada rac\u00f3 de la llar. Ambients m\u00e9s lluminosos, organitzats i est\u00e8ticament agradables contribueixen al benestar general, creant un entorn m\u00e9s agradable i funcional.<\/p>\n<p><img decoding=\"async\" class=\"aligncenter wp-image-1025 size-full\" src=\"https:\/\/digesco.com\/wp-content\/uploads\/2024\/02\/reformar-bano-Sabadell-2.jpg\" alt=\"bany\" width=\"900\" height=\"600\" srcset=\"https:\/\/digesco.com\/wp-content\/uploads\/2024\/02\/reformar-bano-Sabadell-2.jpg 900w, https:\/\/digesco.com\/wp-content\/uploads\/2024\/02\/reformar-bano-Sabadell-2-300x200.jpg 300w, https:\/\/digesco.com\/wp-content\/uploads\/2024\/02\/reformar-bano-Sabadell-2-768x512.jpg 768w, https:\/\/digesco.com\/wp-content\/uploads\/2024\/02\/reformar-bano-Sabadell-2-18x12.jpg 18w\" sizes=\"(max-width: 900px) 100vw, 900px\" \/><\/p>\n<h3 style=\"text-align: justify;\">Experts en reformes integrals d&#8217;obra nova<\/h3>\n<p style=\"text-align: justify;\">A Digesco, entenem que una nova construcci\u00f3 no \u00e9s nom\u00e9s un projecte, sin\u00f3 la creaci\u00f3 d&#8217;un llegat durador. Cada fase del projecte es planifica meticulosament i s&#8217;executa amb precisi\u00f3, garantint no nom\u00e9s funcionalitat i seguretat, sin\u00f3 tamb\u00e9 una expressi\u00f3 tangible d&#8217;innovaci\u00f3 i est\u00e8tica. Descobreix com transformem idees en realitats, fusionant professionalisme i passi\u00f3 en cada estructura que creem.<\/p>",
        "protected": false
    },
    "excerpt": {
        "rendered": "<p>Disfruta d&#8217;un espai a mida Sempre pot ser un bon moment per fer una reforma integral al teu habitatge a Sabadell, per\u00f2 de vegades, m\u00e9s un desig es converteix en una necessitat urgent. Quan adquireixes una nova propietat que no est\u00e0 en bon estat o no s&#8217;adapta als teus gustos i necessitats, per exemple, les&hellip;&nbsp;<a href=\"https:\/\/digesco.com\/ca\/reformes-integrals-a-mida-transforma-la-teva-llar-amb-digesco\/\" rel=\"bookmark\"><span class=\"screen-reader-text\">Reformes integrals a mida; transforma la teva llar amb Digesco<\/span><\/a><\/p>",
        "protected": false
    },
    "author": 3,
    "featured_media": 1021,
    "comment_status": "open",
    "ping_status": "open",
    "sticky": false,
    "template": "",
    "format": "standard",
    "meta": {
        "neve_meta_sidebar": "",
        "neve_meta_container": "",
        "neve_meta_enable_content_width": "off",
        "neve_meta_content_width": 70,
        "neve_meta_title_alignment": "",
        "neve_meta_author_avatar": "",
        "neve_post_elements_order": "",
        "neve_meta_disable_header": "",
        "neve_meta_disable_footer": "",
        "neve_meta_disable_title": "",
        "_joinchat": [],
        "footnotes": ""
    },
    "categories": [
        8
    ],
    "tags": [
        9
    ],
    "class_list": [
        "post-1019",
        "post",
        "type-post",
        "status-publish",
        "format-standard",
        "has-post-thumbnail",
        "hentry",
        "category-reformas-hogar",
        "tag-reforma-hogar-sabadell"
    ],
    "yoast_head": "<!-- This site is optimized with the Yoast SEO plugin v26.9 - https:\/\/yoast.com\/product\/yoast-seo-wordpress\/ -->\n<title>Reformes integrals a mida; transforma la teva llar amb Digesco - Digesco | Empresa de Reformas<\/title>\n<meta name=\"description\" content=\"Transforma la teva llar amb reformes integrals a mida de Digesco. Disseny personalitzat, efici\u00e8ncia energ\u00e8tica i solucions a mida. Descobreix com podem renovar el teu espai per satisfer les teves necessitats i estil.\" \/>\n<meta name=\"robots\" content=\"index, follow, max-snippet:-1, max-image-preview:large, max-video-preview:-1\" \/>\n<link rel=\"canonical\" href=\"https:\/\/digesco.com\/ca\/reformes-integrals-a-mida-transforma-la-teva-llar-amb-digesco\/\" \/>\n<meta property=\"og:locale\" content=\"ca_ES\" \/>\n<meta property=\"og:type\" content=\"article\" \/>\n<meta property=\"og:title\" content=\"Reformes integrals a mida; transforma la teva llar amb Digesco - Digesco | Empresa de Reformas\" \/>\n<meta property=\"og:description\" content=\"Transforma la teva llar amb reformes integrals a mida de Digesco. Disseny personalitzat, efici\u00e8ncia energ\u00e8tica i solucions a mida. Descobreix com podem renovar el teu espai per satisfer les teves necessitats i estil.\" \/>\n<meta property=\"og:url\" content=\"https:\/\/digesco.com\/ca\/reformes-integrals-a-mida-transforma-la-teva-llar-amb-digesco\/\" \/>\n<meta property=\"og:site_name\" content=\"Digesco | Empresa de Reformas\" \/>\n<meta property=\"article:published_time\" content=\"2024-02-16T11:50:04+00:00\" \/>\n<meta property=\"article:modified_time\" content=\"2024-02-21T10:07:25+00:00\" \/>\n<meta property=\"og:image\" content=\"https:\/\/digesco.com\/wp-content\/uploads\/2024\/02\/reforma-hogar-Sabadell.jpg\" \/>\n\t<meta property=\"og:image:width\" content=\"900\" \/>\n\t<meta property=\"og:image:height\" content=\"600\" \/>\n\t<meta property=\"og:image:type\" content=\"image\/jpeg\" \/>\n<meta name=\"author\" content=\"antonio\" \/>\n<meta name=\"twitter:card\" content=\"summary_large_image\" \/>\n<meta name=\"twitter:label1\" content=\"Escrit per\" \/>\n\t<meta name=\"twitter:data1\" content=\"antonio\" \/>\n\t<meta name=\"twitter:label2\" content=\"Temps estimat de lectura\" \/>\n\t<meta name=\"twitter:data2\" content=\"3 minuts\" \/>\n<script type=\"application\/ld+json\" class=\"yoast-schema-graph\">{\"@context\":\"https:\/\/schema.org\",\"@graph\":[{\"@type\":\"Article\",\"@id\":\"https:\/\/digesco.com\/reformes-integrals-a-mida-transforma-la-teva-llar-amb-digesco\/#article\",\"isPartOf\":{\"@id\":\"https:\/\/digesco.com\/reformes-integrals-a-mida-transforma-la-teva-llar-amb-digesco\/\"},\"author\":{\"name\":\"antonio\",\"@id\":\"https:\/\/digesco.com\/es\/#\/schema\/person\/77c24b7959ee8bf38c078c4c9cfd230a\"},\"headline\":\"Reformes integrals a mida; transforma la teva llar amb Digesco\",\"datePublished\":\"2024-02-16T11:50:04+00:00\",\"dateModified\":\"2024-02-21T10:07:25+00:00\",\"mainEntityOfPage\":{\"@id\":\"https:\/\/digesco.com\/reformes-integrals-a-mida-transforma-la-teva-llar-amb-digesco\/\"},\"wordCount\":456,\"commentCount\":0,\"image\":{\"@id\":\"https:\/\/digesco.com\/reformes-integrals-a-mida-transforma-la-teva-llar-amb-digesco\/#primaryimage\"},\"thumbnailUrl\":\"https:\/\/digesco.com\/wp-content\/uploads\/2024\/02\/reforma-hogar-Sabadell.jpg\",\"keywords\":[\"reforma hogar Sabadell\"],\"articleSection\":[\"reformas hogar\"],\"inLanguage\":\"ca\",\"potentialAction\":[{\"@type\":\"CommentAction\",\"name\":\"Comment\",\"target\":[\"https:\/\/digesco.com\/reformes-integrals-a-mida-transforma-la-teva-llar-amb-digesco\/#respond\"]}]},{\"@type\":\"WebPage\",\"@id\":\"https:\/\/digesco.com\/reformes-integrals-a-mida-transforma-la-teva-llar-amb-digesco\/\",\"url\":\"https:\/\/digesco.com\/reformes-integrals-a-mida-transforma-la-teva-llar-amb-digesco\/\",\"name\":\"Reformes integrals a mida; transforma la teva llar amb Digesco - Digesco | Empresa de Reformas\",\"isPartOf\":{\"@id\":\"https:\/\/digesco.com\/es\/#website\"},\"primaryImageOfPage\":{\"@id\":\"https:\/\/digesco.com\/reformes-integrals-a-mida-transforma-la-teva-llar-amb-digesco\/#primaryimage\"},\"image\":{\"@id\":\"https:\/\/digesco.com\/reformes-integrals-a-mida-transforma-la-teva-llar-amb-digesco\/#primaryimage\"},\"thumbnailUrl\":\"https:\/\/digesco.com\/wp-content\/uploads\/2024\/02\/reforma-hogar-Sabadell.jpg\",\"datePublished\":\"2024-02-16T11:50:04+00:00\",\"dateModified\":\"2024-02-21T10:07:25+00:00\",\"author\":{\"@id\":\"https:\/\/digesco.com\/es\/#\/schema\/person\/77c24b7959ee8bf38c078c4c9cfd230a\"},\"description\":\"Transforma la teva llar amb reformes integrals a mida de Digesco. Disseny personalitzat, efici\u00e8ncia energ\u00e8tica i solucions a mida. Descobreix com podem renovar el teu espai per satisfer les teves necessitats i estil.\",\"breadcrumb\":{\"@id\":\"https:\/\/digesco.com\/reformes-integrals-a-mida-transforma-la-teva-llar-amb-digesco\/#breadcrumb\"},\"inLanguage\":\"ca\",\"potentialAction\":[{\"@type\":\"ReadAction\",\"target\":[\"https:\/\/digesco.com\/reformes-integrals-a-mida-transforma-la-teva-llar-amb-digesco\/\"]}]},{\"@type\":\"ImageObject\",\"inLanguage\":\"ca\",\"@id\":\"https:\/\/digesco.com\/reformes-integrals-a-mida-transforma-la-teva-llar-amb-digesco\/#primaryimage\",\"url\":\"https:\/\/digesco.com\/wp-content\/uploads\/2024\/02\/reforma-hogar-Sabadell.jpg\",\"contentUrl\":\"https:\/\/digesco.com\/wp-content\/uploads\/2024\/02\/reforma-hogar-Sabadell.jpg\",\"width\":900,\"height\":600,\"caption\":\"espacio reformado\"},{\"@type\":\"BreadcrumbList\",\"@id\":\"https:\/\/digesco.com\/reformes-integrals-a-mida-transforma-la-teva-llar-amb-digesco\/#breadcrumb\",\"itemListElement\":[{\"@type\":\"ListItem\",\"position\":1,\"name\":\"Portada\",\"item\":\"https:\/\/digesco.com\/es\/\"},{\"@type\":\"ListItem\",\"position\":2,\"name\":\"Reformes integrals a mida; transforma la teva llar amb Digesco\"}]},{\"@type\":\"WebSite\",\"@id\":\"https:\/\/digesco.com\/es\/#website\",\"url\":\"https:\/\/digesco.com\/es\/\",\"name\":\"Digesco | Empresa de Reformas\",\"description\":\"Empresa especializada y dedicada al mundo de la construcci\u00f3n, con trabajos tanto en el \u00e1mbito p\u00fablico como privado. En digesco ofrecemos un servicio integral para la construcci\u00f3n\",\"potentialAction\":[{\"@type\":\"SearchAction\",\"target\":{\"@type\":\"EntryPoint\",\"urlTemplate\":\"https:\/\/digesco.com\/es\/?s={search_term_string}\"},\"query-input\":{\"@type\":\"PropertyValueSpecification\",\"valueRequired\":true,\"valueName\":\"search_term_string\"}}],\"inLanguage\":\"ca\"},{\"@type\":\"Person\",\"@id\":\"https:\/\/digesco.com\/es\/#\/schema\/person\/77c24b7959ee8bf38c078c4c9cfd230a\",\"name\":\"antonio\",\"image\":{\"@type\":\"ImageObject\",\"inLanguage\":\"ca\",\"@id\":\"https:\/\/digesco.com\/es\/#\/schema\/person\/image\/\",\"url\":\"https:\/\/secure.gravatar.com\/avatar\/4a975ccc4ed7cba40825aef14a7464195a9371791d71c61abbe22f7854b4ef21?s=96&d=mm&r=g\",\"contentUrl\":\"https:\/\/secure.gravatar.com\/avatar\/4a975ccc4ed7cba40825aef14a7464195a9371791d71c61abbe22f7854b4ef21?s=96&d=mm&r=g\",\"caption\":\"antonio\"},\"url\":\"https:\/\/digesco.com\/ca\/author\/antonio\/\"}]}<\/script>\n<!-- \/ Yoast SEO plugin. -->",
    "yoast_head_json": {
        "title": "Reformes integrals a mida; transforma la teva llar amb Digesco - Digesco | Empresa de Reformas",
        "description": "Transforma la teva llar amb reformes integrals a mida de Digesco. Disseny personalitzat, efici\u00e8ncia energ\u00e8tica i solucions a mida. Descobreix com podem renovar el teu espai per satisfer les teves necessitats i estil.",
        "robots": {
            "index": "index",
            "follow": "follow",
            "max-snippet": "max-snippet:-1",
            "max-image-preview": "max-image-preview:large",
            "max-video-preview": "max-video-preview:-1"
        },
        "canonical": "https:\/\/digesco.com\/ca\/reformes-integrals-a-mida-transforma-la-teva-llar-amb-digesco\/",
        "og_locale": "ca_ES",
        "og_type": "article",
        "og_title": "Reformes integrals a mida; transforma la teva llar amb Digesco - Digesco | Empresa de Reformas",
        "og_description": "Transforma la teva llar amb reformes integrals a mida de Digesco. Disseny personalitzat, efici\u00e8ncia energ\u00e8tica i solucions a mida. Descobreix com podem renovar el teu espai per satisfer les teves necessitats i estil.",
        "og_url": "https:\/\/digesco.com\/ca\/reformes-integrals-a-mida-transforma-la-teva-llar-amb-digesco\/",
        "og_site_name": "Digesco | Empresa de Reformas",
        "article_published_time": "2024-02-16T11:50:04+00:00",
        "article_modified_time": "2024-02-21T10:07:25+00:00",
        "og_image": [
            {
                "width": 900,
                "height": 600,
                "url": "https:\/\/digesco.com\/wp-content\/uploads\/2024\/02\/reforma-hogar-Sabadell.jpg",
                "type": "image\/jpeg"
            }
        ],
        "author": "antonio",
        "twitter_card": "summary_large_image",
        "twitter_misc": {
            "Escrit per": "antonio",
            "Temps estimat de lectura": "3 minuts"
        },
        "schema": {
            "@context": "https:\/\/schema.org",
            "@graph": [
                {
                    "@type": "Article",
                    "@id": "https:\/\/digesco.com\/reformes-integrals-a-mida-transforma-la-teva-llar-amb-digesco\/#article",
                    "isPartOf": {
                        "@id": "https:\/\/digesco.com\/reformes-integrals-a-mida-transforma-la-teva-llar-amb-digesco\/"
                    },
                    "author": {
                        "name": "antonio",
                        "@id": "https:\/\/digesco.com\/es\/#\/schema\/person\/77c24b7959ee8bf38c078c4c9cfd230a"
                    },
                    "headline": "Reformes integrals a mida; transforma la teva llar amb Digesco",
                    "datePublished": "2024-02-16T11:50:04+00:00",
                    "dateModified": "2024-02-21T10:07:25+00:00",
                    "mainEntityOfPage": {
                        "@id": "https:\/\/digesco.com\/reformes-integrals-a-mida-transforma-la-teva-llar-amb-digesco\/"
                    },
                    "wordCount": 456,
                    "commentCount": 0,
                    "image": {
                        "@id": "https:\/\/digesco.com\/reformes-integrals-a-mida-transforma-la-teva-llar-amb-digesco\/#primaryimage"
                    },
                    "thumbnailUrl": "https:\/\/digesco.com\/wp-content\/uploads\/2024\/02\/reforma-hogar-Sabadell.jpg",
                    "keywords": [
                        "reforma hogar Sabadell"
                    ],
                    "articleSection": [
                        "reformas hogar"
                    ],
                    "inLanguage": "ca",
                    "potentialAction": [
                        {
                            "@type": "CommentAction",
                            "name": "Comment",
                            "target": [
                                "https:\/\/digesco.com\/reformes-integrals-a-mida-transforma-la-teva-llar-amb-digesco\/#respond"
                            ]
                        }
                    ]
                },
                {
                    "@type": "WebPage",
                    "@id": "https:\/\/digesco.com\/reformes-integrals-a-mida-transforma-la-teva-llar-amb-digesco\/",
                    "url": "https:\/\/digesco.com\/reformes-integrals-a-mida-transforma-la-teva-llar-amb-digesco\/",
                    "name": "Reformes integrals a mida; transforma la teva llar amb Digesco - Digesco | Empresa de Reformas",
                    "isPartOf": {
                        "@id": "https:\/\/digesco.com\/es\/#website"
                    },
                    "primaryImageOfPage": {
                        "@id": "https:\/\/digesco.com\/reformes-integrals-a-mida-transforma-la-teva-llar-amb-digesco\/#primaryimage"
                    },
                    "image": {
                        "@id": "https:\/\/digesco.com\/reformes-integrals-a-mida-transforma-la-teva-llar-amb-digesco\/#primaryimage"
                    },
                    "thumbnailUrl": "https:\/\/digesco.com\/wp-content\/uploads\/2024\/02\/reforma-hogar-Sabadell.jpg",
                    "datePublished": "2024-02-16T11:50:04+00:00",
                    "dateModified": "2024-02-21T10:07:25+00:00",
                    "author": {
                        "@id": "https:\/\/digesco.com\/es\/#\/schema\/person\/77c24b7959ee8bf38c078c4c9cfd230a"
                    },
                    "description": "Transforma la teva llar amb reformes integrals a mida de Digesco. Disseny personalitzat, efici\u00e8ncia energ\u00e8tica i solucions a mida. Descobreix com podem renovar el teu espai per satisfer les teves necessitats i estil.",
                    "breadcrumb": {
                        "@id": "https:\/\/digesco.com\/reformes-integrals-a-mida-transforma-la-teva-llar-amb-digesco\/#breadcrumb"
                    },
                    "inLanguage": "ca",
                    "potentialAction": [
                        {
                            "@type": "ReadAction",
                            "target": [
                                "https:\/\/digesco.com\/reformes-integrals-a-mida-transforma-la-teva-llar-amb-digesco\/"
                            ]
                        }
                    ]
                },
                {
                    "@type": "ImageObject",
                    "inLanguage": "ca",
                    "@id": "https:\/\/digesco.com\/reformes-integrals-a-mida-transforma-la-teva-llar-amb-digesco\/#primaryimage",
                    "url": "https:\/\/digesco.com\/wp-content\/uploads\/2024\/02\/reforma-hogar-Sabadell.jpg",
                    "contentUrl": "https:\/\/digesco.com\/wp-content\/uploads\/2024\/02\/reforma-hogar-Sabadell.jpg",
                    "width": 900,
                    "height": 600,
                    "caption": "espacio reformado"
                },
                {
                    "@type": "BreadcrumbList",
                    "@id": "https:\/\/digesco.com\/reformes-integrals-a-mida-transforma-la-teva-llar-amb-digesco\/#breadcrumb",
                    "itemListElement": [
                        {
                            "@type": "ListItem",
                            "position": 1,
                            "name": "Portada",
                            "item": "https:\/\/digesco.com\/es\/"
                        },
                        {
                            "@type": "ListItem",
                            "position": 2,
                            "name": "Reformes integrals a mida; transforma la teva llar amb Digesco"
                        }
                    ]
                },
                {
                    "@type": "WebSite",
                    "@id": "https:\/\/digesco.com\/es\/#website",
                    "url": "https:\/\/digesco.com\/es\/",
                    "name": "Digesco | Empresa de Reformas",
                    "description": "Empresa especializada y dedicada al mundo de la construcci\u00f3n, con trabajos tanto en el \u00e1mbito p\u00fablico como privado. En digesco ofrecemos un servicio integral para la construcci\u00f3n",
                    "potentialAction": [
                        {
                            "@type": "SearchAction",
                            "target": {
                                "@type": "EntryPoint",
                                "urlTemplate": "https:\/\/digesco.com\/es\/?s={search_term_string}"
                            },
                            "query-input": {
                                "@type": "PropertyValueSpecification",
                                "valueRequired": true,
                                "valueName": "search_term_string"
                            }
                        }
                    ],
                    "inLanguage": "ca"
                },
                {
                    "@type": "Person",
                    "@id": "https:\/\/digesco.com\/es\/#\/schema\/person\/77c24b7959ee8bf38c078c4c9cfd230a",
                    "name": "antonio",
                    "image": {
                        "@type": "ImageObject",
                        "inLanguage": "ca",
                        "@id": "https:\/\/digesco.com\/es\/#\/schema\/person\/image\/",
                        "url": "https:\/\/secure.gravatar.com\/avatar\/4a975ccc4ed7cba40825aef14a7464195a9371791d71c61abbe22f7854b4ef21?s=96&d=mm&r=g",
                        "contentUrl": "https:\/\/secure.gravatar.com\/avatar\/4a975ccc4ed7cba40825aef14a7464195a9371791d71c61abbe22f7854b4ef21?s=96&d=mm&r=g",
                        "caption": "antonio"
                    },
                    "url": "https:\/\/digesco.com\/ca\/author\/antonio\/"
                }
            ]
        }
    },
    "_links": {
        "self": [
            {
                "href": "https:\/\/digesco.com\/ca\/wp-json\/wp\/v2\/posts\/1019",
                "targetHints": {
                    "allow": [
                        "GET"
                    ]
                }
            }
        ],
        "collection": [
            {
                "href": "https:\/\/digesco.com\/ca\/wp-json\/wp\/v2\/posts"
            }
        ],
        "about": [
            {
                "href": "https:\/\/digesco.com\/ca\/wp-json\/wp\/v2\/types\/post"
            }
        ],
        "author": [
            {
                "embeddable": true,
                "href": "https:\/\/digesco.com\/ca\/wp-json\/wp\/v2\/users\/3"
            }
        ],
        "replies": [
            {
                "embeddable": true,
                "href": "https:\/\/digesco.com\/ca\/wp-json\/wp\/v2\/comments?post=1019"
            }
        ],
        "version-history": [
            {
                "count": 3,
                "href": "https:\/\/digesco.com\/ca\/wp-json\/wp\/v2\/posts\/1019\/revisions"
            }
        ],
        "predecessor-version": [
            {
                "id": 1051,
                "href": "https:\/\/digesco.com\/ca\/wp-json\/wp\/v2\/posts\/1019\/revisions\/1051"
            }
        ],
        "wp:featuredmedia": [
            {
                "embeddable": true,
                "href": "https:\/\/digesco.com\/ca\/wp-json\/wp\/v2\/media\/1021"
            }
        ],
        "wp:attachment": [
            {
                "href": "https:\/\/digesco.com\/ca\/wp-json\/wp\/v2\/media?parent=1019"
            }
        ],
        "wp:term": [
            {
                "taxonomy": "category",
                "embeddable": true,
                "href": "https:\/\/digesco.com\/ca\/wp-json\/wp\/v2\/categories?post=1019"
            },
            {
                "taxonomy": "post_tag",
                "embeddable": true,
                "href": "https:\/\/digesco.com\/ca\/wp-json\/wp\/v2\/tags?post=1019"
            }
        ],
        "curies": [
            {
                "name": "wp",
                "href": "https:\/\/api.w.org\/{rel}",
                "templated": true
            }
        ]
    }
}