{
    "id": 484,
    "date": "2023-10-17T16:32:33",
    "date_gmt": "2023-10-17T16:32:33",
    "guid": {
        "rendered": "https:\/\/digesco.com\/?page_id=484"
    },
    "modified": "2023-12-02T09:50:00",
    "modified_gmt": "2023-12-02T09:50:00",
    "slug": "declaracion-de-accesibilidad",
    "status": "publish",
    "type": "page",
    "link": "https:\/\/digesco.com\/ca\/declaracion-de-accesibilidad\/",
    "title": {
        "rendered": "Declaraci\u00f3n de accesibilidad"
    },
    "content": {
        "rendered": "<div data-elementor-type=\"wp-page\" data-elementor-id=\"484\" class=\"elementor elementor-484\" data-elementor-post-type=\"page\">\n\t\t\t\t\t\t<section class=\"elementor-section elementor-top-section elementor-element elementor-element-1e81ad17 elementor-section-boxed elementor-section-height-default elementor-section-height-default\" data-id=\"1e81ad17\" data-element_type=\"section\" data-e-type=\"section\" data-settings=\"{&quot;background_background&quot;:&quot;classic&quot;}\">\n\t\t\t\t\t\t\t<div class=\"elementor-background-overlay\"><\/div>\n\t\t\t\t\t\t\t<div class=\"elementor-container elementor-column-gap-default\">\n\t\t\t\t\t<div class=\"elementor-column elementor-col-100 elementor-top-column elementor-element elementor-element-16b8710e\" data-id=\"16b8710e\" data-element_type=\"column\" data-e-type=\"column\">\n\t\t\t<div class=\"elementor-widget-wrap elementor-element-populated\">\n\t\t\t\t\t\t<div class=\"elementor-element elementor-element-528030a8 elementor-invisible elementor-widget elementor-widget-heading\" data-id=\"528030a8\" data-element_type=\"widget\" data-e-type=\"widget\" data-settings=\"{&quot;_animation&quot;:&quot;fadeInUp&quot;}\" data-widget_type=\"heading.default\">\n\t\t\t\t<div class=\"elementor-widget-container\">\n\t\t\t\t\t<h1 class=\"elementor-heading-title elementor-size-default\">Declaraci\u00f3n de accesibilidad<\/h1>\t\t\t\t<\/div>\n\t\t\t\t<\/div>\n\t\t\t\t\t<\/div>\n\t\t<\/div>\n\t\t\t\t\t<\/div>\n\t\t<\/section>\n\t\t\t\t<section class=\"elementor-section elementor-top-section elementor-element elementor-element-5eb36b22 elementor-section-boxed elementor-section-height-default elementor-section-height-default\" data-id=\"5eb36b22\" data-element_type=\"section\" data-e-type=\"section\">\n\t\t\t\t\t\t<div class=\"elementor-container elementor-column-gap-default\">\n\t\t\t\t\t<div class=\"elementor-column elementor-col-100 elementor-top-column elementor-element elementor-element-20b07713\" data-id=\"20b07713\" data-element_type=\"column\" data-e-type=\"column\">\n\t\t\t<div class=\"elementor-widget-wrap elementor-element-populated\">\n\t\t\t\t\t\t<div class=\"elementor-element elementor-element-2acd935 elementor-widget elementor-widget-text-editor\" data-id=\"2acd935\" data-element_type=\"widget\" data-e-type=\"widget\" data-widget_type=\"text-editor.default\">\n\t\t\t\t<div class=\"elementor-widget-container\">\n\t\t\t\t\t\t\t\t\t<p>Gesti\u00f3 i Control d&#8217;Obres S.L s&#8217;ha comprom\u00e8s a fer accessible el seu lloc web, d&#8217;acord amb el Reial Decret 1112\/2018, de 7 de setembre, sobre accessibilitat dels llocs web i aplicacions per a dispositius m\u00f2bils del sector p\u00fablic.<\/p><p>La present declaraci\u00f3 d&#8217;accessibilitat s&#8217;aplica al lloc web\u00a0https:\/\/digesco.com<\/p><p>Situaci\u00f3 de compliment<\/p><p>Aquest lloc web est\u00e0 desenvolupat d&#8217;acord amb el\u00a0RD 1112\/2018<\/p><p>Preparaci\u00f3 per a la seg\u00fcent declaraci\u00f3 d&#8217;accessibilitat<\/p><p>La present declaraci\u00f3 va ser preparada el 2 de gener de 2023.<\/p><p>El m\u00e8tode emprat per preparar la declaraci\u00f3 ha estat una autoavaluaci\u00f3.<\/p><p>Observacions i dades de contacte<\/p><p>Pot realitzar comunicacions sobre requisits d&#8217;accessibilitat (article 10.2.a del RD 1112\/2018) com, per exemple:<\/p><p>Informar sobre qualsevol possible incompliment per part d&#8217;aquest lloc web<br \/>Transmetre altres dificultats d&#8217;acc\u00e9s al contingut<br \/>Formular qualsevol altra consulta o suggeriment de millora relativa a l&#8217;accessibilitat del lloc web<\/p><p>a trav\u00e9s del\u00a0formulari de contacte d&#8217;aquest lloc web o a trav\u00e9s del n\u00famero de tel\u00e8fon 657 819 823.<\/p><p>Pot presentar:<\/p><p>Reclamaci\u00f3 relativa al compliment dels requisits del RD 1112\/2018 o<br \/>Sol\u00b7licitud d&#8217;Informaci\u00f3 accessible relativa a:<br \/>Continguts que estan exclosos de l&#8217;\u00e0mbit d&#8217;aplicaci\u00f3 del RD 1112\/2018 segons l&#8217;establert per l&#8217;article 3, apartat 4<br \/>Continguts que estan exempts del compliment dels requisits d&#8217;accessibilitat per imposar una c\u00e0rrega desproporcionada<\/p><p>En la Sol\u00b7licitud d&#8217;informaci\u00f3 accessible, s&#8217;ha de concretar, amb tota claredat, els fets, raons i petici\u00f3 que permetin constatar que es tracta d&#8217;una sol\u00b7licitud raonable i leg\u00edtima.<\/p><p>Les queixes i reclamacions sobre informaci\u00f3 accessible es realitzaran a trav\u00e9s de la seu electr\u00f2nica (https:\/\/sede.red.gob.es\/procedimientos\/quejas-y-sugerencias), i seran rebudes i tractades per l&#8217;\u00e0rea de Sistemes de la Informaci\u00f3 de Red.es.<\/p><p>Contingut opcional<\/p><p>Si desitja canviar la mida de la lletra del text en els principals navegadors gr\u00e0fics, utilitzi els seg\u00fcents men\u00fas:<\/p><p>Internet Explorer, Mozilla i Firefox: Veure &gt; Mida del text<br \/>Opera: Veure &gt; Zoom<br \/>Safari: Veure &gt; Fer el text m\u00e9s gran<br \/>Chrome: Controla la p\u00e0gina actual &gt; Mida del text<br \/>Per modificar la mida de tot en la p\u00e0gina:<br \/>Ctrl + + per augmentar-ho<br \/>Ctrl + &#8211; per disminuir-ho<br \/>Ctrl + 0 restaura la mida original del text<br \/>Si el que vol \u00e9s anul\u00b7lar la fulla d&#8217;estils o modificar el color del text, pot consultar la p\u00e0gina\u00a0How to Change Text Size or Colors de la WAI, que es pot llegir tradu\u00efda a l&#8217;espanyol en \u00bfC\u00f3mo cambiar el tama\u00f1o del texto o colores?<\/p>\t\t\t\t\t\t\t\t<\/div>\n\t\t\t\t<\/div>\n\t\t\t\t\t<\/div>\n\t\t<\/div>\n\t\t\t\t\t<\/div>\n\t\t<\/section>\n\t\t\t\t<\/div>",
        "protected": false
    },
    "excerpt": {
        "rendered": "<p>Gesti\u00f3 i Control d&#8217;Obres S.L s&#8217;ha comprom\u00e8s a fer accessible el seu lloc web, d&#8217;acord amb el Reial Decret 1112\/2018, de 7 de setembre, sobre accessibilitat dels llocs web i aplicacions per a dispositius m\u00f2bils del sector p\u00fablic. La present declaraci\u00f3 d&#8217;accessibilitat s&#8217;aplica al lloc web\u00a0https:\/\/digesco.com Situaci\u00f3 de compliment Aquest lloc web est\u00e0 desenvolupat d&#8217;acord&hellip;&nbsp;<a href=\"https:\/\/digesco.com\/ca\/declaracion-de-accesibilidad\/\" rel=\"bookmark\"><span class=\"screen-reader-text\">Declaraci\u00f3n de accesibilidad<\/span><\/a><\/p>",
        "protected": false
    },
    "author": 2,
    "featured_media": 0,
    "parent": 0,
    "menu_order": 0,
    "comment_status": "closed",
    "ping_status": "closed",
    "template": "page-templates\/template-pagebuilder-full-width.php",
    "meta": {
        "neve_meta_sidebar": "",
        "neve_meta_container": "",
        "neve_meta_enable_content_width": "off",
        "neve_meta_content_width": 100,
        "neve_meta_title_alignment": "",
        "neve_meta_author_avatar": "",
        "neve_post_elements_order": "",
        "neve_meta_disable_header": "",
        "neve_meta_disable_footer": "",
        "neve_meta_disable_title": "",
        "_joinchat": [],
        "footnotes": ""
    },
    "class_list": [
        "post-484",
        "page",
        "type-page",
        "status-publish",
        "hentry"
    ],
    "yoast_head": "<!-- This site is optimized with the Yoast SEO plugin v26.9 - https:\/\/yoast.com\/product\/yoast-seo-wordpress\/ -->\n<title>Declaraci\u00f3n de accesibilidad - Digesco | Empresa de Reformas<\/title>\n<meta name=\"robots\" content=\"index, follow, max-snippet:-1, max-image-preview:large, max-video-preview:-1\" \/>\n<link rel=\"canonical\" href=\"https:\/\/digesco.com\/ca\/declaracion-de-accesibilidad\/\" \/>\n<meta property=\"og:locale\" content=\"ca_ES\" \/>\n<meta property=\"og:type\" content=\"article\" \/>\n<meta property=\"og:title\" content=\"Declaraci\u00f3n de accesibilidad - Digesco | Empresa de Reformas\" \/>\n<meta property=\"og:description\" content=\"Gesti\u00f3 i Control d&#8217;Obres S.L s&#8217;ha comprom\u00e8s a fer accessible el seu lloc web, d&#8217;acord amb el Reial Decret 1112\/2018, de 7 de setembre, sobre accessibilitat dels llocs web i aplicacions per a dispositius m\u00f2bils del sector p\u00fablic. La present declaraci\u00f3 d&#8217;accessibilitat s&#8217;aplica al lloc web\u00a0https:\/\/digesco.com Situaci\u00f3 de compliment Aquest lloc web est\u00e0 desenvolupat d&#8217;acord&hellip;&nbsp;Declaraci\u00f3n de accesibilidad\" \/>\n<meta property=\"og:url\" content=\"https:\/\/digesco.com\/ca\/declaracion-de-accesibilidad\/\" \/>\n<meta property=\"og:site_name\" content=\"Digesco | Empresa de Reformas\" \/>\n<meta property=\"article:modified_time\" content=\"2023-12-02T09:50:00+00:00\" \/>\n<meta name=\"twitter:card\" content=\"summary_large_image\" \/>\n<meta name=\"twitter:label1\" content=\"Temps estimat de lectura\" \/>\n\t<meta name=\"twitter:data1\" content=\"2 minuts\" \/>\n<script type=\"application\/ld+json\" class=\"yoast-schema-graph\">{\"@context\":\"https:\/\/schema.org\",\"@graph\":[{\"@type\":\"WebPage\",\"@id\":\"https:\/\/digesco.com\/declaracion-de-accesibilidad\/\",\"url\":\"https:\/\/digesco.com\/declaracion-de-accesibilidad\/\",\"name\":\"Declaraci\u00f3n de accesibilidad - Digesco | Empresa de Reformas\",\"isPartOf\":{\"@id\":\"https:\/\/digesco.com\/es\/#website\"},\"datePublished\":\"2023-10-17T16:32:33+00:00\",\"dateModified\":\"2023-12-02T09:50:00+00:00\",\"breadcrumb\":{\"@id\":\"https:\/\/digesco.com\/declaracion-de-accesibilidad\/#breadcrumb\"},\"inLanguage\":\"ca\",\"potentialAction\":[{\"@type\":\"ReadAction\",\"target\":[\"https:\/\/digesco.com\/declaracion-de-accesibilidad\/\"]}]},{\"@type\":\"BreadcrumbList\",\"@id\":\"https:\/\/digesco.com\/declaracion-de-accesibilidad\/#breadcrumb\",\"itemListElement\":[{\"@type\":\"ListItem\",\"position\":1,\"name\":\"Portada\",\"item\":\"https:\/\/digesco.com\/es\/\"},{\"@type\":\"ListItem\",\"position\":2,\"name\":\"Declaraci\u00f3n de accesibilidad\"}]},{\"@type\":\"WebSite\",\"@id\":\"https:\/\/digesco.com\/es\/#website\",\"url\":\"https:\/\/digesco.com\/es\/\",\"name\":\"Digesco | Empresa de Reformas\",\"description\":\"Empresa especializada y dedicada al mundo de la construcci\u00f3n, con trabajos tanto en el \u00e1mbito p\u00fablico como privado. En digesco ofrecemos un servicio integral para la construcci\u00f3n\",\"potentialAction\":[{\"@type\":\"SearchAction\",\"target\":{\"@type\":\"EntryPoint\",\"urlTemplate\":\"https:\/\/digesco.com\/es\/?s={search_term_string}\"},\"query-input\":{\"@type\":\"PropertyValueSpecification\",\"valueRequired\":true,\"valueName\":\"search_term_string\"}}],\"inLanguage\":\"ca\"}]}<\/script>\n<!-- \/ Yoast SEO plugin. -->",
    "yoast_head_json": {
        "title": "Declaraci\u00f3n de accesibilidad - Digesco | Empresa de Reformas",
        "robots": {
            "index": "index",
            "follow": "follow",
            "max-snippet": "max-snippet:-1",
            "max-image-preview": "max-image-preview:large",
            "max-video-preview": "max-video-preview:-1"
        },
        "canonical": "https:\/\/digesco.com\/ca\/declaracion-de-accesibilidad\/",
        "og_locale": "ca_ES",
        "og_type": "article",
        "og_title": "Declaraci\u00f3n de accesibilidad - Digesco | Empresa de Reformas",
        "og_description": "Gesti\u00f3 i Control d&#8217;Obres S.L s&#8217;ha comprom\u00e8s a fer accessible el seu lloc web, d&#8217;acord amb el Reial Decret 1112\/2018, de 7 de setembre, sobre accessibilitat dels llocs web i aplicacions per a dispositius m\u00f2bils del sector p\u00fablic. La present declaraci\u00f3 d&#8217;accessibilitat s&#8217;aplica al lloc web\u00a0https:\/\/digesco.com Situaci\u00f3 de compliment Aquest lloc web est\u00e0 desenvolupat d&#8217;acord&hellip;&nbsp;Declaraci\u00f3n de accesibilidad",
        "og_url": "https:\/\/digesco.com\/ca\/declaracion-de-accesibilidad\/",
        "og_site_name": "Digesco | Empresa de Reformas",
        "article_modified_time": "2023-12-02T09:50:00+00:00",
        "twitter_card": "summary_large_image",
        "twitter_misc": {
            "Temps estimat de lectura": "2 minuts"
        },
        "schema": {
            "@context": "https:\/\/schema.org",
            "@graph": [
                {
                    "@type": "WebPage",
                    "@id": "https:\/\/digesco.com\/declaracion-de-accesibilidad\/",
                    "url": "https:\/\/digesco.com\/declaracion-de-accesibilidad\/",
                    "name": "Declaraci\u00f3n de accesibilidad - Digesco | Empresa de Reformas",
                    "isPartOf": {
                        "@id": "https:\/\/digesco.com\/es\/#website"
                    },
                    "datePublished": "2023-10-17T16:32:33+00:00",
                    "dateModified": "2023-12-02T09:50:00+00:00",
                    "breadcrumb": {
                        "@id": "https:\/\/digesco.com\/declaracion-de-accesibilidad\/#breadcrumb"
                    },
                    "inLanguage": "ca",
                    "potentialAction": [
                        {
                            "@type": "ReadAction",
                            "target": [
                                "https:\/\/digesco.com\/declaracion-de-accesibilidad\/"
                            ]
                        }
                    ]
                },
                {
                    "@type": "BreadcrumbList",
                    "@id": "https:\/\/digesco.com\/declaracion-de-accesibilidad\/#breadcrumb",
                    "itemListElement": [
                        {
                            "@type": "ListItem",
                            "position": 1,
                            "name": "Portada",
                            "item": "https:\/\/digesco.com\/es\/"
                        },
                        {
                            "@type": "ListItem",
                            "position": 2,
                            "name": "Declaraci\u00f3n de accesibilidad"
                        }
                    ]
                },
                {
                    "@type": "WebSite",
                    "@id": "https:\/\/digesco.com\/es\/#website",
                    "url": "https:\/\/digesco.com\/es\/",
                    "name": "Digesco | Empresa de Reformas",
                    "description": "Empresa especializada y dedicada al mundo de la construcci\u00f3n, con trabajos tanto en el \u00e1mbito p\u00fablico como privado. En digesco ofrecemos un servicio integral para la construcci\u00f3n",
                    "potentialAction": [
                        {
                            "@type": "SearchAction",
                            "target": {
                                "@type": "EntryPoint",
                                "urlTemplate": "https:\/\/digesco.com\/es\/?s={search_term_string}"
                            },
                            "query-input": {
                                "@type": "PropertyValueSpecification",
                                "valueRequired": true,
                                "valueName": "search_term_string"
                            }
                        }
                    ],
                    "inLanguage": "ca"
                }
            ]
        }
    },
    "_links": {
        "self": [
            {
                "href": "https:\/\/digesco.com\/ca\/wp-json\/wp\/v2\/pages\/484",
                "targetHints": {
                    "allow": [
                        "GET"
                    ]
                }
            }
        ],
        "collection": [
            {
                "href": "https:\/\/digesco.com\/ca\/wp-json\/wp\/v2\/pages"
            }
        ],
        "about": [
            {
                "href": "https:\/\/digesco.com\/ca\/wp-json\/wp\/v2\/types\/page"
            }
        ],
        "author": [
            {
                "embeddable": true,
                "href": "https:\/\/digesco.com\/ca\/wp-json\/wp\/v2\/users\/2"
            }
        ],
        "replies": [
            {
                "embeddable": true,
                "href": "https:\/\/digesco.com\/ca\/wp-json\/wp\/v2\/comments?post=484"
            }
        ],
        "version-history": [
            {
                "count": 12,
                "href": "https:\/\/digesco.com\/ca\/wp-json\/wp\/v2\/pages\/484\/revisions"
            }
        ],
        "predecessor-version": [
            {
                "id": 877,
                "href": "https:\/\/digesco.com\/ca\/wp-json\/wp\/v2\/pages\/484\/revisions\/877"
            }
        ],
        "wp:attachment": [
            {
                "href": "https:\/\/digesco.com\/ca\/wp-json\/wp\/v2\/media?parent=484"
            }
        ],
        "curies": [
            {
                "name": "wp",
                "href": "https:\/\/api.w.org\/{rel}",
                "templated": true
            }
        ]
    }
}