{
    "id": 479,
    "date": "2023-10-17T16:30:19",
    "date_gmt": "2023-10-17T16:30:19",
    "guid": {
        "rendered": "https:\/\/digesco.com\/?page_id=479"
    },
    "modified": "2023-12-02T09:52:10",
    "modified_gmt": "2023-12-02T09:52:10",
    "slug": "politica-de-proteccion-de-datos",
    "status": "publish",
    "type": "page",
    "link": "https:\/\/digesco.com\/ca\/politica-de-proteccion-de-datos\/",
    "title": {
        "rendered": "Pol\u00edtica de protecci\u00f3n de datos"
    },
    "content": {
        "rendered": "<div data-elementor-type=\"wp-page\" data-elementor-id=\"479\" class=\"elementor elementor-479\" data-elementor-post-type=\"page\">\n\t\t\t\t\t\t<section class=\"elementor-section elementor-top-section elementor-element elementor-element-1e81ad17 elementor-section-boxed elementor-section-height-default elementor-section-height-default\" data-id=\"1e81ad17\" data-element_type=\"section\" data-e-type=\"section\" data-settings=\"{&quot;background_background&quot;:&quot;classic&quot;}\">\n\t\t\t\t\t\t\t<div class=\"elementor-background-overlay\"><\/div>\n\t\t\t\t\t\t\t<div class=\"elementor-container elementor-column-gap-default\">\n\t\t\t\t\t<div class=\"elementor-column elementor-col-100 elementor-top-column elementor-element elementor-element-16b8710e\" data-id=\"16b8710e\" data-element_type=\"column\" data-e-type=\"column\">\n\t\t\t<div class=\"elementor-widget-wrap elementor-element-populated\">\n\t\t\t\t\t\t<div class=\"elementor-element elementor-element-528030a8 elementor-invisible elementor-widget elementor-widget-heading\" data-id=\"528030a8\" data-element_type=\"widget\" data-e-type=\"widget\" data-settings=\"{&quot;_animation&quot;:&quot;fadeInUp&quot;}\" data-widget_type=\"heading.default\">\n\t\t\t\t<div class=\"elementor-widget-container\">\n\t\t\t\t\t<h1 class=\"elementor-heading-title elementor-size-default\">Pol\u00edtica de protecci\u00f3n de datos<\/h1>\t\t\t\t<\/div>\n\t\t\t\t<\/div>\n\t\t\t\t\t<\/div>\n\t\t<\/div>\n\t\t\t\t\t<\/div>\n\t\t<\/section>\n\t\t\t\t<section class=\"elementor-section elementor-top-section elementor-element elementor-element-5eb36b22 elementor-section-boxed elementor-section-height-default elementor-section-height-default\" data-id=\"5eb36b22\" data-element_type=\"section\" data-e-type=\"section\">\n\t\t\t\t\t\t<div class=\"elementor-container elementor-column-gap-default\">\n\t\t\t\t\t<div class=\"elementor-column elementor-col-100 elementor-top-column elementor-element elementor-element-20b07713\" data-id=\"20b07713\" data-element_type=\"column\" data-e-type=\"column\">\n\t\t\t<div class=\"elementor-widget-wrap elementor-element-populated\">\n\t\t\t\t\t\t<div class=\"elementor-element elementor-element-2acd935 elementor-widget elementor-widget-text-editor\" data-id=\"2acd935\" data-element_type=\"widget\" data-e-type=\"widget\" data-widget_type=\"text-editor.default\">\n\t\t\t\t<div class=\"elementor-widget-container\">\n\t\t\t\t\t\t\t\t\t<p>L&#8217;ACTUALITZACI\u00d3 es compromet a protegir la privadesa dels usuaris que accedeixin a aquest lloc web i\/o a qualsevol dels seus serveis. La utilitzaci\u00f3 del lloc web i\/o de qualsevol dels serveis oferts per L&#8217;ACTUALITZACI\u00d3 implica l&#8217;acceptaci\u00f3 per part de l&#8217;usuari de les disposicions contingudes en la present Pol\u00edtica de Privadesa i que les seves dades personals siguin tractades segons s&#8217;estipula en ella. Tingui en compte que, tot i que pugui haver-hi enlla\u00e7os des del nostre lloc web a altres llocs web o xarxes socials, aquesta Pol\u00edtica de Privadesa no s&#8217;aplica als llocs web d&#8217;altres companyies o organitzacions als quals el lloc web estigui redirigit. L&#8217;ACTUALITZACI\u00d3 no controla el contingut dels llocs web de tercers, ni accepta cap responsabilitat pel contingut o les pol\u00edtiques de privadesa d&#8217;aquests llocs.<\/p><p>Informaci\u00f3 b\u00e0sica sobre el tractament de dades (Reglament (UE) 2016\/679 i LO 3\/2018)<\/p><p>Responsable del tractament L&#8217;ACTUALITZACI\u00d3. Les nostres dades figuren a l&#8217;av\u00eds legal d&#8217;aquest lloc web. Finalitat del tractament Oferir i gestionar els nostres productes i\/o serveis. Legitimaci\u00f3 Consentiment obtingut de l&#8217;interessat. Execuci\u00f3 del contracte de serveis. Destinataris Les dades no es comunicaran a tercers, llevat que ho exigeixi una llei o sigui necessari per complir amb la finalitat del tractament. Drets de les persones Els interessats tenen dret a exercir els drets d&#8217;acc\u00e9s, rectificaci\u00f3, limitaci\u00f3 de tractament, supressi\u00f3, portabilitat i oposici\u00f3, enviant la seva sol\u00b7licitud a la nostra adre\u00e7a. Termini de conservaci\u00f3 de les dades Mentre es mantingui la relaci\u00f3 comercial o durant els anys necessaris per complir amb les obligacions legals. Reclamaci\u00f3 Els interessats poden dirigir-se a l&#8217;AEPD per presentar la reclamaci\u00f3 que considerin oportuna. Informaci\u00f3 addicional Pot consultar la informaci\u00f3 addicional i detallada a continuaci\u00f3 a les &#8220;Preguntes sobre privadesa&#8221;.<\/p><p>Preguntes sobre privadesa<\/p><p>En compliment del Reglament (UE) 2016\/679 del Parlament Europeu i del Consell, de 27 d&#8217;abril de 2016, (RGPD), i la Llei Org\u00e0nica 3\/2018, de 5 de desembre, de Protecci\u00f3 de Dades Personals i garantia dels drets digitals (LOPDGDD us oferim la seg\u00fcent informaci\u00f3 sobre el tractament de les vostres dades personals:<\/p><p>Qui \u00e9s el responsable del tractament de les vostres dades? L&#8217;ACTUALITZACI\u00d3. Les nostres dades figuren a l&#8217;av\u00eds legal d&#8217;aquest lloc web.<\/p><p>Amb quina finalitat tractem les vostres dades personals? Tractem la informaci\u00f3 que se&#8217;ns facilita per prestar i facturar els nostres serveis i productes. Si ens doneu el vostre consentiment tamb\u00e9 podrem tractar les vostres dades per enviar-vos informaci\u00f3 sobre les nostres activitats, serveis i productes. Si participeu en algun dels nostres sortejos i\/o concursos, publicarem el vostre nom i cognoms, i la vostra imatge, als diferents espais i mitjans de comunicaci\u00f3 i difusi\u00f3 que utilitzem, incloses les xarxes socials, amb la finalitat de promoure les nostres activitats, serveis i productes.<\/p><p>Durant quant de temps conservarem les vostres dades? Les dades personals proporcionades es conservaran mentre sigueu usuaris dels nostres serveis o vulgueu rebre informaci\u00f3, i si participeu en una promoci\u00f3, mentre estigui activa, i despr\u00e9s, durant els terminis establerts per complir amb les nostres obligacions legals.<\/p><p>Quina \u00e9s la legitimaci\u00f3 per al tractament de les vostres dades? La base legal per als tractaments de les vostres dades s\u00f3n els consents que ens doneu. Pel que fa a la informaci\u00f3 que ens envi\u00efn menors de 16 anys, s&#8217;entendr\u00e0 que ho ha estat amb el consentiment dels seus representants legals. Si no \u00e9s aix\u00ed, el representant legal del menor ens ho ha de comunicar tan aviat com tingui coneixement.<\/p><p>A quins destinataris se comunicaran les vostres dades? Les dades no es comunicaran a tercers, llevat que ho exigeixi una llei o sigui necessari per complir amb la finalitat del tractament.<\/p><p>Quins s\u00f3n els vostres drets quan ens faciliteu les vostres dades? Qualsevol persona t\u00e9 dret a obtenir confirmaci\u00f3 de si estem tractant o no les seves dades personals. Els interessats tenen dret a accedir a les seves dades personals, aix\u00ed com a sol\u00b7licitar la rectificaci\u00f3 de les dades inexactes o, si escau, la seva supressi\u00f3 quan, entre d&#8217;altres motius, les dades ja no siguin necess\u00e0ries per a les finalitats per a les quals es van recollir. En determinades circumst\u00e0ncies, els interessats podran sol\u00b7licitar la limitaci\u00f3 del tractament de les seves dades, en aquest cas, \u00fanicament les conservarem per a l&#8217;exercici o la defensa de reclamacions. Tamb\u00e9, en determinades circumst\u00e0ncies i per motius relacionats amb la seva situaci\u00f3 particular, els interessats poden oposar-se al tractament de les seves dades. Els interessats tamb\u00e9 tenen dret a la portabilitat de les seves dades. Finalment, els interessats tenen dret a presentar una reclamaci\u00f3 davant l&#8217;Autoritat de Control competent.<\/p><p>Com podeu exercir els vostres drets? Enviant un escrit adjuntant una c\u00f2pia d&#8217;un document que us identifiqui, a la nostra adre\u00e7a f\u00edsica o electr\u00f2nica.<\/p><p>Com hem obtingut les vostres dades? Les dades personals que tractem procedeixen del propi interessat. L&#8217;interessat garanteix que les dades personals facilitades s\u00f3n certes i es fa responsable de comunicar qualsevol modificaci\u00f3 d&#8217;aquestes. Les dades que estiguin marcades amb un asterisc seran obligat\u00f2ries per poder donar-vos el servei sol\u00b7licitat.<\/p><p>Quines dades tractem? Les categories de dades que podem tractar en la prestaci\u00f3 dels nostres serveis s\u00f3n: Dades de car\u00e0cter identificatiu Adreces postals o electr\u00f2niques Altres dades sol\u00b7licitades als nostres formularis Les dades s\u00f3n limitades, ja que \u00fanicament tractem les dades necess\u00e0ries per a la prestaci\u00f3 dels nostres serveis i la gesti\u00f3 de la nostra activitat.<\/p><p>Utilitzem cookies? Utilitzem cookies durant la navegaci\u00f3 al nostre lloc web amb el consentiment informat de l&#8217;usuari. L&#8217;usuari pot configurar el seu navegador per ser avisat de l&#8217;\u00fas de cookies i per evitar-ne l&#8217;\u00fas. Per obtenir m\u00e9s informaci\u00f3, visiteu la nostra pol\u00edtica de cookies.<\/p><p>Quines mesures de seguretat apliquem? Apliquem les mesures de seguretat establertes a l&#8217;article 32 del RGPD, per tant, hem adoptat les mesures de seguretat necess\u00e0ries per garantir un nivell de seguretat adequat al risc del tractament de dades que realitzem, amb mecanismes que ens permeten garantir la confidencialitat, integritat, disponibilitat i resili\u00e8ncia permanent dels sistemes i serveis de tractament. Algunes d&#8217;aquestes mesures s\u00f3n: Informaci\u00f3 de les pol\u00edtiques de tractament de dades al personal. Realitzaci\u00f3 de c\u00f2pies de seguretat peri\u00f2diques. Control d&#8217;acc\u00e9s a les dades. Processos de verificaci\u00f3, avaluaci\u00f3 i valoraci\u00f3 regulars.<\/p>\t\t\t\t\t\t\t\t<\/div>\n\t\t\t\t<\/div>\n\t\t\t\t\t<\/div>\n\t\t<\/div>\n\t\t\t\t\t<\/div>\n\t\t<\/section>\n\t\t\t\t<\/div>",
        "protected": false
    },
    "excerpt": {
        "rendered": "<p>L&#8217;ACTUALITZACI\u00d3 es compromet a protegir la privadesa dels usuaris que accedeixin a aquest lloc web i\/o a qualsevol dels seus serveis. La utilitzaci\u00f3 del lloc web i\/o de qualsevol dels serveis oferts per L&#8217;ACTUALITZACI\u00d3 implica l&#8217;acceptaci\u00f3 per part de l&#8217;usuari de les disposicions contingudes en la present Pol\u00edtica de Privadesa i que les seves dades&hellip;&nbsp;<a href=\"https:\/\/digesco.com\/ca\/politica-de-proteccion-de-datos\/\" rel=\"bookmark\"><span class=\"screen-reader-text\">Pol\u00edtica de protecci\u00f3n de datos<\/span><\/a><\/p>",
        "protected": false
    },
    "author": 2,
    "featured_media": 0,
    "parent": 0,
    "menu_order": 0,
    "comment_status": "closed",
    "ping_status": "closed",
    "template": "page-templates\/template-pagebuilder-full-width.php",
    "meta": {
        "neve_meta_sidebar": "",
        "neve_meta_container": "",
        "neve_meta_enable_content_width": "off",
        "neve_meta_content_width": 100,
        "neve_meta_title_alignment": "",
        "neve_meta_author_avatar": "",
        "neve_post_elements_order": "",
        "neve_meta_disable_header": "",
        "neve_meta_disable_footer": "",
        "neve_meta_disable_title": "",
        "_joinchat": [],
        "footnotes": ""
    },
    "class_list": [
        "post-479",
        "page",
        "type-page",
        "status-publish",
        "hentry"
    ],
    "yoast_head": "<!-- This site is optimized with the Yoast SEO plugin v26.9 - https:\/\/yoast.com\/product\/yoast-seo-wordpress\/ -->\n<title>Pol\u00edtica de protecci\u00f3n de datos - Digesco | Empresa de Reformas<\/title>\n<meta name=\"robots\" content=\"index, follow, max-snippet:-1, max-image-preview:large, max-video-preview:-1\" \/>\n<link rel=\"canonical\" href=\"https:\/\/digesco.com\/ca\/politica-de-proteccion-de-datos\/\" \/>\n<meta property=\"og:locale\" content=\"ca_ES\" \/>\n<meta property=\"og:type\" content=\"article\" \/>\n<meta property=\"og:title\" content=\"Pol\u00edtica de protecci\u00f3n de datos - Digesco | Empresa de Reformas\" \/>\n<meta property=\"og:description\" content=\"L&#8217;ACTUALITZACI\u00d3 es compromet a protegir la privadesa dels usuaris que accedeixin a aquest lloc web i\/o a qualsevol dels seus serveis. La utilitzaci\u00f3 del lloc web i\/o de qualsevol dels serveis oferts per L&#8217;ACTUALITZACI\u00d3 implica l&#8217;acceptaci\u00f3 per part de l&#8217;usuari de les disposicions contingudes en la present Pol\u00edtica de Privadesa i que les seves dades&hellip;&nbsp;Pol\u00edtica de protecci\u00f3n de datos\" \/>\n<meta property=\"og:url\" content=\"https:\/\/digesco.com\/ca\/politica-de-proteccion-de-datos\/\" \/>\n<meta property=\"og:site_name\" content=\"Digesco | Empresa de Reformas\" \/>\n<meta property=\"article:modified_time\" content=\"2023-12-02T09:52:10+00:00\" \/>\n<meta name=\"twitter:card\" content=\"summary_large_image\" \/>\n<meta name=\"twitter:label1\" content=\"Temps estimat de lectura\" \/>\n\t<meta name=\"twitter:data1\" content=\"5 minuts\" \/>\n<script type=\"application\/ld+json\" class=\"yoast-schema-graph\">{\"@context\":\"https:\/\/schema.org\",\"@graph\":[{\"@type\":\"WebPage\",\"@id\":\"https:\/\/digesco.com\/politica-de-proteccion-de-datos\/\",\"url\":\"https:\/\/digesco.com\/politica-de-proteccion-de-datos\/\",\"name\":\"Pol\u00edtica de protecci\u00f3n de datos - Digesco | Empresa de Reformas\",\"isPartOf\":{\"@id\":\"https:\/\/digesco.com\/es\/#website\"},\"datePublished\":\"2023-10-17T16:30:19+00:00\",\"dateModified\":\"2023-12-02T09:52:10+00:00\",\"breadcrumb\":{\"@id\":\"https:\/\/digesco.com\/politica-de-proteccion-de-datos\/#breadcrumb\"},\"inLanguage\":\"ca\",\"potentialAction\":[{\"@type\":\"ReadAction\",\"target\":[\"https:\/\/digesco.com\/politica-de-proteccion-de-datos\/\"]}]},{\"@type\":\"BreadcrumbList\",\"@id\":\"https:\/\/digesco.com\/politica-de-proteccion-de-datos\/#breadcrumb\",\"itemListElement\":[{\"@type\":\"ListItem\",\"position\":1,\"name\":\"Portada\",\"item\":\"https:\/\/digesco.com\/es\/\"},{\"@type\":\"ListItem\",\"position\":2,\"name\":\"Pol\u00edtica de protecci\u00f3n de datos\"}]},{\"@type\":\"WebSite\",\"@id\":\"https:\/\/digesco.com\/es\/#website\",\"url\":\"https:\/\/digesco.com\/es\/\",\"name\":\"Digesco | Empresa de Reformas\",\"description\":\"Empresa especializada y dedicada al mundo de la construcci\u00f3n, con trabajos tanto en el \u00e1mbito p\u00fablico como privado. En digesco ofrecemos un servicio integral para la construcci\u00f3n\",\"potentialAction\":[{\"@type\":\"SearchAction\",\"target\":{\"@type\":\"EntryPoint\",\"urlTemplate\":\"https:\/\/digesco.com\/es\/?s={search_term_string}\"},\"query-input\":{\"@type\":\"PropertyValueSpecification\",\"valueRequired\":true,\"valueName\":\"search_term_string\"}}],\"inLanguage\":\"ca\"}]}<\/script>\n<!-- \/ Yoast SEO plugin. -->",
    "yoast_head_json": {
        "title": "Pol\u00edtica de protecci\u00f3n de datos - Digesco | Empresa de Reformas",
        "robots": {
            "index": "index",
            "follow": "follow",
            "max-snippet": "max-snippet:-1",
            "max-image-preview": "max-image-preview:large",
            "max-video-preview": "max-video-preview:-1"
        },
        "canonical": "https:\/\/digesco.com\/ca\/politica-de-proteccion-de-datos\/",
        "og_locale": "ca_ES",
        "og_type": "article",
        "og_title": "Pol\u00edtica de protecci\u00f3n de datos - Digesco | Empresa de Reformas",
        "og_description": "L&#8217;ACTUALITZACI\u00d3 es compromet a protegir la privadesa dels usuaris que accedeixin a aquest lloc web i\/o a qualsevol dels seus serveis. La utilitzaci\u00f3 del lloc web i\/o de qualsevol dels serveis oferts per L&#8217;ACTUALITZACI\u00d3 implica l&#8217;acceptaci\u00f3 per part de l&#8217;usuari de les disposicions contingudes en la present Pol\u00edtica de Privadesa i que les seves dades&hellip;&nbsp;Pol\u00edtica de protecci\u00f3n de datos",
        "og_url": "https:\/\/digesco.com\/ca\/politica-de-proteccion-de-datos\/",
        "og_site_name": "Digesco | Empresa de Reformas",
        "article_modified_time": "2023-12-02T09:52:10+00:00",
        "twitter_card": "summary_large_image",
        "twitter_misc": {
            "Temps estimat de lectura": "5 minuts"
        },
        "schema": {
            "@context": "https:\/\/schema.org",
            "@graph": [
                {
                    "@type": "WebPage",
                    "@id": "https:\/\/digesco.com\/politica-de-proteccion-de-datos\/",
                    "url": "https:\/\/digesco.com\/politica-de-proteccion-de-datos\/",
                    "name": "Pol\u00edtica de protecci\u00f3n de datos - Digesco | Empresa de Reformas",
                    "isPartOf": {
                        "@id": "https:\/\/digesco.com\/es\/#website"
                    },
                    "datePublished": "2023-10-17T16:30:19+00:00",
                    "dateModified": "2023-12-02T09:52:10+00:00",
                    "breadcrumb": {
                        "@id": "https:\/\/digesco.com\/politica-de-proteccion-de-datos\/#breadcrumb"
                    },
                    "inLanguage": "ca",
                    "potentialAction": [
                        {
                            "@type": "ReadAction",
                            "target": [
                                "https:\/\/digesco.com\/politica-de-proteccion-de-datos\/"
                            ]
                        }
                    ]
                },
                {
                    "@type": "BreadcrumbList",
                    "@id": "https:\/\/digesco.com\/politica-de-proteccion-de-datos\/#breadcrumb",
                    "itemListElement": [
                        {
                            "@type": "ListItem",
                            "position": 1,
                            "name": "Portada",
                            "item": "https:\/\/digesco.com\/es\/"
                        },
                        {
                            "@type": "ListItem",
                            "position": 2,
                            "name": "Pol\u00edtica de protecci\u00f3n de datos"
                        }
                    ]
                },
                {
                    "@type": "WebSite",
                    "@id": "https:\/\/digesco.com\/es\/#website",
                    "url": "https:\/\/digesco.com\/es\/",
                    "name": "Digesco | Empresa de Reformas",
                    "description": "Empresa especializada y dedicada al mundo de la construcci\u00f3n, con trabajos tanto en el \u00e1mbito p\u00fablico como privado. En digesco ofrecemos un servicio integral para la construcci\u00f3n",
                    "potentialAction": [
                        {
                            "@type": "SearchAction",
                            "target": {
                                "@type": "EntryPoint",
                                "urlTemplate": "https:\/\/digesco.com\/es\/?s={search_term_string}"
                            },
                            "query-input": {
                                "@type": "PropertyValueSpecification",
                                "valueRequired": true,
                                "valueName": "search_term_string"
                            }
                        }
                    ],
                    "inLanguage": "ca"
                }
            ]
        }
    },
    "_links": {
        "self": [
            {
                "href": "https:\/\/digesco.com\/ca\/wp-json\/wp\/v2\/pages\/479",
                "targetHints": {
                    "allow": [
                        "GET"
                    ]
                }
            }
        ],
        "collection": [
            {
                "href": "https:\/\/digesco.com\/ca\/wp-json\/wp\/v2\/pages"
            }
        ],
        "about": [
            {
                "href": "https:\/\/digesco.com\/ca\/wp-json\/wp\/v2\/types\/page"
            }
        ],
        "author": [
            {
                "embeddable": true,
                "href": "https:\/\/digesco.com\/ca\/wp-json\/wp\/v2\/users\/2"
            }
        ],
        "replies": [
            {
                "embeddable": true,
                "href": "https:\/\/digesco.com\/ca\/wp-json\/wp\/v2\/comments?post=479"
            }
        ],
        "version-history": [
            {
                "count": 12,
                "href": "https:\/\/digesco.com\/ca\/wp-json\/wp\/v2\/pages\/479\/revisions"
            }
        ],
        "predecessor-version": [
            {
                "id": 886,
                "href": "https:\/\/digesco.com\/ca\/wp-json\/wp\/v2\/pages\/479\/revisions\/886"
            }
        ],
        "wp:attachment": [
            {
                "href": "https:\/\/digesco.com\/ca\/wp-json\/wp\/v2\/media?parent=479"
            }
        ],
        "curies": [
            {
                "name": "wp",
                "href": "https:\/\/api.w.org\/{rel}",
                "templated": true
            }
        ]
    }
}